{"id":50881,"date":"2026-04-29T02:54:10","date_gmt":"2026-04-29T02:54:10","guid":{"rendered":"https:\/\/canalshowsport.com.ar\/?p=49421"},"modified":"2026-04-29T02:54:10","modified_gmt":"2026-04-29T02:54:10","slug":"boca-jugo-medio-partido-con-uno-menos-y-cayo-sobre-el-final-en-brasil","status":"publish","type":"post","link":"https:\/\/economiapoliticacba.com\/?p=50881","title":{"rendered":"Boca jug\u00f3 medio partido con uno menos y cay\u00f3 sobre el final en Brasil"},"content":{"rendered":"<p><strong>Boca<\/strong> perdi\u00f3 el invicto de 14 partidos que arrastraba desde el 8 de febrero, cuando fue derrotado por <strong>V\u00e9lez<\/strong> <strong>Sarsfield<\/strong>. El elenco que comanda <strong>Claudio \u00dabeda<\/strong> cay\u00f3 en <strong>Brasil<\/strong>, por la fecha 3 de la <strong>Copa Libertadores<\/strong>. El &#8220;Xeneize&#8221; perdi\u00f3 1-0 contra <strong>Cruzeiro<\/strong>, en el <strong>Mineir\u00e3o<\/strong>.<\/p>\n<p>El primer tiempo fue muy friccionado, luchado y con muchas acciones violentas de ambos lados. En este contexto, el que sali\u00f3 perdiendo fue el &#8220;Xeneize&#8221;. Boca sufri\u00f3 la expulsi\u00f3n de <strong>Adam Bareiro<\/strong>, sobre el final de la primera mitad.<\/p>\n<blockquote class=\"twitter-tweet\" readability=\"7.4021352313167\">\n<p lang=\"es\" dir=\"ltr\">\u00a1EXPULSADO BAREIRO! \ud83d\udfe5 Boca se queda con 10 jugadores en el final del primer tiempo por doble amonestaci\u00f3n \ud83d\ude32<\/p>\n<p>45&#8242; | \ud83c\udde7\ud83c\uddf7 Cruzeiro 0 &#8211; 0 Boca \ud83c\udde6\ud83c\uddf7<\/p>\n<p>Mir\u00e1 la <a href=\"https:\/\/twitter.com\/hashtag\/LibertadoresEnTelefe?src=hash&amp;ref_src=twsrc%5Etfw\" rel=\"noopener\">#LibertadoresEnTelefe<\/a> con <a href=\"https:\/\/twitter.com\/giraltpablo?ref_src=twsrc%5Etfw\" rel=\"noopener\">@giraltpablo<\/a> y Varksy \ud83c\udfc6 <a href=\"https:\/\/t.co\/gAYnk7ZY2y\">pic.twitter.com\/gAYnk7ZY2y<\/a><\/p>\n<p>\u2014 telefe (@telefe) <a href=\"https:\/\/twitter.com\/telefe\/status\/2049297353169858632?ref_src=twsrc%5Etfw\" rel=\"noopener\">April 29, 2026<\/a><\/p><\/blockquote>\n<p>Ambos equipos se fueron al entretiempo con el marcador 0-0. Ya para el complemento, el equipo de \u00dabeda sali\u00f3 decidido a no arriesgar y cuidar el empate. Cruzeiro, necesitado de una victoria, fue para adelante con m\u00e1s empuje que ideas.<\/p>\n<p>El &#8220;Raposa&#8221; jug\u00f3 todo el complemento en campo de Boca, pero con pocas chances claras de gol. Sin embargo, en una desatenci\u00f3n, Cruzeiro encontr\u00f3 el gol del triunfo a los 83&#8242;. <strong>N\u00e9iser Villarreal <\/strong>apareci\u00f3 en el \u00e1rea chica para empujar la pelota y decretar el 1-0 definitivo.<\/p>\n<blockquote class=\"twitter-tweet\" readability=\"6\">\n<p lang=\"es\" dir=\"ltr\">\u00a1CRUZEIRO PEG\u00d3 LLEGANDO AL FINAL! El colombiano N\u00e9iser Villarreal marca el 1-0 del conjunto brasile\u00f1o ante Boca. <\/p>\n<p>\ud83d\udcfa Mir\u00e1 TODA la CONMEBOL <a href=\"https:\/\/twitter.com\/hashtag\/Libertadores?src=hash&amp;ref_src=twsrc%5Etfw\" rel=\"noopener\">#Libertadores<\/a> por <a href=\"https:\/\/twitter.com\/hashtag\/DisneyPlus?src=hash&amp;ref_src=twsrc%5Etfw\" rel=\"noopener\">#DisneyPlus<\/a> Plan Premium <a href=\"https:\/\/t.co\/or6bSPULX5\">pic.twitter.com\/or6bSPULX5<\/a><\/p>\n<p>\u2014 SportsCenter (@SC_ESPN) <a href=\"https:\/\/twitter.com\/SC_ESPN\/status\/2049312341972464124?ref_src=twsrc%5Etfw\" rel=\"noopener\">April 29, 2026<\/a><\/p><\/blockquote>\n<p>Este resultado deja a ambos clubes en la punta del grupo D. Tanto Boca como Cruzeiro tienen 6 puntos cada uno. Por diferencia de gol, el &#8220;Xeneize&#8221; es el l\u00edder (+3 contra +1).<\/p>\n<p>En la fecha 4, Boca visitar\u00e1 a <strong>Barcelona<\/strong> de <strong>Ecuador<\/strong>, el martes 5 de mayo a las 21 horas. Cruzeiro, por su parte, viajar\u00e1 a <strong>Chile <\/strong>para visitar a <strong>Universidad Cat\u00f3lica<\/strong> (mi\u00e9rcoles 6 de mayo a las 23 horas).<\/p>\n<h4 class=\"wp-block-heading has-white-color has-pale-cyan-blue-background-color has-text-color has-background has-link-color wp-elements-9404fccf78693d2a1610b7f4dc722e98\"><em><strong>+ \u00bfSos&nbsp;<\/strong><\/em><strong><em>fan<\/em><\/strong><em><strong>\u00e1tico de la Selecci\u00f3n? Showsport sortea un viaje al Mundial.&nbsp;<a href=\"https:\/\/www.instagram.com\/showsportcanal\/p\/DW1vhPiFMOS\/\" rel=\"noopener\">Particip\u00e1 haciendo clic ac\u00e1<\/a><\/strong><\/em><\/h4>\n<p>Barcelona y Universidad Cat\u00f3lica a\u00fan deben jugar entre s\u00ed, por la fecha 3. El duelo entre estos dos equipos ser\u00e1 este mi\u00e9rcoles, desde las 21 horas, en Ecuador. Los chilenos est\u00e1n terceros con 3 puntos, mientras que los ecuatorianos a\u00fan no sumaron unidades y ocupan el \u00faltimo lugar del grupo D.<\/p>\n<figure class=\"wp-block-image size-full\"><img loading=\"lazy\" decoding=\"async\" width=\"1240\" height=\"1732\" src=\"http:\/\/economiapoliticacba.com\/wp-content\/uploads\/2026\/04\/boca-jugo-medio-partido-con-uno-menos-y-cayo-sobre-el-final-en-brasil.jpg\" alt class=\"wp-image-49470\" srcset=\"http:\/\/economiapoliticacba.com\/wp-content\/uploads\/2026\/04\/boca-jugo-medio-partido-con-uno-menos-y-cayo-sobre-el-final-en-brasil.jpg 1240w, http:\/\/economiapoliticacba.com\/wp-content\/uploads\/2026\/04\/boca-jugo-medio-partido-con-uno-menos-y-cayo-sobre-el-final-en-brasil-1.jpg 768w, http:\/\/economiapoliticacba.com\/wp-content\/uploads\/2026\/04\/boca-jugo-medio-partido-con-uno-menos-y-cayo-sobre-el-final-en-brasil-2.jpg 1100w, http:\/\/economiapoliticacba.com\/wp-content\/uploads\/2026\/04\/boca-jugo-medio-partido-con-uno-menos-y-cayo-sobre-el-final-en-brasil-3.jpg 17w, http:\/\/economiapoliticacba.com\/wp-content\/uploads\/2026\/04\/boca-jugo-medio-partido-con-uno-menos-y-cayo-sobre-el-final-en-brasil-4.jpg 26w, http:\/\/economiapoliticacba.com\/wp-content\/uploads\/2026\/04\/boca-jugo-medio-partido-con-uno-menos-y-cayo-sobre-el-final-en-brasil-5.jpg 34w, http:\/\/economiapoliticacba.com\/wp-content\/uploads\/2026\/04\/boca-jugo-medio-partido-con-uno-menos-y-cayo-sobre-el-final-en-brasil-6.jpg 360w, http:\/\/economiapoliticacba.com\/wp-content\/uploads\/2026\/04\/boca-jugo-medio-partido-con-uno-menos-y-cayo-sobre-el-final-en-brasil-7.jpg 750w, http:\/\/economiapoliticacba.com\/wp-content\/uploads\/2026\/04\/boca-jugo-medio-partido-con-uno-menos-y-cayo-sobre-el-final-en-brasil-8.jpg 1140w\" sizes=\"(max-width: 1240px) 100vw, 1240px\"><\/figure>\n","protected":false},"excerpt":{"rendered":"<p>Boca perdi\u00f3 el invicto de 14 partidos que arrastraba desde el 8 de febrero, cuando fue derrotado por V\u00e9lez Sarsfield. El elenco que comanda Claudio \u00dabeda cay\u00f3 en Brasil, por la fecha 3 de la Copa Libertadores. El &#8220;Xeneize&#8221; perdi\u00f3 1-0 contra Cruzeiro, en el Mineir\u00e3o. El primer tiempo fue muy friccionado, luchado y con [&hellip;]<\/p>\n","protected":false},"author":1,"featured_media":50882,"comment_status":"closed","ping_status":"closed","sticky":false,"template":"","format":"standard","meta":{"om_disable_all_campaigns":false,"_monsterinsights_skip_tracking":false,"_monsterinsights_sitenote_active":false,"_monsterinsights_sitenote_note":"","_monsterinsights_sitenote_category":0},"categories":[16],"tags":[3345,74,150,2418,34,3346],"aioseo_notices":[],"_links":{"self":[{"href":"https:\/\/economiapoliticacba.com\/index.php?rest_route=\/wp\/v2\/posts\/50881"}],"collection":[{"href":"https:\/\/economiapoliticacba.com\/index.php?rest_route=\/wp\/v2\/posts"}],"about":[{"href":"https:\/\/economiapoliticacba.com\/index.php?rest_route=\/wp\/v2\/types\/post"}],"author":[{"embeddable":true,"href":"https:\/\/economiapoliticacba.com\/index.php?rest_route=\/wp\/v2\/users\/1"}],"replies":[{"embeddable":true,"href":"https:\/\/economiapoliticacba.com\/index.php?rest_route=%2Fwp%2Fv2%2Fcomments&post=50881"}],"version-history":[{"count":0,"href":"https:\/\/economiapoliticacba.com\/index.php?rest_route=\/wp\/v2\/posts\/50881\/revisions"}],"wp:featuredmedia":[{"embeddable":true,"href":"https:\/\/economiapoliticacba.com\/index.php?rest_route=\/wp\/v2\/media\/50882"}],"wp:attachment":[{"href":"https:\/\/economiapoliticacba.com\/index.php?rest_route=%2Fwp%2Fv2%2Fmedia&parent=50881"}],"wp:term":[{"taxonomy":"category","embeddable":true,"href":"https:\/\/economiapoliticacba.com\/index.php?rest_route=%2Fwp%2Fv2%2Fcategories&post=50881"},{"taxonomy":"post_tag","embeddable":true,"href":"https:\/\/economiapoliticacba.com\/index.php?rest_route=%2Fwp%2Fv2%2Ftags&post=50881"}],"curies":[{"name":"wp","href":"https:\/\/api.w.org\/{rel}","templated":true}]}}