{"id":50869,"date":"2026-04-28T22:02:07","date_gmt":"2026-04-28T22:02:07","guid":{"rendered":"https:\/\/canalshowsport.com.ar\/?p=49391"},"modified":"2026-04-28T22:02:07","modified_gmt":"2026-04-28T22:02:07","slug":"todo-listo-arbitros-confirmados-para-la-fecha-9-que-define-el-torneo","status":"publish","type":"post","link":"https:\/\/economiapoliticacba.com\/?p=50869","title":{"rendered":"Todo listo: \u00e1rbitros confirmados para la fecha 9 que define el torneo"},"content":{"rendered":"<p>La<strong> Liga Profesional de F\u00fatbol <\/strong>dio a conocer la n\u00f3mina de \u00e1rbitros para la<strong> novena fecha del Torneo Apertura<\/strong>, la jornada que hab\u00eda sido suspendida a comienzos de marzo por el paro de la AFA.<\/p>\n<p>Se trata de la <strong>\u00faltima fecha de la fase regular<\/strong>, que ser\u00e1 determinante para definir a los equipos clasificados a los playoffs del campeonato. En C\u00f3rdoba, tanto <strong>Talleres <\/strong>como <strong>Belgrano <\/strong>ya aseguraron su lugar en la siguiente instancia.<\/p>\n<figure class=\"wp-block-image size-full\"><img loading=\"lazy\" decoding=\"async\" width=\"1400\" height=\"1018\" src=\"http:\/\/economiapoliticacba.com\/wp-content\/uploads\/2026\/04\/todo-listo-arbitros-confirmados-para-la-fecha-9-que-define-el-torneo.png\" alt class=\"wp-image-49392\" srcset=\"http:\/\/economiapoliticacba.com\/wp-content\/uploads\/2026\/04\/todo-listo-arbitros-confirmados-para-la-fecha-9-que-define-el-torneo.png 1400w, http:\/\/economiapoliticacba.com\/wp-content\/uploads\/2026\/04\/todo-listo-arbitros-confirmados-para-la-fecha-9-que-define-el-torneo-1.png 768w, http:\/\/economiapoliticacba.com\/wp-content\/uploads\/2026\/04\/todo-listo-arbitros-confirmados-para-la-fecha-9-que-define-el-torneo-2.png 24w, http:\/\/economiapoliticacba.com\/wp-content\/uploads\/2026\/04\/todo-listo-arbitros-confirmados-para-la-fecha-9-que-define-el-torneo-3.png 36w, http:\/\/economiapoliticacba.com\/wp-content\/uploads\/2026\/04\/todo-listo-arbitros-confirmados-para-la-fecha-9-que-define-el-torneo-4.png 48w, http:\/\/economiapoliticacba.com\/wp-content\/uploads\/2026\/04\/todo-listo-arbitros-confirmados-para-la-fecha-9-que-define-el-torneo-5.png 120w, http:\/\/economiapoliticacba.com\/wp-content\/uploads\/2026\/04\/todo-listo-arbitros-confirmados-para-la-fecha-9-que-define-el-torneo-6.png 750w, http:\/\/economiapoliticacba.com\/wp-content\/uploads\/2026\/04\/todo-listo-arbitros-confirmados-para-la-fecha-9-que-define-el-torneo-7.png 1140w\" sizes=\"(max-width: 1400px) 100vw, 1400px\"><figcaption class=\"wp-element-caption\">Andr\u00e9s Merlos<\/figcaption><\/figure>\n<p>El primero en salir a la cancha ser\u00e1 el equipo que dirige<strong> Carlos T\u00e9vez<\/strong>, que visitar\u00e1 a <strong>Uni\u00f3n de Santa Fe<\/strong> este s\u00e1bado a las 18:45 en el estadio 15 de Abril.<\/p>\n<h3 class=\"wp-block-heading\"><strong>Las autoridades:<\/strong><\/h3>\n<ul class=\"wp-block-list\">\n<li>\u00c1rbitro: Sebasti\u00e1n Zunino<\/li>\n<li>Asistente 1: Juan Pablo Belatti<\/li>\n<li>Asistente 2: Uriel Garc\u00eda Leri<\/li>\n<li>Cuarto \u00e1rbitro: Maximiliano L\u00f3pez Monti<\/li>\n<li>VAR: Facundo Tello<\/li>\n<li>AVAR: Marcos Horticolou<\/li>\n<\/ul>\n<p>Luego ser\u00e1 el turno del &#8220;Pirata&#8221;, que recibir\u00e1 a<strong> Sarmiento de Jun\u00edn <\/strong>el domingo a las 16:00 horas, en el Gigante de Alberdi.<\/p>\n<h3 class=\"wp-block-heading\"><strong><strong>Las autoridades:<\/strong><\/strong><\/h3>\n<ul class=\"wp-block-list\">\n<li>\u00c1rbitro: Andr\u00e9s Gariano<\/li>\n<li>Asistente 1: Cristian Navarro<\/li>\n<li>Asistente 2: Mat\u00edas Bianchi<\/li>\n<li>Cuarto \u00e1rbitro: Emanuel Ejarque<\/li>\n<li>VAR: Fernando Espinoza<\/li>\n<li>AVAR: Marcelo Bistocco<\/li>\n<\/ul>\n<p class=\"has-text-align-center has-white-color has-pale-cyan-blue-background-color has-text-color has-background has-link-color wp-elements-500102c46921f6be705f25dcbf636544\"><em><strong>+ \u00bfSos fan\u00e1tico de la Selecci\u00f3n? Showsport sortea un viaje al Mundial.&nbsp;<a href=\"https:\/\/www.instagram.com\/showsportcanal\/p\/DW1vhPiFMOS\/\" rel=\"noopener\">Particip\u00e1 haciendo clic ac\u00e1<\/a><\/strong><\/em><\/p>\n<p>Por \u00faltimo, habr\u00e1 duelo de cordobeses: <strong>Instituto <\/strong>se enfrentar\u00e1 a<strong> Estudiantes de R\u00edo Cuarto<\/strong> el lunes desde las 21:30 en el estadio Antonio Candini, en el partido que cierra la fecha.<\/p>\n<h3 class=\"wp-block-heading\"><strong><strong><strong>Las autoridades:<\/strong><\/strong><\/strong><\/h3>\n<ul class=\"wp-block-list\">\n<li>\u00c1rbitro: Andr\u00e9s Merlos<\/li>\n<li>Asistente 1: Pablo Gonz\u00e1lez<\/li>\n<li>Asistente 2: Mauro Ramos Errasti<\/li>\n<li>Cuarto \u00e1rbitro: Lautaro Castagnola<\/li>\n<li>VAR: Ariel Penel<\/li>\n<li>AVAR: Nelson Sosa<\/li>\n<\/ul>\n<blockquote class=\"twitter-tweet\" readability=\"3.25\">\n<p lang=\"es\" dir=\"ltr\"><a href=\"https:\/\/twitter.com\/hashtag\/Arbitraje?src=hash&amp;ref_src=twsrc%5Etfw\" rel=\"noopener\">#Arbitraje<\/a> | La AFA design\u00f3 los \u00e1rbitros de la <a href=\"https:\/\/twitter.com\/hashtag\/Fecha9?src=hash&amp;ref_src=twsrc%5Etfw\" rel=\"noopener\">#Fecha9<\/a> del <a href=\"https:\/\/twitter.com\/hashtag\/TorneoMercadoLibre?src=hash&amp;ref_src=twsrc%5Etfw\" rel=\"noopener\">#TorneoMercadoLibre<\/a> 2026 \ud83c\udfc6<br \/>M\u00e1s informaci\u00f3n: <a href=\"https:\/\/t.co\/c5zyiRy6ap\">https:\/\/t.co\/c5zyiRy6ap<\/a> <a href=\"https:\/\/t.co\/H6zHevreew\">pic.twitter.com\/H6zHevreew<\/a><\/p>\n<p>\u2014 Liga Profesional de F\u00fatbol (@LigaAFA) <a href=\"https:\/\/twitter.com\/LigaAFA\/status\/2049230393019134327?ref_src=twsrc%5Etfw\" rel=\"noopener\">April 28, 2026<\/a><\/p><\/blockquote>\n","protected":false},"excerpt":{"rendered":"<p>La Liga Profesional de F\u00fatbol dio a conocer la n\u00f3mina de \u00e1rbitros para la novena fecha del Torneo Apertura, la jornada que hab\u00eda sido suspendida a comienzos de marzo por el paro de la AFA. Se trata de la \u00faltima fecha de la fase regular, que ser\u00e1 determinante para definir a los equipos clasificados a [&hellip;]<\/p>\n","protected":false},"author":1,"featured_media":50870,"comment_status":"closed","ping_status":"closed","sticky":false,"template":"","format":"standard","meta":{"om_disable_all_campaigns":false,"_monsterinsights_skip_tracking":false,"_monsterinsights_sitenote_active":false,"_monsterinsights_sitenote_note":"","_monsterinsights_sitenote_category":0},"categories":[16],"tags":[555,22,34,63,35,36,2587],"aioseo_notices":[],"_links":{"self":[{"href":"https:\/\/economiapoliticacba.com\/index.php?rest_route=\/wp\/v2\/posts\/50869"}],"collection":[{"href":"https:\/\/economiapoliticacba.com\/index.php?rest_route=\/wp\/v2\/posts"}],"about":[{"href":"https:\/\/economiapoliticacba.com\/index.php?rest_route=\/wp\/v2\/types\/post"}],"author":[{"embeddable":true,"href":"https:\/\/economiapoliticacba.com\/index.php?rest_route=\/wp\/v2\/users\/1"}],"replies":[{"embeddable":true,"href":"https:\/\/economiapoliticacba.com\/index.php?rest_route=%2Fwp%2Fv2%2Fcomments&post=50869"}],"version-history":[{"count":0,"href":"https:\/\/economiapoliticacba.com\/index.php?rest_route=\/wp\/v2\/posts\/50869\/revisions"}],"wp:featuredmedia":[{"embeddable":true,"href":"https:\/\/economiapoliticacba.com\/index.php?rest_route=\/wp\/v2\/media\/50870"}],"wp:attachment":[{"href":"https:\/\/economiapoliticacba.com\/index.php?rest_route=%2Fwp%2Fv2%2Fmedia&parent=50869"}],"wp:term":[{"taxonomy":"category","embeddable":true,"href":"https:\/\/economiapoliticacba.com\/index.php?rest_route=%2Fwp%2Fv2%2Fcategories&post=50869"},{"taxonomy":"post_tag","embeddable":true,"href":"https:\/\/economiapoliticacba.com\/index.php?rest_route=%2Fwp%2Fv2%2Ftags&post=50869"}],"curies":[{"name":"wp","href":"https:\/\/api.w.org\/{rel}","templated":true}]}}