{"id":50860,"date":"2026-04-28T16:11:00","date_gmt":"2026-04-28T16:11:00","guid":{"rendered":"https:\/\/economiapoliticacba.com\/?p=50860"},"modified":"2026-04-28T16:11:00","modified_gmt":"2026-04-28T16:11:00","slug":"privatizaciones-en-marcha-definieron-la-concesion-de-aysa-por-30-anos-y-la-venta-de-vagones-del-belgrano-cargas","status":"publish","type":"post","link":"https:\/\/economiapoliticacba.com\/?p=50860","title":{"rendered":"Privatizaciones en marcha: definieron la concesi\u00f3n de Aysa por 30 a\u00f1os y la venta de vagones del Belgrano Cargas"},"content":{"rendered":"<p>El Gobierno dio nuevos pasos en su plan de privatizaciones con avances concretos sobre <a href=\"https:\/\/eleconomista.com.ar\/tags\/aysa-t1750\" target=\"_blank\" rel=\"noopener\"><strong>AySA<\/strong> <\/a>y el <strong>Belgrano Cargas<\/strong>, a trav\u00e9s de una resoluci\u00f3n y el Decreto 282\/2026. Por un lado, defini\u00f3 el <strong>nuevo contrato de concesi\u00f3n de la empresa de agua<\/strong>, mientras que por otro estableci\u00f3 el destino de los fondos que se obtengan de la venta de activos ferroviarios.<\/p>\n<p>En el caso de <a href=\"https:\/\/eleconomista.com.ar\/tags\/aysa-t1750\" target=\"_blank\" rel=\"noopener\"><strong>AySA<\/strong><\/a>, se oficializ\u00f3 un esquema de concesi\u00f3n por <strong>30 a\u00f1os, con opci\u00f3n a una pr\u00f3rroga de 10<\/strong>, que incluye <strong>revisiones tarifarias cada cinco a\u00f1os<\/strong> y la obligaci\u00f3n de presentar planes quinquenales con metas de inversi\u00f3n, mantenimiento del servicio. La compa\u00f1\u00eda, que presta servicio a m\u00e1s de 15 millones de personas en el AMBA, deber\u00e1 sostener un modelo sin subsidios, basado en el <strong>equilibrio econ\u00f3mico-financiero y la autosustentabilidad<\/strong>.<\/p>\n<p>El contrato introduce un sistema centrado en el <strong>cumplimiento de objetivos e inversiones<\/strong>, con controles m\u00e1s estrictos por parte del Estado y los entes reguladores \u2014ERAS y APLA\u2014, que tendr\u00e1n facultades de auditor\u00eda, revisi\u00f3n y sanci\u00f3n. El objetivo es <strong>mejorar la cobertura de agua potable y cloacas<\/strong> y acercarla a los niveles promedio de la regi\u00f3n en el menor plazo posible.<\/p>\n<p>En paralelo, el Ejecutivo avanzar\u00e1 con la <a href=\"https:\/\/eleconomista.com.ar\/tags\/aysa-t1750\" target=\"_blank\" rel=\"noopener\"><strong>licitaci\u00f3n p\u00fablica del 90% del paquete accionario de AySA<\/strong>,<\/a> actualmente en manos del Estado, mientras que el 10% restante quedar\u00e1 reservado para los trabajadores de la empresa.<\/p>\n<p>Por otra parte, el Decreto 282\/2026 estableci\u00f3 que los ingresos derivados de la <strong>venta de material rodante del Belgrano Cargas<\/strong> \u2014como vagones y locomotoras\u2014 ser\u00e1n destinados a un fideicomiso espec\u00edfico para financiar <strong>obras en la infraestructura ferroviaria<\/strong>. Estos fondos se canalizar\u00e1n a trav\u00e9s de una cuenta fiduciaria vinculada al sistema creado por el Decreto 976\/2001.<\/p>\n<div class=\"rela\">\n<div class=\"pic\"> <a href=\"https:\/\/eleconomista.com.ar\/economia\/faltara-gnc-dos-mayores-distribuidoras-ordenaron-cortes-estaciones-servicio-frio-n94487\" title=\"\u00bfFaltar\u00e1 GNC? Las dos mayores distribuidoras ordenaron cortes en estaciones de servicio por el fr\u00edo\"><img src=\"http:\/\/economiapoliticacba.com\/wp-content\/uploads\/2026\/04\/privatizaciones-en-marcha-definieron-la-concesion-de-aysa-por-30-anos-y-la-venta-de-vagones-del-belgrano-cargas.webp\" alt=\"\u00bfFaltar\u00e1 GNC? Las dos mayores distribuidoras ordenaron cortes en estaciones de servicio por el fr\u00edo\" loading=\"lazy\"><\/a> <\/div><\/div>\n<p>La norma tambi\u00e9n instruye al Ministerio de Econom\u00eda a implementar las medidas necesarias para concretar la asignaci\u00f3n de esos recursos y autoriza a la Secretar\u00eda de Transporte a <strong>incluir en los pliegos licitatorios la identificaci\u00f3n del material rodante<\/strong> que formar\u00e1 parte de las futuras concesiones de las l\u00edneas Belgrano, San Mart\u00edn y Urquiza, junto con sus inmuebles aleda\u00f1os.<\/p>\n<h2><strong>Claves del nuevo esquema de privatizaciones<\/strong><\/h2>\n<ul>\n<li><strong>Concesi\u00f3n de Aysa:<\/strong> Se estableci\u00f3 un contrato de <strong>30 a\u00f1os<\/strong> (con opci\u00f3n a 10 m\u00e1s) para la operaci\u00f3n de agua y cloacas.<\/li>\n<li><strong>Revisi\u00f3n de tarifas:<\/strong> Los ajustes tarifarios en Aysa pasar\u00e1n a ser <strong>quinquenales<\/strong> (cada 5 a\u00f1os) en lugar de anuales.<\/li>\n<li><strong>Venta de acciones:<\/strong> El Estado licitar\u00e1 el <strong>90% del paquete accionario<\/strong> de Aysa; el 10% restante ser\u00e1 para los trabajadores.<\/li>\n<li><strong>Financiamiento ferroviario:<\/strong> Los fondos por la venta de locomotoras y vagones del Belgrano Cargas ir\u00e1n a un <strong>fideicomiso para reparar v\u00edas<\/strong>.<\/li>\n<li><strong>Sostenibilidad econ\u00f3mica:<\/strong> Ambas empresas deber\u00e1n operar <strong>sin subsidios estatales<\/strong>, cubriendo gastos con sus propios ingresos.<\/li>\n<li><strong>Control estatal:<\/strong> El ERAS y la Agencia de Planificaci\u00f3n mantendr\u00e1n auditor\u00edas estrictas sobre las <strong>metas de inversi\u00f3n<\/strong> de los privados.<\/li>\n<\/ul>\n<div class=\"rela\">\n<div class=\"pic\"> <a href=\"https:\/\/eleconomista.com.ar\/economia\/nos-van-sobrar-dolares-impactante-pronostico-caputo-sobre-superavit-energia-mineria-n94481\" title=\"&quot;Nos van a sobrar los d\u00f3lares&quot;: el impactante pron\u00f3stico de Caputo sobre el super\u00e1vit de energ\u00eda y miner\u00eda\"><img src=\"http:\/\/economiapoliticacba.com\/wp-content\/uploads\/2026\/04\/privatizaciones-en-marcha-definieron-la-concesion-de-aysa-por-30-anos-y-la-venta-de-vagones-del-belgrano-cargas-1.webp\" alt=\"&quot;Nos van a sobrar los d\u00f3lares&quot;: el impactante pron\u00f3stico de Caputo sobre el super\u00e1vit de energ\u00eda y miner\u00eda\" loading=\"lazy\"><\/a> <\/div><\/div>\n<div class=\"rela\">\n<div class=\"pic\"> <a href=\"https:\/\/eleconomista.com.ar\/economia\/dolar-hoy-cuanto-cotiza-martes-28-abril-n94470\" title=\"D\u00f3lar hoy: a cu\u00e1nto cotiza este martes 28 de abril\"><img src=\"http:\/\/economiapoliticacba.com\/wp-content\/uploads\/2026\/04\/privatizaciones-en-marcha-definieron-la-concesion-de-aysa-por-30-anos-y-la-venta-de-vagones-del-belgrano-cargas-2.webp\" alt=\"D\u00f3lar hoy: a cu\u00e1nto cotiza este martes 28 de abril\" loading=\"lazy\"><\/a> <\/div><\/div>\n","protected":false},"excerpt":{"rendered":"<p>El Gobierno dio nuevos pasos en su plan de privatizaciones con avances concretos sobre AySA y el Belgrano Cargas, a trav\u00e9s de una resoluci\u00f3n y el Decreto 282\/2026. Por un lado, defini\u00f3 el nuevo contrato de concesi\u00f3n de la empresa de agua, mientras que por otro estableci\u00f3 el destino de los fondos que se obtengan [&hellip;]<\/p>\n","protected":false},"author":1,"featured_media":50861,"comment_status":"closed","ping_status":"closed","sticky":false,"template":"","format":"standard","meta":{"om_disable_all_campaigns":false,"_monsterinsights_skip_tracking":false,"_monsterinsights_sitenote_active":false,"_monsterinsights_sitenote_note":"","_monsterinsights_sitenote_category":0},"categories":[17],"tags":[],"aioseo_notices":[],"_links":{"self":[{"href":"https:\/\/economiapoliticacba.com\/index.php?rest_route=\/wp\/v2\/posts\/50860"}],"collection":[{"href":"https:\/\/economiapoliticacba.com\/index.php?rest_route=\/wp\/v2\/posts"}],"about":[{"href":"https:\/\/economiapoliticacba.com\/index.php?rest_route=\/wp\/v2\/types\/post"}],"author":[{"embeddable":true,"href":"https:\/\/economiapoliticacba.com\/index.php?rest_route=\/wp\/v2\/users\/1"}],"replies":[{"embeddable":true,"href":"https:\/\/economiapoliticacba.com\/index.php?rest_route=%2Fwp%2Fv2%2Fcomments&post=50860"}],"version-history":[{"count":0,"href":"https:\/\/economiapoliticacba.com\/index.php?rest_route=\/wp\/v2\/posts\/50860\/revisions"}],"wp:featuredmedia":[{"embeddable":true,"href":"https:\/\/economiapoliticacba.com\/index.php?rest_route=\/wp\/v2\/media\/50861"}],"wp:attachment":[{"href":"https:\/\/economiapoliticacba.com\/index.php?rest_route=%2Fwp%2Fv2%2Fmedia&parent=50860"}],"wp:term":[{"taxonomy":"category","embeddable":true,"href":"https:\/\/economiapoliticacba.com\/index.php?rest_route=%2Fwp%2Fv2%2Fcategories&post=50860"},{"taxonomy":"post_tag","embeddable":true,"href":"https:\/\/economiapoliticacba.com\/index.php?rest_route=%2Fwp%2Fv2%2Ftags&post=50860"}],"curies":[{"name":"wp","href":"https:\/\/api.w.org\/{rel}","templated":true}]}}