{"id":50856,"date":"2026-04-28T14:36:00","date_gmt":"2026-04-28T14:36:00","guid":{"rendered":"https:\/\/economiapoliticacba.com\/?p=50856"},"modified":"2026-04-28T14:36:00","modified_gmt":"2026-04-28T14:36:00","slug":"nos-van-a-sobrar-los-dolares-el-impactante-pronostico-de-caputo-sobre-el-superavit-de-energia-y-mineria","status":"publish","type":"post","link":"https:\/\/economiapoliticacba.com\/?p=50856","title":{"rendered":"&#8220;Nos van a sobrar los d\u00f3lares&#8221;: el impactante pron\u00f3stico de Caputo sobre el super\u00e1vit de energ\u00eda y miner\u00eda"},"content":{"rendered":"<p><a href=\"https:\/\/eleconomista.com.ar\/tags\/luis-caputo-t1376\" target=\"_blank\" rel=\"noopener\"><strong>Luis Caputo <\/strong><\/a><strong>defendi\u00f3 el rumbo econ\u00f3mico del Gobierno<\/strong> y reconoci\u00f3 el mal dato de actividad de febrero, aunque lo relativiz\u00f3 por la base de comparaci\u00f3n.<mark class=\"marker-yellow\"> <strong>&#8220;No negamos que el dato de actividad de febrero dio mal, pero ven\u00edamos de n\u00fameros r\u00e9cord. Tenemos que saber de d\u00f3nde ven\u00edamos&#8221;<\/strong><\/mark>, afirm\u00f3 durante la apertura del Congreso Econ\u00f3mico Argentino, en el marco de ExpoEfi 2026.&nbsp;<\/p>\n<ul>\n<li>En esa l\u00ednea, destac\u00f3: <strong>&#8220;Estamos en r\u00e9cord de exportaciones. El agro est\u00e1 en un boom de 160 millones de toneladas. Eso no es casualidad, es previsibilidad&#8221;<\/strong>.<\/li>\n<\/ul>\n<p>El ministro tambi\u00e9n puso el foco en el ingreso de divisas por sectores estrat\u00e9gicos. Estim\u00f3 que <strong>&#8220;solamente en energ\u00eda, entre este a\u00f1o y 2035, vamos a tener m\u00e1s de US$ 350.000 millones de super\u00e1vit&#8221;<\/strong> y agreg\u00f3: <strong>&#8220;En miner\u00eda van a ser otros US$ 161.000 millones de d\u00f3lares de super\u00e1vit&#8221;<\/strong>. Adem\u00e1s, se\u00f1al\u00f3 que actualmente &#8220;hay aproximadamente US$ 95.000 millones en 36 proyectos&#8221; y anticip\u00f3 nuevos desarrollos. <strong>&#8220;Un pozo tarda entre seis y ocho meses en desarrollarse. Es decir, que en menos de un a\u00f1o est\u00e1s generando d\u00f3lares&#8221;<\/strong>, remarc\u00f3.<\/p>\n<figure class=\"image\"><img loading=\"lazy\" width=\"100\" height=\"100\" class=\"cst_img\" src=\"http:\/\/economiapoliticacba.com\/wp-content\/uploads\/2026\/04\/nos-van-a-sobrar-los-dolares-el-impactante-pronostico-de-caputo-sobre-el-superavit-de-energia-y-mineria.webp\" alt=\"Inflaci\u00f3n y tasas: Caputo anticip\u00f3 qu\u00e9 pasar\u00e1 con el IPC de abril y por qu\u00e9 el peso sigue fuerte.\"><figcaption>Inflaci\u00f3n y tasas: Caputo anticip\u00f3 qu\u00e9 pasar\u00e1 con el IPC de abril y por qu\u00e9 el peso sigue fuerte<\/figcaption><\/figure>\n<p>Sobre la inflaci\u00f3n, Caputo sostuvo que la baja de la tasa de inter\u00e9s en pesos <strong>&#8220;es lo que nos hace ser optimistas&#8221;<\/strong> respecto del proceso de desinflaci\u00f3n, pese al 3,4% informado por el Indec en marzo. <strong>&#8220;Hemos visto un pico en marzo, pero definitivamente esperamos que a partir de abril el proceso de desinflaci\u00f3n retome&#8221;<\/strong>, afirm\u00f3. En esa l\u00ednea, vincul\u00f3 esa expectativa con la pol\u00edtica cambiaria y remarc\u00f3 que el Banco Central debe <strong>&#8220;comprar d\u00f3lares todos los d\u00edas para que el peso no se aprecie m\u00e1s&#8221;<\/strong>.<\/p>\n<p>En materia laboral, el titular del Palacio de Hacienda asegur\u00f3 que <strong>&#8220;se han creado m\u00e1s de 300 mil puestos de trabajo&#8221;<\/strong> respecto de 2023, aunque admiti\u00f3 que el empleo informal fue el que m\u00e1s avanz\u00f3. <strong>&#8220;El empleo no crece en Argentina desde el 2011. Ahora est\u00e1 creciendo&#8221;<\/strong>, sostuvo, y defendi\u00f3 la reforma laboral como herramienta para formalizar. Sobre los salarios, indic\u00f3 que el sector informal <strong>&#8220;fue el que en t\u00e9rminos de salario m\u00e1s le gan\u00f3 a la inflaci\u00f3n&#8221;<\/strong>, mientras que en el empleo registrado la evoluci\u00f3n es dispar seg\u00fan la medici\u00f3n.<\/p>\n<div class=\"rela\">\n<div class=\"pic\"> <a href=\"https:\/\/eleconomista.com.ar\/economia\/dolar-hoy-cuanto-cotiza-martes-28-abril-n94470\" title=\"D\u00f3lar hoy: a cu\u00e1nto cotiza este martes 28 de abril\"><img src=\"http:\/\/economiapoliticacba.com\/wp-content\/uploads\/2026\/04\/nos-van-a-sobrar-los-dolares-el-impactante-pronostico-de-caputo-sobre-el-superavit-de-energia-y-mineria-1.webp\" alt=\"D\u00f3lar hoy: a cu\u00e1nto cotiza este martes 28 de abril\" loading=\"lazy\"><\/a> <\/div><\/div>\n<figure class=\"image\"><img loading=\"lazy\" width=\"100\" height=\"100\" class=\"cst_img\" src=\"http:\/\/economiapoliticacba.com\/wp-content\/uploads\/2026\/04\/nos-van-a-sobrar-los-dolares-el-impactante-pronostico-de-caputo-sobre-el-superavit-de-energia-y-mineria-2.webp\" alt=\"Inflaci\u00f3n y tasas: Caputo anticip\u00f3 qu\u00e9 pasar\u00e1 con el IPC de abril y por qu\u00e9 el peso sigue fuerte.\"><figcaption>Inflaci\u00f3n y tasas: Caputo anticip\u00f3 qu\u00e9 pasar\u00e1 con el IPC de abril y por qu\u00e9 el peso sigue fuerte<\/figcaption><\/figure>\n<p><a href=\"https:\/\/eleconomista.com.ar\/tags\/luis-caputo-t1376\" target=\"_blank\" rel=\"noopener\"><strong>Caputo <\/strong><\/a>tambi\u00e9n destac\u00f3 que <strong>&#8220;el cr\u00e9dito pyme hoy est\u00e1 en niveles r\u00e9cord&#8221;<\/strong> y afirm\u00f3 que los bancos <strong>&#8220;vuelven a prestarle m\u00e1s al sector privado que al sector p\u00fablico&#8221;<\/strong>. En el tramo final, defendi\u00f3 la apertura econ\u00f3mica: <strong>&#8220;Los argentinos son los que queremos que los cuarenta y ocho millones tengan acceso a mejores productos&#8221;<\/strong>. Por \u00faltimo, subray\u00f3 la llegada de inversores internacionales y concluy\u00f3: <strong>&#8220;Cuando ves que inversores de ese calibre vienen&#8230; est\u00e1 viendo que hay una transformaci\u00f3n hist\u00f3rica&#8221;<\/strong>.<\/p>\n<div class=\"rela\">\n<div class=\"pic\"> <a href=\"https:\/\/eleconomista.com.ar\/economia\/departamentos-ocultos-eeuu-escandalo-patrimonial-termino-despido-funcionario-clave-n94456\" title=\"Departamentos ocultos en EEUU: El esc\u00e1ndalo patrimonial que termin\u00f3 con el despido de un funcionario clave\"><img src=\"http:\/\/economiapoliticacba.com\/wp-content\/uploads\/2026\/04\/nos-van-a-sobrar-los-dolares-el-impactante-pronostico-de-caputo-sobre-el-superavit-de-energia-y-mineria-3.webp\" alt=\"Departamentos ocultos en EEUU: El esc\u00e1ndalo patrimonial que termin\u00f3 con el despido de un funcionario clave\" loading=\"lazy\"><\/a> <\/div><\/div>\n<div class=\"rela\">\n<div class=\"pic\"> <a href=\"https:\/\/eleconomista.com.ar\/economia\/dura-advertencia-maslaton-en-argentina-estan-todos-empomados-n94453\" title=\"Dura advertencia de Maslat\u00f3n: &quot;En Argentina est\u00e1n todos empomados&quot;\"><img src=\"http:\/\/economiapoliticacba.com\/wp-content\/uploads\/2026\/04\/nos-van-a-sobrar-los-dolares-el-impactante-pronostico-de-caputo-sobre-el-superavit-de-energia-y-mineria-4.webp\" alt=\"Dura advertencia de Maslat\u00f3n: &quot;En Argentina est\u00e1n todos empomados&quot;\" loading=\"lazy\"><\/a> <\/div><\/div>\n","protected":false},"excerpt":{"rendered":"<p>Luis Caputo defendi\u00f3 el rumbo econ\u00f3mico del Gobierno y reconoci\u00f3 el mal dato de actividad de febrero, aunque lo relativiz\u00f3 por la base de comparaci\u00f3n. &#8220;No negamos que el dato de actividad de febrero dio mal, pero ven\u00edamos de n\u00fameros r\u00e9cord. Tenemos que saber de d\u00f3nde ven\u00edamos&#8221;, afirm\u00f3 durante la apertura del Congreso Econ\u00f3mico Argentino, [&hellip;]<\/p>\n","protected":false},"author":1,"featured_media":50857,"comment_status":"closed","ping_status":"closed","sticky":false,"template":"","format":"standard","meta":{"om_disable_all_campaigns":false,"_monsterinsights_skip_tracking":false,"_monsterinsights_sitenote_active":false,"_monsterinsights_sitenote_note":"","_monsterinsights_sitenote_category":0},"categories":[17],"tags":[],"aioseo_notices":[],"_links":{"self":[{"href":"https:\/\/economiapoliticacba.com\/index.php?rest_route=\/wp\/v2\/posts\/50856"}],"collection":[{"href":"https:\/\/economiapoliticacba.com\/index.php?rest_route=\/wp\/v2\/posts"}],"about":[{"href":"https:\/\/economiapoliticacba.com\/index.php?rest_route=\/wp\/v2\/types\/post"}],"author":[{"embeddable":true,"href":"https:\/\/economiapoliticacba.com\/index.php?rest_route=\/wp\/v2\/users\/1"}],"replies":[{"embeddable":true,"href":"https:\/\/economiapoliticacba.com\/index.php?rest_route=%2Fwp%2Fv2%2Fcomments&post=50856"}],"version-history":[{"count":0,"href":"https:\/\/economiapoliticacba.com\/index.php?rest_route=\/wp\/v2\/posts\/50856\/revisions"}],"wp:featuredmedia":[{"embeddable":true,"href":"https:\/\/economiapoliticacba.com\/index.php?rest_route=\/wp\/v2\/media\/50857"}],"wp:attachment":[{"href":"https:\/\/economiapoliticacba.com\/index.php?rest_route=%2Fwp%2Fv2%2Fmedia&parent=50856"}],"wp:term":[{"taxonomy":"category","embeddable":true,"href":"https:\/\/economiapoliticacba.com\/index.php?rest_route=%2Fwp%2Fv2%2Fcategories&post=50856"},{"taxonomy":"post_tag","embeddable":true,"href":"https:\/\/economiapoliticacba.com\/index.php?rest_route=%2Fwp%2Fv2%2Ftags&post=50856"}],"curies":[{"name":"wp","href":"https:\/\/api.w.org\/{rel}","templated":true}]}}