{"id":50852,"date":"2026-04-28T17:39:00","date_gmt":"2026-04-28T17:39:00","guid":{"rendered":"http:\/\/69f0f0ba632e9785848f4a3b"},"modified":"2026-04-28T17:39:00","modified_gmt":"2026-04-28T17:39:00","slug":"boca-visita-a-cruzeiro-en-belo-horizonte-para-asegurar-la-punta-en-la-libertadores","status":"publish","type":"post","link":"https:\/\/economiapoliticacba.com\/?p=50852","title":{"rendered":"Boca visita a Cruzeiro en Belo Horizonte para asegurar la punta en la Libertadores"},"content":{"rendered":"<p><img src=\"http:\/\/economiapoliticacba.com\/wp-content\/uploads\/2026\/04\/boca-visita-a-cruzeiro-en-belo-horizonte-para-asegurar-la-punta-en-la-libertadores.jpg\"><\/p>\n<p><strong>Boca <\/strong>visita a <strong>Cruzeiro <\/strong>este martes en la ciudad de Belo Horizonte por la tercera fecha del Grupo D de la Copa Libertadores. El equipo argentino manda en su zona con seis unidades y busca un triunfo para allanar el camino hacia los octavos.<\/p>\n<p>El director t\u00e9cnico \u00dabeda mete mano en la formaci\u00f3n tras ganar el fin de semana frente a Defensa y Justicia. El entrenador cambia a nueve jugadores y sostiene solamente al arquero <strong>Leandro Brey<\/strong> desde el arranque del partido.<\/p>\n<p><mark><strong>Las pantallas de ESPN y la plataforma Disney+ transmitir\u00e1n partido en vivo.<\/strong><\/mark><\/p>\n<p>El cuerpo t\u00e9cnico apuesta por <strong>Miguel Merentiel y Adam Bareiro<\/strong> para comandar el ataque en territorio brasile\u00f1o. Los delanteros marcaron goles en el torneo local contra Defensa y Justicia, y saltan al campo de juego desde el primer minuto.<\/p>\n<figure class=\"multimedia\" data-tadevel-template=\"web\/multimedia\" data-type=\"photo\">\n<div class=\"content\">\n<div class=\"sizer\" data-sizer=\"aspect-ratio\" data-tadevel-template=\"web\/aspect-ratio\"><img alt=\"Boca visita a Cruzeiro en Belo Horizonte para asegurar la punta en la Libertadores\" loading=\"lazy\"><\/div>\n<\/div><figcaption class=\"caption\">\n<div class=\"attribution\">Foto: Prensa CABJ.<\/div>\n<\/figcaption><\/figure>\n<p><mark><strong>El posible once de Boca:<\/strong><\/mark> Brey; Weigandt, Di Lollo, Costa, Blanco; Paredes, Delgado, Ascac\u00edbar, Aranda; Merentiel y Bareiro.<\/p>\n<p>La tabla de posiciones ubica a Boca en la punta con seis unidades. Universidad Cat\u00f3lica y Cruzeiro escoltan al l\u00edder con tres unidades. Barcelona de Guayaquil cierra el grupo con el contador en cero.<\/p>\n<figure class=\"multimedia\" data-html data-tadevel-template=\"web\/multimedia\" data-type=\"rich\" data-url><\/figure>\n","protected":false},"excerpt":{"rendered":"<p>Boca visita a Cruzeiro este martes en la ciudad de Belo Horizonte por la tercera fecha del Grupo D de la Copa Libertadores. El equipo argentino manda en su zona con seis unidades y busca un triunfo para allanar el camino hacia los octavos. El director t\u00e9cnico \u00dabeda mete mano en la formaci\u00f3n tras ganar [&hellip;]<\/p>\n","protected":false},"author":1,"featured_media":50853,"comment_status":"closed","ping_status":"closed","sticky":false,"template":"","format":"standard","meta":{"om_disable_all_campaigns":false,"_monsterinsights_skip_tracking":false,"_monsterinsights_sitenote_active":false,"_monsterinsights_sitenote_note":"","_monsterinsights_sitenote_category":0},"categories":[18],"tags":[],"aioseo_notices":[],"_links":{"self":[{"href":"https:\/\/economiapoliticacba.com\/index.php?rest_route=\/wp\/v2\/posts\/50852"}],"collection":[{"href":"https:\/\/economiapoliticacba.com\/index.php?rest_route=\/wp\/v2\/posts"}],"about":[{"href":"https:\/\/economiapoliticacba.com\/index.php?rest_route=\/wp\/v2\/types\/post"}],"author":[{"embeddable":true,"href":"https:\/\/economiapoliticacba.com\/index.php?rest_route=\/wp\/v2\/users\/1"}],"replies":[{"embeddable":true,"href":"https:\/\/economiapoliticacba.com\/index.php?rest_route=%2Fwp%2Fv2%2Fcomments&post=50852"}],"version-history":[{"count":0,"href":"https:\/\/economiapoliticacba.com\/index.php?rest_route=\/wp\/v2\/posts\/50852\/revisions"}],"wp:featuredmedia":[{"embeddable":true,"href":"https:\/\/economiapoliticacba.com\/index.php?rest_route=\/wp\/v2\/media\/50853"}],"wp:attachment":[{"href":"https:\/\/economiapoliticacba.com\/index.php?rest_route=%2Fwp%2Fv2%2Fmedia&parent=50852"}],"wp:term":[{"taxonomy":"category","embeddable":true,"href":"https:\/\/economiapoliticacba.com\/index.php?rest_route=%2Fwp%2Fv2%2Fcategories&post=50852"},{"taxonomy":"post_tag","embeddable":true,"href":"https:\/\/economiapoliticacba.com\/index.php?rest_route=%2Fwp%2Fv2%2Ftags&post=50852"}],"curies":[{"name":"wp","href":"https:\/\/api.w.org\/{rel}","templated":true}]}}