{"id":50850,"date":"2026-04-28T17:59:15","date_gmt":"2026-04-28T17:59:15","guid":{"rendered":"http:\/\/69f0d376632e9785848d122a"},"modified":"2026-04-28T17:59:15","modified_gmt":"2026-04-28T17:59:15","slug":"dia-internacional-de-la-danza-dos-artistas-cordobeses-nombrados-embajadores-de-la-cultura","status":"publish","type":"post","link":"https:\/\/economiapoliticacba.com\/?p=50850","title":{"rendered":"D\u00eda Internacional de la Danza: dos artistas cordobeses nombrados Embajadores de la Cultura"},"content":{"rendered":"<p><img src=\"http:\/\/economiapoliticacba.com\/wp-content\/uploads\/2026\/04\/dia-internacional-de-la-danza-dos-artistas-cordobeses-nombrados-embajadores-de-la-cultura.jpg\"><\/p>\n<p>En el marco de las celebraciones por el D\u00eda Internacional de la Danza, que se celebra el 29 de abril, la escena art\u00edstica de C\u00f3rdoba se viste de gala para reconocer a dos figuras fundamentales de nuestra cultura: <strong>Alejandra Gonz\u00e1lez Sanzini y Daniel C\u00f3rdoba, <\/strong>quienes recientemente han sido distinguidos por la Legislatura Provincial como referentes y <strong>Embajadores de la Cultura.<\/strong><\/p>\n<p><strong>El D\u00eda Internacional de la Danza fue instaurado por el Comit\u00e9 Internacional de la Danza de la UNESCO en 1982<\/strong>. Se eligi\u00f3 esta fecha para conmemorar el nacimiento de <strong>Jean-Georges Noverre<\/strong>, maestro y creador del ballet moderno. Es un d\u00eda dedicado a derribar barreras y unir al mundo a trav\u00e9s del lenguaje universal del movimiento.<\/p>\n<h3>Un reconocimiento al compromiso y la trayectoria<\/h3>\n<p>Este mes de abril adquiere un significado especial, ya que la Legislatura de la Provincia de C\u00f3rdoba otorg\u00f3 el reconocimiento fundamentado a <strong>Alejandra Gonz\u00e1lez Sanzini y a Daniel C\u00f3rdoba<\/strong> como <strong>Embajadores de la Cultura.<\/strong>&nbsp;<\/p>\n<p>Este galard\u00f3n, impulsado por la legisladora Viviana Martoccia, pone en valor d\u00e9cadas de formaci\u00f3n, docencia y difusi\u00f3n art\u00edstica.<\/p>\n<figure class=\"multimedia\" data-tadevel-template=\"web\/multimedia\" data-type=\"photo\">\n<div class=\"content\">\n<div class=\"sizer\" data-sizer=\"aspect-ratio\" data-tadevel-template=\"web\/aspect-ratio\"><img alt=\"Alejandra Sanzini y Daniel C\u00f3rdoba\" loading=\"lazy\"><\/div>\n<\/div><figcaption class=\"caption\">\n<div class=\"description\">Alejandra Sanzini y Daniel C\u00f3rdoba<\/div>\n<div class=\"attribution\">Foto Gentileza<\/div>\n<\/figcaption><\/figure>\n<p>Este hito se suma a la distinci\u00f3n recibida en diciembre de 2025 por el Concejo Deliberante, que homenaje\u00f3 sus cuatro d\u00e9cadas de trayectoria ininterrumpida.<\/p>\n<p><strong>Alejandra Gonz\u00e1lez Sanzini<\/strong> es egresada del ISA Teatro Col\u00f3n. Ex integrante del Ballet Concierto. Form\u00f3 parte de Tangos Argentinos, por dos d\u00e9cadas. Es bailarina, actriz y coach multidisciplinar.<\/p>\n<p>En su trayectoria internacional, cuenta con 26 a\u00f1os como referente en el ICBA (Consulado Argentino en Brasil), vinculando las culturas de ambos pa\u00edses a trav\u00e9s del tango y las artes.&nbsp;<\/p>\n<p>En teatro, se nutri\u00f3 de maestros como Carlos Mu\u00f1oz (Arg), Su Soleil (Francia), Sarkis Tcheumlekdjan y M. Fianni (Br). En la actualidad se desarrolla como &#8220;dance-actriz&#8221; de Playballet, interpretando actualmente la aclamada obra Alfonsina, declarada de Inter\u00e9s y Aporte Cultural.<\/p>\n<p>Por su parte, <strong>Daniel C\u00f3rdoba es core\u00f3grafo y director de la compa\u00f1\u00eda Playballet. <\/strong>Su carrera despeg\u00f3 por concurso en el Teatro del Libertador. Ha integrado las compa\u00f1\u00edas m\u00e1s prestigiosas del continente: Ballet Argentino de La Plata, Ballet Contempor\u00e1neo del Teatro San Mart\u00edn, Ballet de Juan Carlos Copes y el Ballet de Santiago de Chile. Ha colaborado con l\u00edderes del mundo del ballet entre ellos: Marcia Hayde\u00e9, Iv\u00e1n Nagy, Mauricio Wrainrot, Oscar Araiz, Alejandro Cervera entre otros.<\/p>\n<p>Ambos artistas son miembros del CID UNESCO 2023, consolidando su prestigio a nivel global.&nbsp;<\/p>\n","protected":false},"excerpt":{"rendered":"<p>En el marco de las celebraciones por el D\u00eda Internacional de la Danza, que se celebra el 29 de abril, la escena art\u00edstica de C\u00f3rdoba se viste de gala para reconocer a dos figuras fundamentales de nuestra cultura: Alejandra Gonz\u00e1lez Sanzini y Daniel C\u00f3rdoba, quienes recientemente han sido distinguidos por la Legislatura Provincial como referentes [&hellip;]<\/p>\n","protected":false},"author":1,"featured_media":50851,"comment_status":"closed","ping_status":"closed","sticky":false,"template":"","format":"standard","meta":{"om_disable_all_campaigns":false,"_monsterinsights_skip_tracking":false,"_monsterinsights_sitenote_active":false,"_monsterinsights_sitenote_note":"","_monsterinsights_sitenote_category":0},"categories":[18],"tags":[],"aioseo_notices":[],"_links":{"self":[{"href":"https:\/\/economiapoliticacba.com\/index.php?rest_route=\/wp\/v2\/posts\/50850"}],"collection":[{"href":"https:\/\/economiapoliticacba.com\/index.php?rest_route=\/wp\/v2\/posts"}],"about":[{"href":"https:\/\/economiapoliticacba.com\/index.php?rest_route=\/wp\/v2\/types\/post"}],"author":[{"embeddable":true,"href":"https:\/\/economiapoliticacba.com\/index.php?rest_route=\/wp\/v2\/users\/1"}],"replies":[{"embeddable":true,"href":"https:\/\/economiapoliticacba.com\/index.php?rest_route=%2Fwp%2Fv2%2Fcomments&post=50850"}],"version-history":[{"count":0,"href":"https:\/\/economiapoliticacba.com\/index.php?rest_route=\/wp\/v2\/posts\/50850\/revisions"}],"wp:featuredmedia":[{"embeddable":true,"href":"https:\/\/economiapoliticacba.com\/index.php?rest_route=\/wp\/v2\/media\/50851"}],"wp:attachment":[{"href":"https:\/\/economiapoliticacba.com\/index.php?rest_route=%2Fwp%2Fv2%2Fmedia&parent=50850"}],"wp:term":[{"taxonomy":"category","embeddable":true,"href":"https:\/\/economiapoliticacba.com\/index.php?rest_route=%2Fwp%2Fv2%2Fcategories&post=50850"},{"taxonomy":"post_tag","embeddable":true,"href":"https:\/\/economiapoliticacba.com\/index.php?rest_route=%2Fwp%2Fv2%2Ftags&post=50850"}],"curies":[{"name":"wp","href":"https:\/\/api.w.org\/{rel}","templated":true}]}}