{"id":50840,"date":"2026-04-28T14:55:45","date_gmt":"2026-04-28T14:55:45","guid":{"rendered":"https:\/\/canalshowsport.com.ar\/?p=49297"},"modified":"2026-04-28T14:55:45","modified_gmt":"2026-04-28T14:55:45","slug":"la-dura-sancion-que-recibiria-esteban-andrada-tras-el-escandalo-en-el-clasico","status":"publish","type":"post","link":"https:\/\/economiapoliticacba.com\/?p=50840","title":{"rendered":"La dura sanci\u00f3n que recibir\u00eda Esteban Andrada tras el esc\u00e1ndalo en el cl\u00e1sico"},"content":{"rendered":"<p><strong>Esteban Andrada<\/strong> fue noticia en el f\u00fatbol pero no por los motivos que hubiese deseado. El ex arquero de Boca qued\u00f3 en el centro de las cr\u00edticas tras una <a href=\"https:\/\/canalshowsport.com.ar\/escandalo-en-el-futbol-espanol-el-argentino-esteban-andrada-agredio-brutalmente-a-un-rival\/\">reacci\u00f3n violenta en el cl\u00e1sico entre el Zaragoza y el Huesca<\/a>, que termin\u00f3 con el argentino expulsado y una posible sanci\u00f3n hist\u00f3rica.<\/p>\n<figure class=\"wp-block-image size-full is-resized\"><img loading=\"lazy\" decoding=\"async\" width=\"646\" height=\"431\" src=\"http:\/\/economiapoliticacba.com\/wp-content\/uploads\/2026\/04\/la-dura-sancion-que-recibiria-esteban-andrada-tras-el-escandalo-en-el-clasico.webp\" alt class=\"wp-image-49304\" srcset=\"http:\/\/economiapoliticacba.com\/wp-content\/uploads\/2026\/04\/la-dura-sancion-que-recibiria-esteban-andrada-tras-el-escandalo-en-el-clasico.webp 646w, http:\/\/economiapoliticacba.com\/wp-content\/uploads\/2026\/04\/la-dura-sancion-que-recibiria-esteban-andrada-tras-el-escandalo-en-el-clasico-1.webp 24w, http:\/\/economiapoliticacba.com\/wp-content\/uploads\/2026\/04\/la-dura-sancion-que-recibiria-esteban-andrada-tras-el-escandalo-en-el-clasico-2.webp 36w, http:\/\/economiapoliticacba.com\/wp-content\/uploads\/2026\/04\/la-dura-sancion-que-recibiria-esteban-andrada-tras-el-escandalo-en-el-clasico-3.webp 48w\" sizes=\"(max-width: 646px) 100vw, 646px\"><figcaption class=\"wp-element-caption\"> <\/figcaption><\/figure>\n<p>Todo inici\u00f3 cuando Andrada empuj\u00f3 a Jorge Pulido, lo que le vali\u00f3 la expulsi\u00f3n. El arquero enfurecido con el rival por considerar que exager\u00f3, le dio un golpe en la cara al defensor del Huesca antes de abandonar el campo, lo que complicar\u00e1 m\u00e1s su sanci\u00f3n por parte del tribunal de disciplina. <\/p>\n<blockquote class=\"twitter-tweet\" data-media-max-width=\"560\" readability=\"3.864406779661\">\n<p lang=\"es\" dir=\"ltr\">\ud83d\udd25\ud83d\udc40 \u00bfCu\u00e1ntas fechas de suspensi\u00f3n creen que le van a dar a Esteban Andrada? <a href=\"https:\/\/t.co\/h9AA6lTn7Y\">pic.twitter.com\/h9AA6lTn7Y<\/a> <a href=\"https:\/\/t.co\/JNphShuRyS\">https:\/\/t.co\/JNphShuRyS<\/a><\/p>\n<p>\u2014 PaseClave (@paseclave__) <a href=\"https:\/\/twitter.com\/paseclave__\/status\/2048480730267672941?ref_src=twsrc%5Etfw\" rel=\"noopener\">April 26, 2026<\/a><\/p><\/blockquote>\n<p>A pesar de que el futbolista utiliz\u00f3 sus redes sociales para pedir disculpas p\u00fablicas a sus compa\u00f1eros, hinchas y al propio agredido, la gravedad del hecho hace prever que el castigo ser\u00e1 hist\u00f3rico.<\/p>\n<p>Eduardo Iturralde Gonz\u00e1lez, ex\u00e1rbitro internacional y referente del arbitraje en Espa\u00f1a, analiz\u00f3 la situaci\u00f3n y adelant\u00f3 que el Tribunal de Disciplina aplicar\u00e1 le caer\u00e1 con todo el peso. Seg\u00fan el art\u00edculo 103 del reglamento de la Federaci\u00f3n Espa\u00f1ola, las sanciones por este tipo de agresiones son severas: si no hay lesi\u00f3n de por medio, la suspensi\u00f3n va entre las 4 y 12 fechas; y en caso de que haya una lesi\u00f3n, la pena podr\u00eda elevarse de 6 a 15.<\/p>\n<h4 class=\"wp-block-heading has-white-color has-pale-cyan-blue-background-color has-text-color has-background has-link-color wp-elements-7c5f8189fb634ec6d237445804a4fb41\"><em><strong>+ \u00bfSos fan\u00e1tico de la Selecci\u00f3n? Showsport sortea un viaje al Mundial.&nbsp;<a href=\"https:\/\/www.instagram.com\/showsportcanal\/p\/DW1vhPiFMOS\/\" rel=\"noopener\">Particip\u00e1 haciendo clic ac\u00e1<\/a><\/strong><\/em><\/h4>\n<p>Este panorama deja a Andrada pr\u00e1cticamente fuera de lo que resta de la temporada. Pero las malas noticias no terminan ah\u00ed, ya que su contrato con el Zaragoza vence en junio y, la dirigencia ya habr\u00eda tomado la decisi\u00f3n de no renovar su v\u00ednculo.<\/p>\n","protected":false},"excerpt":{"rendered":"<p>Esteban Andrada fue noticia en el f\u00fatbol pero no por los motivos que hubiese deseado. El ex arquero de Boca qued\u00f3 en el centro de las cr\u00edticas tras una reacci\u00f3n violenta en el cl\u00e1sico entre el Zaragoza y el Huesca, que termin\u00f3 con el argentino expulsado y una posible sanci\u00f3n hist\u00f3rica. Todo inici\u00f3 cuando Andrada [&hellip;]<\/p>\n","protected":false},"author":1,"featured_media":50841,"comment_status":"closed","ping_status":"closed","sticky":false,"template":"","format":"standard","meta":{"om_disable_all_campaigns":false,"_monsterinsights_skip_tracking":false,"_monsterinsights_sitenote_active":false,"_monsterinsights_sitenote_note":"","_monsterinsights_sitenote_category":0},"categories":[16],"tags":[308,3343,34,3344,985,2179],"aioseo_notices":[],"_links":{"self":[{"href":"https:\/\/economiapoliticacba.com\/index.php?rest_route=\/wp\/v2\/posts\/50840"}],"collection":[{"href":"https:\/\/economiapoliticacba.com\/index.php?rest_route=\/wp\/v2\/posts"}],"about":[{"href":"https:\/\/economiapoliticacba.com\/index.php?rest_route=\/wp\/v2\/types\/post"}],"author":[{"embeddable":true,"href":"https:\/\/economiapoliticacba.com\/index.php?rest_route=\/wp\/v2\/users\/1"}],"replies":[{"embeddable":true,"href":"https:\/\/economiapoliticacba.com\/index.php?rest_route=%2Fwp%2Fv2%2Fcomments&post=50840"}],"version-history":[{"count":0,"href":"https:\/\/economiapoliticacba.com\/index.php?rest_route=\/wp\/v2\/posts\/50840\/revisions"}],"wp:featuredmedia":[{"embeddable":true,"href":"https:\/\/economiapoliticacba.com\/index.php?rest_route=\/wp\/v2\/media\/50841"}],"wp:attachment":[{"href":"https:\/\/economiapoliticacba.com\/index.php?rest_route=%2Fwp%2Fv2%2Fmedia&parent=50840"}],"wp:term":[{"taxonomy":"category","embeddable":true,"href":"https:\/\/economiapoliticacba.com\/index.php?rest_route=%2Fwp%2Fv2%2Fcategories&post=50840"},{"taxonomy":"post_tag","embeddable":true,"href":"https:\/\/economiapoliticacba.com\/index.php?rest_route=%2Fwp%2Fv2%2Ftags&post=50840"}],"curies":[{"name":"wp","href":"https:\/\/api.w.org\/{rel}","templated":true}]}}