{"id":50822,"date":"2026-04-27T19:38:00","date_gmt":"2026-04-27T19:38:00","guid":{"rendered":"https:\/\/www.iprofesional.com\/autos\/453338-se-viene-un-auto-argenchino-los-sugestivos-movimiento-del-gigante-byd"},"modified":"2026-04-27T19:38:00","modified_gmt":"2026-04-27T19:38:00","slug":"vuelan-rumores-de-un-auto-argenchino-tras-visita-de-gigante-byd-a-una-fabrica-en-buenos-aires","status":"publish","type":"post","link":"https:\/\/economiapoliticacba.com\/?p=50822","title":{"rendered":"Vuelan rumores de un auto &#8220;argenchino&#8221; tras visita de gigante BYD a una f\u00e1brica en Buenos Aires"},"content":{"rendered":"<p><img src=\"http:\/\/economiapoliticacba.com\/wp-content\/uploads\/2026\/04\/vuelan-rumores-de-un-auto-argenchino-tras-visita-de-gigante-byd-a-una-fabrica-en-buenos-aires.jpg\"> Uno de los directivos de la china es un ex Toyota, como el l\u00edder de la f\u00e1brica que visit\u00f3. Todav\u00eda no est\u00e1 nada dicho, pero hay muchas puertas abiertas <iframe width=\"0\" height=\"0\" border=\"0\"> <script> (function(i,s,o,g,r,a,m){i['GoogleAnalyticsObject']=r;i[r]=i[r]||function(){ (i[r].q=i[r].q||[]).push(arguments)},i[r].l=1*new Date();a=s.createElement(o), m=s.getElementsByTagName(o)[0];a.async=1;a.src=g;m.parentNode.insertBefore(a,m) })(window,document,'script','https:\/\/www.google-analytics.com\/analytics.js','ga'); ga('create', 'GTM-5LW5KQD', 'auto'); ga('require', 'displayfeatures'); ga('set', 'campaignSource', 'RSS Client for iProfesional'); ga('set', 'campaignMedium', 'RSS Client for iProfesional'); ga('set', {\"dataSource\": \"rss.atom.iprofesional.com\"}); ga('set', {\"referrer\": \"rss.atom.iprofesional.com\"}); ga('set', 'title', 'RSS Client for iProfesional'); ga('send', 'pageview'); <\/script> <!-- Begin comScore Tag --> <script> var _comscore = _comscore || []; _comscore.push({ c1: \"2\", c2: \"16597048\" }); (function() { var s = document.createElement(\"script\"), el = document.getElementsByTagName(\"script\")[0]; s.async = true; s.src = \"https:\/\/sb.scorecardresearch.com\/cs\/16597048\/beacon.js\"; el.parentNode.insertBefore(s, el); })(); <\/script> <noscript> <img src=\"http:\/\/economiapoliticacba.com\/wp-content\/uploads\/2026\/04\/vuelan-rumores-de-un-auto-argenchino-tras-visita-de-gigante-byd-a-una-fabrica-en-buenos-aires.gif\"> <\/noscript> <!-- End comScore Tag --> <\/iframe> <iframe border=\"0px\" style=\"display: none\" width=0 height=0 src=\"https:\/\/www.iprofesional.com\/ga4.html?gtag_id=G-N13KWJP8BK&amp;title=Vuelan rumores de un auto &quot;argenchino&quot; tras visita de gigante BYD a una f\u00e1brica en Buenos Aires&amp;location=https:\/\/www.iprofesional.com\/autos\/453338-se-viene-un-auto-argenchino-los-sugestivos-movimiento-del-gigante-byd&amp;referrer=rss.atom.iprofesional.com&amp;ci=RSS Client for iProfesional&amp;cs=RSS Client for iProfesional&amp;cm=RSS&amp;cn=RSS Client for iProfesional&amp;cc=RSS Client for iProfesional\"><\/iframe> <\/p>\n","protected":false},"excerpt":{"rendered":"<p>Uno de los directivos de la china es un ex Toyota, como el l\u00edder de la f\u00e1brica que visit\u00f3. Todav\u00eda no est\u00e1 nada dicho, pero hay muchas puertas abiertas<\/p>\n","protected":false},"author":1,"featured_media":50823,"comment_status":"open","ping_status":"closed","sticky":false,"template":"","format":"standard","meta":{"om_disable_all_campaigns":false,"_monsterinsights_skip_tracking":false,"_monsterinsights_sitenote_active":false,"_monsterinsights_sitenote_note":"","_monsterinsights_sitenote_category":0},"categories":[19],"tags":[],"aioseo_notices":[],"_links":{"self":[{"href":"https:\/\/economiapoliticacba.com\/index.php?rest_route=\/wp\/v2\/posts\/50822"}],"collection":[{"href":"https:\/\/economiapoliticacba.com\/index.php?rest_route=\/wp\/v2\/posts"}],"about":[{"href":"https:\/\/economiapoliticacba.com\/index.php?rest_route=\/wp\/v2\/types\/post"}],"author":[{"embeddable":true,"href":"https:\/\/economiapoliticacba.com\/index.php?rest_route=\/wp\/v2\/users\/1"}],"replies":[{"embeddable":true,"href":"https:\/\/economiapoliticacba.com\/index.php?rest_route=%2Fwp%2Fv2%2Fcomments&post=50822"}],"version-history":[{"count":0,"href":"https:\/\/economiapoliticacba.com\/index.php?rest_route=\/wp\/v2\/posts\/50822\/revisions"}],"wp:featuredmedia":[{"embeddable":true,"href":"https:\/\/economiapoliticacba.com\/index.php?rest_route=\/wp\/v2\/media\/50823"}],"wp:attachment":[{"href":"https:\/\/economiapoliticacba.com\/index.php?rest_route=%2Fwp%2Fv2%2Fmedia&parent=50822"}],"wp:term":[{"taxonomy":"category","embeddable":true,"href":"https:\/\/economiapoliticacba.com\/index.php?rest_route=%2Fwp%2Fv2%2Fcategories&post=50822"},{"taxonomy":"post_tag","embeddable":true,"href":"https:\/\/economiapoliticacba.com\/index.php?rest_route=%2Fwp%2Fv2%2Ftags&post=50822"}],"curies":[{"name":"wp","href":"https:\/\/api.w.org\/{rel}","templated":true}]}}