{"id":50815,"date":"2026-04-27T17:30:00","date_gmt":"2026-04-27T17:30:00","guid":{"rendered":"https:\/\/economiapoliticacba.com\/?p=50815"},"modified":"2026-04-27T17:30:00","modified_gmt":"2026-04-27T17:30:00","slug":"reforma-electoral-en-jaque-la-ucr-y-el-pro-se-diferencian-del-proyecto-del-oficialismo","status":"publish","type":"post","link":"https:\/\/economiapoliticacba.com\/?p=50815","title":{"rendered":"Reforma electoral en jaque: la UCR y el PRO se diferencian del proyecto del oficialismo"},"content":{"rendered":"<p><strong>Patricia Bullrich<\/strong> enfrenta su mayor desaf\u00edo como jefa del bloque libertario en el <strong>Senado <\/strong>desde su desembarco en diciembre pasado, tras haber atravesado unas sesiones extraordinarias exitosas en diciembre y febrero. <a href=\"https:\/\/eleconomista.com.ar\/politica\/reforma-electoral-ventajas-oficialismo-riesgos-oposicion-n94380\" target=\"_blank\" rel=\"noopener\">La <strong>reforma electoral<\/strong> que el Gobierno envi\u00f3<\/a> al Congreso el \u00faltimo mi\u00e9rcoles encuentra <mark class=\"marker-yellow\"><strong>resistencia en sus principales aliados -la UCR y el PRO-<\/strong><\/mark>, cuyos votos resultan indispensables para que el oficialismo pueda avanzar con cualquier iniciativa.<\/p>\n<ul>\n<li>La Libertad Avanza (<strong>LLA<\/strong>) cuenta con apenas 21 senadores y, en este caso, requiere 37 votos afirmativos ya que el proyecto modifica reglas electorales. El radicalismo suma diez legisladores y el macrismo, tres.<\/li>\n<\/ul>\n<p><mark class=\"marker-yellow\"><strong>Dirigentes de la UCR y el PRO ratificaron en las \u00faltimas horas sus diferencias con la reforma pol\u00edtica<\/strong><\/mark>, que tiene como pilares la <strong>eliminaci\u00f3n de las PASO<\/strong> -el punto de conflicto-, cambios en el financiamiento partidario y la incorporaci\u00f3n de ficha limpia.<\/p>\n<p>El presidente del bloque radical, <strong>Eduardo Vischi<\/strong> (Corrientes), present\u00f3 un proyecto alternativo a t\u00edtulo personal que propone, esencialmente, que las primarias sean <strong>optativas <\/strong>tanto para los partidos como para los votantes. <mark class=\"marker-yellow\"><strong>&#8220;Cambiar las reglas a cada rato es una complicaci\u00f3n. Y el Gobierno env\u00eda ahora al Congreso lo que le conviene, que es eliminar las PASO&#8221;<\/strong><\/mark>, lanz\u00f3.<\/p>\n<div class=\"rela\">\n<div class=\"pic\"> <a href=\"https:\/\/eleconomista.com.ar\/politica\/como-desarrollara-presentacion-adorni-diputados-discurso-inicial-preguntas-bloques-milei-palco-n94426\" title=\"C\u00f3mo se desarrollar\u00e1 la presentaci\u00f3n de Adorni en Diputados: discurso inicial, preguntas por bloques y Milei en el palco\"><img src=\"http:\/\/economiapoliticacba.com\/wp-content\/uploads\/2026\/04\/reforma-electoral-en-jaque-la-ucr-y-el-pro-se-diferencian-del-proyecto-del-oficialismo.webp\" alt=\"C\u00f3mo se desarrollar\u00e1 la presentaci\u00f3n de Adorni en Diputados: discurso inicial, preguntas por bloques y Milei en el palco\" loading=\"lazy\"><\/a> <\/div><\/div>\n<p>El correntino explic\u00f3, en di\u00e1logo con <i>Now 97.9<\/i>, que <strong>dentro de la UCR conviven dos posturas<\/strong>, adem\u00e1s de la suya: quienes se oponen a la eliminaci\u00f3n o modificaci\u00f3n de las PASO y los que consideran que los partidos deben resolver sus problemas internamente.<\/p>\n<figure class=\"image\"><img loading=\"lazy\" width=\"100\" height=\"100\" class=\"cst_img\" src=\"http:\/\/economiapoliticacba.com\/wp-content\/uploads\/2026\/04\/reforma-electoral-en-jaque-la-ucr-y-el-pro-se-diferencian-del-proyecto-del-oficialismo-1.webp\" alt=\"Eduardo Vischi, jefe del bloque UCR en el Senado\"><figcaption>Eduardo Vischi, jefe del bloque UCR en el Senado<\/figcaption><\/figure>\n<p>El bloque PRO en el Senado, por su parte, definir\u00e1 formalmente su postura en una reuni\u00f3n con el partido que tendr\u00e1 lugar a las 15. D\u00edas atr\u00e1s, el jefe de la bancada, <strong>Mart\u00edn Goerling<\/strong>, dijo a <strong>El Economista<\/strong> que <mark class=\"marker-yellow\"><strong>se opone a derogar las PASO &#8220;m\u00e1s all\u00e1 de si perjudica al PRO o no&#8221;<\/strong><\/mark>.<\/p>\n<div class=\"rela\">\n<div class=\"pic\"> <a href=\"https:\/\/eleconomista.com.ar\/politica\/reforma-electoral-ventajas-oficialismo-riesgos-oposicion-n94380\" title=\"Reforma electoral: ventajas para el oficialismo y riesgos para la oposici\u00f3n\"><img src=\"http:\/\/economiapoliticacba.com\/wp-content\/uploads\/2026\/04\/reforma-electoral-en-jaque-la-ucr-y-el-pro-se-diferencian-del-proyecto-del-oficialismo-2.webp\" alt=\"Reforma electoral: ventajas para el oficialismo y riesgos para la oposici\u00f3n\" loading=\"lazy\"><\/a> <\/div><\/div>\n<p>En tanto, el presidente del bloque amarillo en Diputados, <strong>Cristian Ritondo<\/strong>, sostuvo esta ma\u00f1ana que <mark class=\"marker-yellow\"><strong>&#8220;no tiene por qu\u00e9 ser blanco o negro; puede haber primarias sin que sean obligatorias, o que no participen aquellos que tienen lista \u00fanica&#8221;<\/strong><\/mark>. Adem\u00e1s, cuestion\u00f3 en <i>Radio Rivadavia<\/i> la falta de di\u00e1logo del oficialismo en lo que respecta a la reforma: &#8220;Lamentablemente no tuvimos la oportunidad de consensuar antes que viniera el proyecto. No lo han discutido con nosotros, <strong>no me he sentado con nadie del Gobierno<\/strong>&#8220;.<\/p>\n<figure class=\"image\"><img loading=\"lazy\" width=\"100\" height=\"100\" class=\"cst_img\" src=\"http:\/\/economiapoliticacba.com\/wp-content\/uploads\/2026\/04\/reforma-electoral-en-jaque-la-ucr-y-el-pro-se-diferencian-del-proyecto-del-oficialismo-3.webp\" alt=\"Mart\u00edn Goerling y Cristian Ritondo, jefes del bloque PRO en el Senado y en Diputados, respectivamente\"><figcaption>Mart\u00edn Goerling y Cristian Ritondo, jefes del bloque PRO en el Senado y en Diputados, respectivamente<\/figcaption><\/figure>\n","protected":false},"excerpt":{"rendered":"<p>Patricia Bullrich enfrenta su mayor desaf\u00edo como jefa del bloque libertario en el Senado desde su desembarco en diciembre pasado, tras haber atravesado unas sesiones extraordinarias exitosas en diciembre y febrero. La reforma electoral que el Gobierno envi\u00f3 al Congreso el \u00faltimo mi\u00e9rcoles encuentra resistencia en sus principales aliados -la UCR y el PRO-, cuyos [&hellip;]<\/p>\n","protected":false},"author":1,"featured_media":50816,"comment_status":"closed","ping_status":"closed","sticky":false,"template":"","format":"standard","meta":{"om_disable_all_campaigns":false,"_monsterinsights_skip_tracking":false,"_monsterinsights_sitenote_active":false,"_monsterinsights_sitenote_note":"","_monsterinsights_sitenote_category":0},"categories":[17,21],"tags":[],"aioseo_notices":[],"_links":{"self":[{"href":"https:\/\/economiapoliticacba.com\/index.php?rest_route=\/wp\/v2\/posts\/50815"}],"collection":[{"href":"https:\/\/economiapoliticacba.com\/index.php?rest_route=\/wp\/v2\/posts"}],"about":[{"href":"https:\/\/economiapoliticacba.com\/index.php?rest_route=\/wp\/v2\/types\/post"}],"author":[{"embeddable":true,"href":"https:\/\/economiapoliticacba.com\/index.php?rest_route=\/wp\/v2\/users\/1"}],"replies":[{"embeddable":true,"href":"https:\/\/economiapoliticacba.com\/index.php?rest_route=%2Fwp%2Fv2%2Fcomments&post=50815"}],"version-history":[{"count":0,"href":"https:\/\/economiapoliticacba.com\/index.php?rest_route=\/wp\/v2\/posts\/50815\/revisions"}],"wp:featuredmedia":[{"embeddable":true,"href":"https:\/\/economiapoliticacba.com\/index.php?rest_route=\/wp\/v2\/media\/50816"}],"wp:attachment":[{"href":"https:\/\/economiapoliticacba.com\/index.php?rest_route=%2Fwp%2Fv2%2Fmedia&parent=50815"}],"wp:term":[{"taxonomy":"category","embeddable":true,"href":"https:\/\/economiapoliticacba.com\/index.php?rest_route=%2Fwp%2Fv2%2Fcategories&post=50815"},{"taxonomy":"post_tag","embeddable":true,"href":"https:\/\/economiapoliticacba.com\/index.php?rest_route=%2Fwp%2Fv2%2Ftags&post=50815"}],"curies":[{"name":"wp","href":"https:\/\/api.w.org\/{rel}","templated":true}]}}