{"id":50805,"date":"2026-04-27T19:01:43","date_gmt":"2026-04-27T19:01:43","guid":{"rendered":"http:\/\/69efad2666da7848669d5a76"},"modified":"2026-04-27T19:01:43","modified_gmt":"2026-04-27T19:01:43","slug":"fito-paez-anuncia-nuevo-show-en-cordoba-versiones-ineditas-y-nueva-puesta-en-escena","status":"publish","type":"post","link":"https:\/\/economiapoliticacba.com\/?p=50805","title":{"rendered":"Fito P\u00e1ez anuncia nuevo show en C\u00f3rdoba: versiones in\u00e9ditas y nueva puesta en escena"},"content":{"rendered":"<p><img src=\"http:\/\/economiapoliticacba.com\/wp-content\/uploads\/2026\/04\/fito-paez-anuncia-nuevo-show-en-cordoba-versiones-ineditas-y-nueva-puesta-en-escena.jpg\"><\/p>\n<p><strong>Fito P\u00e1ez llega a C\u00f3rdoba, en el marco de su gira Sale el Sol Tour.<\/strong> El show es el 16 de octubre en Plaza de la M\u00fasica y las entradas salen a la preventa este martes 28 de abril.&nbsp;<\/p>\n<p>Las entradas se consiguen en<a rel=\"noopener nofollow\" href=\"https:\/\/www.edenentradas.ar\/\" target=\"_blank\"> Eden Entradas<\/a>. Preventa de entradas 28 de abril, exclusiva con BBVA. <strong>La venta general se habilita el mi\u00e9rcoles 29 de abril, con todos los medios de pagos.&nbsp;<\/strong><\/p>\n<p>El artista abre un nuevo cap\u00edtulo en su recorrido art\u00edstico y anuncia l as primeras fechas de su esperada gira por el pa\u00eds, en el marco del Sale el Sol Tour 2026, el proyecto que marca el inicio de una etapa completamente renovada en su carrera.<\/p>\n<figure class=\"multimedia\" data-tadevel-template=\"web\/multimedia\" data-type=\"photo\">\n<div class=\"content\">\n<div class=\"sizer\" data-sizer=\"aspect-ratio\" data-tadevel-template=\"web\/aspect-ratio\"><img alt=\"Fito P\u00e1ez anuncia nuevo show en C\u00f3rdoba: versiones in\u00e9ditas y nueva puesta en escena\" loading=\"lazy\"><\/div>\n<\/div>\n<\/figure>\n<p><strong>El tour propone un espect\u00e1culo concebido desde cero,<\/strong> con versiones in\u00e9ditas de sus grandes canciones y una selecci\u00f3n de temas pensada con la precisi\u00f3n artesanal que distingue a P\u00e1ez. Cada arreglo, cada sonido y cada detalle esc\u00e9nico fueron elegidos con la minuciosidad de quien conoce profundamente su propio universo.<\/p>\n<p><strong>Sale el Sol Tour 2026<\/strong> es, al mismo tiempo, un viaje por las canciones m\u00e1s emblem\u00e1ticas de su repertorio y una nueva lectura de ellas. Fito las revisita, las reinterpreta y las resignifica, ofreciendo un concierto que late con la energ\u00eda de su presente y la emoci\u00f3n de toda una vida dedicada a la m\u00fasica.<\/p>\n<p>Las presentaciones recientes en el Movistar Arena dejaron entrever el pulso de esta nueva etapa: un show intenso y emotivo, con un repertorio que cruza distintas \u00e9pocas de su obra y una puesta, a cargo de Sergio Lacroix, que potencia cada momento sin perder la esencia. Algo similar ocurri\u00f3 en Neuqu\u00e9n y Mendoza los d\u00edas 15 y 17 de abril, respectivamente, en el par de shows que ofici\u00f3 de ceremonia inaugural para esta gira federal y rutera que prepara Fito.<\/p>\n<p>Sin adelantar demasiado, lo que sucede en escena confirma que se trata de una experiencia pensada en cada detalle, donde la conexi\u00f3n con el p\u00fablico vuelve a ocupar un lugar central.<\/p>\n<p>En ese marco, la gira argentina asume tambi\u00e9n un prop\u00f3sito profundamente federal: llevar esta nueva propuesta a distintos puntos del pa\u00eds, reforzando el v\u00ednculo hist\u00f3rico de Fito con su audiencia m\u00e1s all\u00e1 de Buenos Aires. Cada ciudad se vuelve as\u00ed parte de una misma narrativa, donde las canciones funcionan como punto de encuentro y celebraci\u00f3n colectiva.<\/p>\n<p>Tras una serie de funciones consagratorias en la capital, y con los recientes shows en Mendoza y Neuqu\u00e9n como antesala de lo que se viene, el regreso a las rutas argentinas promete justamente eso: un reencuentro amplio, diverso y cercano, donde la m\u00fasica, la poes\u00eda y la emoci\u00f3n vuelven a desplegarse en todo el territorio.<\/p>\n<p>M\u00e1s que una gira, esta etapa del rosarino es una declaraci\u00f3n art\u00edstica: una invitaci\u00f3n a ver a Fito Paez como nunca antes, en un momento de plenitud creativa y b\u00fasqueda constante.<\/p>\n<p>SALE EL SOL TOUR 2026:<\/p>\n","protected":false},"excerpt":{"rendered":"<p>Fito P\u00e1ez llega a C\u00f3rdoba, en el marco de su gira Sale el Sol Tour. El show es el 16 de octubre en Plaza de la M\u00fasica y las entradas salen a la preventa este martes 28 de abril.&nbsp; Las entradas se consiguen en Eden Entradas. Preventa de entradas 28 de abril, exclusiva con BBVA. [&hellip;]<\/p>\n","protected":false},"author":1,"featured_media":50806,"comment_status":"closed","ping_status":"closed","sticky":false,"template":"","format":"standard","meta":{"om_disable_all_campaigns":false,"_monsterinsights_skip_tracking":false,"_monsterinsights_sitenote_active":false,"_monsterinsights_sitenote_note":"","_monsterinsights_sitenote_category":0},"categories":[18],"tags":[],"aioseo_notices":[],"_links":{"self":[{"href":"https:\/\/economiapoliticacba.com\/index.php?rest_route=\/wp\/v2\/posts\/50805"}],"collection":[{"href":"https:\/\/economiapoliticacba.com\/index.php?rest_route=\/wp\/v2\/posts"}],"about":[{"href":"https:\/\/economiapoliticacba.com\/index.php?rest_route=\/wp\/v2\/types\/post"}],"author":[{"embeddable":true,"href":"https:\/\/economiapoliticacba.com\/index.php?rest_route=\/wp\/v2\/users\/1"}],"replies":[{"embeddable":true,"href":"https:\/\/economiapoliticacba.com\/index.php?rest_route=%2Fwp%2Fv2%2Fcomments&post=50805"}],"version-history":[{"count":0,"href":"https:\/\/economiapoliticacba.com\/index.php?rest_route=\/wp\/v2\/posts\/50805\/revisions"}],"wp:featuredmedia":[{"embeddable":true,"href":"https:\/\/economiapoliticacba.com\/index.php?rest_route=\/wp\/v2\/media\/50806"}],"wp:attachment":[{"href":"https:\/\/economiapoliticacba.com\/index.php?rest_route=%2Fwp%2Fv2%2Fmedia&parent=50805"}],"wp:term":[{"taxonomy":"category","embeddable":true,"href":"https:\/\/economiapoliticacba.com\/index.php?rest_route=%2Fwp%2Fv2%2Fcategories&post=50805"},{"taxonomy":"post_tag","embeddable":true,"href":"https:\/\/economiapoliticacba.com\/index.php?rest_route=%2Fwp%2Fv2%2Ftags&post=50805"}],"curies":[{"name":"wp","href":"https:\/\/api.w.org\/{rel}","templated":true}]}}