{"id":50798,"date":"2026-04-27T17:00:40","date_gmt":"2026-04-27T17:00:40","guid":{"rendered":"https:\/\/canalshowsport.com.ar\/?p=49091"},"modified":"2026-04-27T17:00:40","modified_gmt":"2026-04-27T17:00:40","slug":"talleres-prepara-el-cierre-de-la-fase-regular-un-regreso-una-baja-y-dudas-por-lesiones","status":"publish","type":"post","link":"https:\/\/economiapoliticacba.com\/?p=50798","title":{"rendered":"Talleres prepara el cierre de la fase regular: un regreso, una baja y dudas por lesiones"},"content":{"rendered":"<p><strong>Talleres<\/strong> cuenta con la tranquilidad de tener la clasificaci\u00f3n a los playoffs del Torneo Apertura asegurada. Sin embargo no se relaja, ya buscar\u00e1 un triunfo en la \u00faltima fecha de la fase regular, buscando quedar entre los cuatro primeros y as\u00ed contar con la local\u00eda en los octavos de final.<\/p>\n<p>Para el <strong>compromiso ante Uni\u00f3n en Santa Fe,<\/strong> el cuerpo t\u00e9cnico liderado por Carlos T\u00e9vez empieza a armar el once inicial, que presentar\u00e1 algunas modificaciones.<\/p>\n<figure class=\"wp-block-image size-full\"><img loading=\"lazy\" decoding=\"async\" width=\"750\" height=\"500\" src=\"http:\/\/economiapoliticacba.com\/wp-content\/uploads\/2026\/04\/talleres-prepara-el-cierre-de-la-fase-regular-un-regreso-una-baja-y-dudas-por-lesiones.webp\" alt class=\"wp-image-49093\" srcset=\"http:\/\/economiapoliticacba.com\/wp-content\/uploads\/2026\/04\/talleres-prepara-el-cierre-de-la-fase-regular-un-regreso-una-baja-y-dudas-por-lesiones.webp 750w, http:\/\/economiapoliticacba.com\/wp-content\/uploads\/2026\/04\/talleres-prepara-el-cierre-de-la-fase-regular-un-regreso-una-baja-y-dudas-por-lesiones-1.webp 24w, http:\/\/economiapoliticacba.com\/wp-content\/uploads\/2026\/04\/talleres-prepara-el-cierre-de-la-fase-regular-un-regreso-una-baja-y-dudas-por-lesiones-2.webp 36w, http:\/\/economiapoliticacba.com\/wp-content\/uploads\/2026\/04\/talleres-prepara-el-cierre-de-la-fase-regular-un-regreso-una-baja-y-dudas-por-lesiones-3.webp 48w\" sizes=\"(max-width: 750px) 100vw, 750px\"><figcaption class=\"wp-element-caption\"> <\/figcaption><\/figure>\n<p>La buena noticia para el &#8220;Matador&#8221; es <strong>el retorno de Augusto Schott<\/strong>. El lateral ya cumpli\u00f3 con su fecha de suspensi\u00f3n, tras haber alcanzado el l\u00edmite de amonestaciones y est\u00e1 a disposici\u00f3n para recuperar su lugar en la defensa.<\/p>\n<h4 class=\"wp-block-heading has-white-color has-pale-cyan-blue-background-color has-text-color has-background has-link-color wp-elements-003bb17a2be19af89136df907d258be8\"><em><strong>+ \u00bfSos&nbsp;<\/strong><\/em><strong><em>fan<\/em><\/strong><em><strong>\u00e1tico de la Selecci\u00f3n? Showsport sortea un viaje al Mundial.&nbsp;<a href=\"https:\/\/www.instagram.com\/showsportcanal\/p\/DW1vhPiFMOS\/\" rel=\"noopener\">Particip\u00e1 haciendo clic ac\u00e1<\/a><\/strong><\/em><\/h4>\n<p>Por el contrario aparece la baja de <strong>Juan Sebasti\u00e1n Sforza<\/strong>. El volante central, que hab\u00eda ingresado en el segundo tiempo en el empate por 0-0 del \u00faltimo s\u00e1bado frente a Estudiantes de La Plata, vio la tarjeta amarilla y lleg\u00f3 a su quinta amonestaci\u00f3n. De esta manera, deber\u00e1 cumplir un partido de sanci\u00f3n y se perder\u00e1 el duelo ante el &#8220;Tatengue&#8221;.<\/p>\n<p>Adem\u00e1s, el cuerpo m\u00e9dico eval\u00faa la evoluci\u00f3n de <strong>Santiago Fern\u00e1ndez<\/strong> y <strong>Diego Valoyes<\/strong>. Ambos fueron titulares ante el &#8220;Pincha&#8221;, pero no pudieron completar los 90 minutos y se retiraron con diversas molestias f\u00edsicas, por lo que su presencia en Santa Fe es una inc\u00f3gnita.<\/p>\n<figure class=\"wp-block-embed is-type-wp-embed is-provider-canal-showsport wp-block-embed-canal-showsport\"><\/figure>\n","protected":false},"excerpt":{"rendered":"<p>Talleres cuenta con la tranquilidad de tener la clasificaci\u00f3n a los playoffs del Torneo Apertura asegurada. Sin embargo no se relaja, ya buscar\u00e1 un triunfo en la \u00faltima fecha de la fase regular, buscando quedar entre los cuatro primeros y as\u00ed contar con la local\u00eda en los octavos de final. Para el compromiso ante Uni\u00f3n [&hellip;]<\/p>\n","protected":false},"author":1,"featured_media":50799,"comment_status":"closed","ping_status":"closed","sticky":false,"template":"","format":"standard","meta":{"om_disable_all_campaigns":false,"_monsterinsights_skip_tracking":false,"_monsterinsights_sitenote_active":false,"_monsterinsights_sitenote_note":"","_monsterinsights_sitenote_category":0},"categories":[16],"tags":[1301,421,3342,36],"aioseo_notices":[],"_links":{"self":[{"href":"https:\/\/economiapoliticacba.com\/index.php?rest_route=\/wp\/v2\/posts\/50798"}],"collection":[{"href":"https:\/\/economiapoliticacba.com\/index.php?rest_route=\/wp\/v2\/posts"}],"about":[{"href":"https:\/\/economiapoliticacba.com\/index.php?rest_route=\/wp\/v2\/types\/post"}],"author":[{"embeddable":true,"href":"https:\/\/economiapoliticacba.com\/index.php?rest_route=\/wp\/v2\/users\/1"}],"replies":[{"embeddable":true,"href":"https:\/\/economiapoliticacba.com\/index.php?rest_route=%2Fwp%2Fv2%2Fcomments&post=50798"}],"version-history":[{"count":0,"href":"https:\/\/economiapoliticacba.com\/index.php?rest_route=\/wp\/v2\/posts\/50798\/revisions"}],"wp:featuredmedia":[{"embeddable":true,"href":"https:\/\/economiapoliticacba.com\/index.php?rest_route=\/wp\/v2\/media\/50799"}],"wp:attachment":[{"href":"https:\/\/economiapoliticacba.com\/index.php?rest_route=%2Fwp%2Fv2%2Fmedia&parent=50798"}],"wp:term":[{"taxonomy":"category","embeddable":true,"href":"https:\/\/economiapoliticacba.com\/index.php?rest_route=%2Fwp%2Fv2%2Fcategories&post=50798"},{"taxonomy":"post_tag","embeddable":true,"href":"https:\/\/economiapoliticacba.com\/index.php?rest_route=%2Fwp%2Fv2%2Ftags&post=50798"}],"curies":[{"name":"wp","href":"https:\/\/api.w.org\/{rel}","templated":true}]}}