{"id":50751,"date":"2026-04-26T18:45:00","date_gmt":"2026-04-26T18:45:00","guid":{"rendered":"http:\/\/69ee5bef66da7848668409b3"},"modified":"2026-04-26T18:45:00","modified_gmt":"2026-04-26T18:45:00","slug":"al-fin-una-semana-sin-pronostico-de-lluvias-para-cordoba","status":"publish","type":"post","link":"https:\/\/economiapoliticacba.com\/?p=50751","title":{"rendered":"Al fin una semana sin pron\u00f3stico de lluvias para C\u00f3rdoba"},"content":{"rendered":"<p><img src=\"http:\/\/economiapoliticacba.com\/wp-content\/uploads\/2026\/04\/al-fin-una-semana-sin-pronostico-de-lluvias-para-cordoba.jpg\"><\/p>\n<p>Seg\u00fan <strong>pronostican desde el Observatorio C\u00f3rdoba, dependiente del Servicio Meteorol\u00f3gico Nacional<\/strong>, la que se inicia<strong> ser\u00e1 una semana bastante fresca, con el cielo que se ir\u00e1 despejando y sin la presencia de lluvias<\/strong>, lo que tambi\u00e9n har\u00e1 que los porcentuales de humedad vayan disminuyendo tambi\u00e9n.<\/p>\n<p>Para este <strong>Lunes 27<\/strong> se pronostica una Temperatura M\u00e1xima de 17\u00b0 mientras que la M\u00ednima no superar\u00e1 los 8\u00b0, los vientos rotar\u00e1n del Sur hacia el Norte y el cielo se ir\u00e1 despejando.<\/p>\n<p>El <strong>Martes 28<\/strong>, en tanto, subir\u00e1 la M\u00e1xima hasta los 20\u00b0, mientras que la M\u00ednima no superar\u00e1 los 9\u00b0, con cielo despejado y viento del Norte.<\/p>\n<p>El <strong>Mi\u00e9rcoles 29<\/strong> seguir\u00e1 subiendo la temperatura para trepar la M\u00e1xima a los 21\u00b0 y la M\u00ednima llegar\u00e1 a los 14\u00b0, vientos moderados el Norte y cielo ligeramente nublado.<\/p>\n<p>Para el <strong>Jueves 30<\/strong> se prev\u00e9 mayor ascenso de Temperatura, llegando la M\u00e1xima a 22\u00b0 y la M\u00ednima bajar\u00e1 a los 10\u00b0, vientos del Sur rotando al Norte y cielo despej\u00e1ndose a\u00fan m\u00e1s.<\/p>\n<p>El <strong>Viernes 1 de Mayo<\/strong>, d\u00eda del Trabajo, estar\u00e1 igualmente agradable, con una M\u00e1xima de 22\u00b0 mientras que la M\u00ednima ser\u00e1 de 12\u00b0, cielo ligeramente nublado y viento del Norte que rotar\u00e1n al cuadrante Sur.<\/p>\n<p>Finalmente, el <strong>S\u00e1bado 2<\/strong> estar\u00e1 a\u00fan m\u00e1s agradable, con temperaturas que ir\u00e1n desde una M\u00e1xima de 23\u00b0 a una M\u00ednima de 13\u00b0, el cielo estar\u00e1 parcialmente nublado y soplar\u00e1 viento Norte.<\/p>\n<figure class=\"multimedia\" data-tadevel-template=\"web\/multimedia\" data-type=\"photo\">\n<div class=\"content\">\n<div class=\"sizer\" data-sizer=\"aspect-ratio\" data-tadevel-template=\"web\/aspect-ratio\"><img alt=\"Al fin una semana sin pron\u00f3stico de lluvias para C\u00f3rdoba\" loading=\"lazy\"><\/div>\n<\/div><figcaption class=\"caption\">\n<div class=\"attribution\">Foto: Observatorio C\u00f3rdoba &#8211; Servicio Meteorol\u00f3gico Nacional<\/div>\n<\/figcaption><\/figure>\n","protected":false},"excerpt":{"rendered":"<p>Seg\u00fan pronostican desde el Observatorio C\u00f3rdoba, dependiente del Servicio Meteorol\u00f3gico Nacional, la que se inicia ser\u00e1 una semana bastante fresca, con el cielo que se ir\u00e1 despejando y sin la presencia de lluvias, lo que tambi\u00e9n har\u00e1 que los porcentuales de humedad vayan disminuyendo tambi\u00e9n. Para este Lunes 27 se pronostica una Temperatura M\u00e1xima de [&hellip;]<\/p>\n","protected":false},"author":1,"featured_media":50752,"comment_status":"closed","ping_status":"closed","sticky":false,"template":"","format":"standard","meta":{"om_disable_all_campaigns":false,"_monsterinsights_skip_tracking":false,"_monsterinsights_sitenote_active":false,"_monsterinsights_sitenote_note":"","_monsterinsights_sitenote_category":0},"categories":[18],"tags":[],"aioseo_notices":[],"_links":{"self":[{"href":"https:\/\/economiapoliticacba.com\/index.php?rest_route=\/wp\/v2\/posts\/50751"}],"collection":[{"href":"https:\/\/economiapoliticacba.com\/index.php?rest_route=\/wp\/v2\/posts"}],"about":[{"href":"https:\/\/economiapoliticacba.com\/index.php?rest_route=\/wp\/v2\/types\/post"}],"author":[{"embeddable":true,"href":"https:\/\/economiapoliticacba.com\/index.php?rest_route=\/wp\/v2\/users\/1"}],"replies":[{"embeddable":true,"href":"https:\/\/economiapoliticacba.com\/index.php?rest_route=%2Fwp%2Fv2%2Fcomments&post=50751"}],"version-history":[{"count":0,"href":"https:\/\/economiapoliticacba.com\/index.php?rest_route=\/wp\/v2\/posts\/50751\/revisions"}],"wp:featuredmedia":[{"embeddable":true,"href":"https:\/\/economiapoliticacba.com\/index.php?rest_route=\/wp\/v2\/media\/50752"}],"wp:attachment":[{"href":"https:\/\/economiapoliticacba.com\/index.php?rest_route=%2Fwp%2Fv2%2Fmedia&parent=50751"}],"wp:term":[{"taxonomy":"category","embeddable":true,"href":"https:\/\/economiapoliticacba.com\/index.php?rest_route=%2Fwp%2Fv2%2Fcategories&post=50751"},{"taxonomy":"post_tag","embeddable":true,"href":"https:\/\/economiapoliticacba.com\/index.php?rest_route=%2Fwp%2Fv2%2Ftags&post=50751"}],"curies":[{"name":"wp","href":"https:\/\/api.w.org\/{rel}","templated":true}]}}