{"id":50748,"date":"2026-04-26T18:45:05","date_gmt":"2026-04-26T18:45:05","guid":{"rendered":"https:\/\/canalshowsport.com.ar\/?p=48835"},"modified":"2026-04-26T18:45:05","modified_gmt":"2026-04-26T18:45:05","slug":"colapinto-se-subio-a-la-flecha-de-plata-y-regalo-uno-de-los-momentos-mas-emotivos-del-road-show","status":"publish","type":"post","link":"https:\/\/economiapoliticacba.com\/?p=50748","title":{"rendered":"Colapinto se subi\u00f3 a la \u201cFlecha de Plata\u201d y regal\u00f3 uno de los momentos m\u00e1s emotivos del Road Show"},"content":{"rendered":"<div class=\"single-excerpt\" readability=\"7\">\n<p>El argentino dio su segundo giro en Buenos Aires. <\/p>\n<\/div>\n<p><a href=\"https:\/\/canalshowsport.com.ar\/revolucion-en-buenos-aires-franco-colapinto-recorre-palermo-con-un-evento-historico-de-la-formula-1-a-la-argentina\/\" data-type=\"link\" data-id=\"https:\/\/canalshowsport.com.ar\/revolucion-en-buenos-aires-franco-colapinto-recorre-palermo-con-un-evento-historico-de-la-formula-1-a-la-argentina\/\">En pleno desarrollo del Road Show en Buenos Aires<\/a>, <strong>Franco Colapinto<\/strong> protagoniz\u00f3 uno de los momentos m\u00e1s especiales de la jornada al completar su segunda salida a pista, esta vez a bordo de la hist\u00f3rica<strong> Flecha de Plata.<\/strong><\/p>\n<p>A diferencia de su primera aparici\u00f3n con el F\u00f3rmula 1, el piloto argentino tuvo un recorrido m\u00e1s tranquilo, pensado para el contacto con el p\u00fablico. Con casco abierto de estilo cl\u00e1sico, dej\u00f3 ver sus gestos y sonrisas mientras avanzaba por el circuito callejero de Palermo, en una escena que combin\u00f3 cercan\u00eda y emoci\u00f3n.<\/p>\n<blockquote class=\"twitter-tweet\" data-media-max-width=\"560\" readability=\"8.0078125\">\n<p lang=\"es\" dir=\"ltr\">La m\u00edtica Flecha de Plata, bajo la conducci\u00f3n de Franco Colapinto: emocionante homenaje a Fangio en Buenos Aires.<\/p>\n<p>\ud83d\udcfa Colapinto en Buenos Aires, por <a href=\"https:\/\/twitter.com\/hashtag\/DisneyPlus?src=hash&amp;ref_src=twsrc%5Etfw\" rel=\"noopener\">#DisneyPlus<\/a> Plan Premium (exclusivo) <a href=\"https:\/\/t.co\/Q2ppt5FnxY\">pic.twitter.com\/Q2ppt5FnxY<\/a><\/p>\n<p>\u2014 SportsCenter (@SC_ESPN) <a href=\"https:\/\/twitter.com\/SC_ESPN\/status\/2048456474012143794?ref_src=twsrc%5Etfw\" rel=\"noopener\">April 26, 2026<\/a><\/p><\/blockquote>\n<p>Durante el trayecto, Colapinto incluso llev\u00f3 una bandera argentina en la mano y se acerc\u00f3 a los fan\u00e1ticos apostados sobre la Avenida del Libertador, generando uno de los postales m\u00e1s fuertes del evento. La conexi\u00f3n con la gente fue constante, en un paseo que homenaje\u00f3 a Juan Manuel Fangio y a la historia del automovilismo nacional.<\/p>\n<figure class=\"wp-block-image size-full\"><img loading=\"lazy\" decoding=\"async\" width=\"400\" height=\"400\" src=\"http:\/\/economiapoliticacba.com\/wp-content\/uploads\/2026\/04\/colapinto-se-subio-a-la-flecha-de-plata-y-regalo-uno-de-los-momentos-mas-emotivos-del-road-show.jpg\" alt class=\"wp-image-48840\" srcset=\"http:\/\/economiapoliticacba.com\/wp-content\/uploads\/2026\/04\/colapinto-se-subio-a-la-flecha-de-plata-y-regalo-uno-de-los-momentos-mas-emotivos-del-road-show.jpg 400w, http:\/\/economiapoliticacba.com\/wp-content\/uploads\/2026\/04\/colapinto-se-subio-a-la-flecha-de-plata-y-regalo-uno-de-los-momentos-mas-emotivos-del-road-show-1.jpg 24w, http:\/\/economiapoliticacba.com\/wp-content\/uploads\/2026\/04\/colapinto-se-subio-a-la-flecha-de-plata-y-regalo-uno-de-los-momentos-mas-emotivos-del-road-show-2.jpg 36w, http:\/\/economiapoliticacba.com\/wp-content\/uploads\/2026\/04\/colapinto-se-subio-a-la-flecha-de-plata-y-regalo-uno-de-los-momentos-mas-emotivos-del-road-show-3.jpg 48w, http:\/\/economiapoliticacba.com\/wp-content\/uploads\/2026\/04\/colapinto-se-subio-a-la-flecha-de-plata-y-regalo-uno-de-los-momentos-mas-emotivos-del-road-show-4.jpg 75w, http:\/\/economiapoliticacba.com\/wp-content\/uploads\/2026\/04\/colapinto-se-subio-a-la-flecha-de-plata-y-regalo-uno-de-los-momentos-mas-emotivos-del-road-show-5.jpg 350w\" sizes=\"(max-width: 400px) 100vw, 400px\"><\/figure>\n<p>Tras completar el recorrido, el pilarense se baj\u00f3 del auto y salud\u00f3 al p\u00fablico, que respondi\u00f3 con una ovaci\u00f3n. Con un clima que acompa\u00f1\u00f3 y miles de personas presentes, la exhibici\u00f3n sigue su curso y tendr\u00e1 una nueva salida en pista con el monoplaza en los pr\u00f3ximos minutos.<\/p>\n<p>A las 15.15, el piloto realizar\u00e1 su tercer giro acelerando nuevamente el monoplaza moderno. Y finalmente, a las 15.55, Colapinto volver\u00e1 a recorrer el circuito sobre un bus descapotable, permitiendo un contacto m\u00e1s cercano con la gente.<\/p>\n<h4 class=\"wp-block-heading has-text-align-center has-white-color has-pale-cyan-blue-background-color has-text-color has-background has-link-color wp-elements-de8880feeac6f99cc2186e95faabc611\"><em><strong>+ \u00bfSos&nbsp;<\/strong><\/em><strong><em>fan<\/em><\/strong><em><strong>\u00e1tico de la Selecci\u00f3n? Showsport sortea un viaje al Mundial.&nbsp;<a href=\"https:\/\/www.instagram.com\/showsportcanal\/p\/DW1vhPiFMOS\/\" rel=\"noopener\">Particip\u00e1 haciendo clic ac\u00e1<\/a><\/strong><\/em><\/h4>\n","protected":false},"excerpt":{"rendered":"<p>El argentino dio su segundo giro en Buenos Aires. En pleno desarrollo del Road Show en Buenos Aires, Franco Colapinto protagoniz\u00f3 uno de los momentos m\u00e1s especiales de la jornada al completar su segunda salida a pista, esta vez a bordo de la hist\u00f3rica Flecha de Plata. A diferencia de su primera aparici\u00f3n con el [&hellip;]<\/p>\n","protected":false},"author":1,"featured_media":50749,"comment_status":"closed","ping_status":"closed","sticky":false,"template":"","format":"standard","meta":{"om_disable_all_campaigns":false,"_monsterinsights_skip_tracking":false,"_monsterinsights_sitenote_active":false,"_monsterinsights_sitenote_note":"","_monsterinsights_sitenote_category":0},"categories":[16],"tags":[716,469,3334,3335,2345,3336,3337],"aioseo_notices":[],"_links":{"self":[{"href":"https:\/\/economiapoliticacba.com\/index.php?rest_route=\/wp\/v2\/posts\/50748"}],"collection":[{"href":"https:\/\/economiapoliticacba.com\/index.php?rest_route=\/wp\/v2\/posts"}],"about":[{"href":"https:\/\/economiapoliticacba.com\/index.php?rest_route=\/wp\/v2\/types\/post"}],"author":[{"embeddable":true,"href":"https:\/\/economiapoliticacba.com\/index.php?rest_route=\/wp\/v2\/users\/1"}],"replies":[{"embeddable":true,"href":"https:\/\/economiapoliticacba.com\/index.php?rest_route=%2Fwp%2Fv2%2Fcomments&post=50748"}],"version-history":[{"count":0,"href":"https:\/\/economiapoliticacba.com\/index.php?rest_route=\/wp\/v2\/posts\/50748\/revisions"}],"wp:featuredmedia":[{"embeddable":true,"href":"https:\/\/economiapoliticacba.com\/index.php?rest_route=\/wp\/v2\/media\/50749"}],"wp:attachment":[{"href":"https:\/\/economiapoliticacba.com\/index.php?rest_route=%2Fwp%2Fv2%2Fmedia&parent=50748"}],"wp:term":[{"taxonomy":"category","embeddable":true,"href":"https:\/\/economiapoliticacba.com\/index.php?rest_route=%2Fwp%2Fv2%2Fcategories&post=50748"},{"taxonomy":"post_tag","embeddable":true,"href":"https:\/\/economiapoliticacba.com\/index.php?rest_route=%2Fwp%2Fv2%2Ftags&post=50748"}],"curies":[{"name":"wp","href":"https:\/\/api.w.org\/{rel}","templated":true}]}}