{"id":50730,"date":"2026-04-25T19:00:00","date_gmt":"2026-04-25T19:00:00","guid":{"rendered":"https:\/\/www.iprofesional.com\/management\/453145-tras-la-reforma-laboral-cuanto-se-paga-de-indemnizacion-por-despido-en-mayo-2026"},"modified":"2026-04-25T19:00:00","modified_gmt":"2026-04-25T19:00:00","slug":"tras-la-reforma-laboral-cuanto-se-paga-de-indemnizacion-por-despido-en-argentina-en-mayo-de-2026","status":"publish","type":"post","link":"https:\/\/economiapoliticacba.com\/?p=50730","title":{"rendered":"Tras la Reforma Laboral, cu\u00e1nto se paga de indemnizaci\u00f3n por despido en Argentina en mayo de 2026"},"content":{"rendered":"<p><img src=\"http:\/\/economiapoliticacba.com\/wp-content\/uploads\/2026\/04\/tras-la-reforma-laboral-cuanto-se-paga-de-indemnizacion-por-despido-en-argentina-en-mayo-de-2026.jpg\"><\/p>\n<div><img src=\"http:\/\/economiapoliticacba.com\/wp-content\/uploads\/2026\/04\/tras-la-reforma-laboral-cuanto-se-paga-de-indemnizacion-por-despido-en-argentina-en-mayo-de-2026-2.jpg\" class=\"ff-og-image-inserted\"><\/div>\n<p>El <strong>costo de desvincular a un trabajador<\/strong> volvi\u00f3 a ocupar un lugar central en la agenda tras la implementaci\u00f3n de la <strong><a href=\"https:\/\/www.iprofesional.com\/impuestos\/452824-reforma-laboral-justicia-trabajo-resiste-y-no-cede-causa-cgt\" title=\"Reforma laboral: la Justicia del Trabajo resiste y rechaza ceder la causa de la CGT\" target=\"_blank\" rel=\"noopener noreferrer\">reforma laboral<\/a> <\/strong>en Argentina. Tanto empleadores como empleados comenzaron a revisar c\u00f3mo impactan estos cambios en uno de los puntos m\u00e1s sensibles del <strong>v\u00ednculo laboral: la indemnizaci\u00f3n por despido<\/strong>.<\/p>\n<p>Si bien surgieron distintas interpretaciones sobre posibles modificaciones en los montos, lo cierto es que el <strong>esquema general<\/strong> se mantiene, aunque incorpora ajustes que inciden directamente en la forma en que se calcula. En ese marco, entender c\u00f3mo se determina la <strong>indemnizaci\u00f3n<\/strong> y qu\u00e9 aspectos se deben tener en cuenta resulta clave para dimensionar el impacto real de la normativa.<\/p>\n<h2>C\u00f3mo se calcula la indemnizaci\u00f3n por despido tras la reforma laboral<\/h2>\n<p>El criterio principal para <strong>calcular la <a href=\"https:\/\/www.iprofesional.com\/legales\/452999-manaos-debera-pagar-una-indemnizacion-800-millones-pesos-en-cinco-dias\" target=\"_blank\" title=\"Rev\u00e9s judicial para Manaos: deber\u00e1 pagar en 5 d\u00edas una indemnizaci\u00f3n de $800 millones a un exempleado\" rel=\"noopener noreferrer\">indemnizaci\u00f3n<\/a><\/strong> no se modific\u00f3. Se contin\u00faa aplicando la l\u00f3gica tradicional: corresponde un mes de sueldo por cada a\u00f1o trabajado, considerando tambi\u00e9n las fracciones que superen los tres meses.<\/p>\n<p>Para llegar a ese valor, primero se debe establecer la <strong>remuneraci\u00f3n mensual del trabajador<\/strong>. Este c\u00e1lculo se realiza tomando el promedio de los \u00faltimos 12 meses, pero \u00fanicamente con los conceptos que se perciben de manera habitual. Quedan excluidos \u00edtems como el <strong>aguinaldo, las <a href=\"https:\/\/www.iprofesional.com\/management\/447780-que-dice-la-nueva-reforma-laboral-sobre-las-vacaciones\" title=\"\u00bfQu\u00e9 dice la nueva reforma laboral sobre las vacaciones?\" target=\"_blank\" rel=\"noopener noreferrer\">vacaciones<\/a> o pagos extraordinarios<\/strong> que no forman parte del ingreso regular.<\/p>\n<p>Una vez definida la <strong>base salarial<\/strong>, se la compara con el tope fijado por el convenio colectivo correspondiente. Este l\u00edmite establece que la remuneraci\u00f3n considerada no puede exceder tres veces el salario promedio del convenio aplicable a la actividad.<\/p>\n<p>En este punto aparece uno de los cambios introducidos por la reforma: la incorporaci\u00f3n de un piso m\u00ednimo del 67%. Esto significa que, si el <strong>tope reduce el salario<\/strong> tomado como referencia, la indemnizaci\u00f3n no puede calcularse por debajo de ese porcentaje del sueldo real.<\/p>\n<p>En t\u00e9rminos pr\u00e1cticos, esto implica que la reducci\u00f3n m\u00e1xima posible es del 33%. Por ejemplo, si el <strong>salario de un trabajador<\/strong> es de $4.000.000 y el tope no afecta ese valor, la <strong>indemnizaci\u00f3n<\/strong> se calcula sin cambios. Pero si el tope lo reduce a $2.100.000, la normativa obliga a elevar esa base hasta al menos el 67% del salario original, es decir, $2.680.000.<\/p>\n<p>Adem\u00e1s, se mantiene la garant\u00eda de un m\u00ednimo de un mes de sueldo, incluso para <strong>trabajadores con poca antig\u00fcedad<\/strong>.<\/p>\n<h2>Qu\u00e9 deben considerar las empresas al calcular un despido<\/h2>\n<p>M\u00e1s all\u00e1 de la f\u00f3rmula general, uno de los aspectos m\u00e1s importantes es la correcta <strong>determinaci\u00f3n de la base salarial<\/strong>. Para calcular la indemnizaci\u00f3n de forma precisa, es necesario identificar qu\u00e9 componentes del salario son habituales y cu\u00e1les no.<\/p>\n<p>Este an\u00e1lisis es clave porque cualquier error en la composici\u00f3n del ingreso puede modificar el monto final. Por eso, las empresas deben revisar en detalle los conceptos que integran el <strong>sueldo del trabajador<\/strong>, incluyendo adicionales, bonificaciones y cualquier otro pago recurrente.<\/p>\n<p>Otro factor determinante es el <strong>promedio salarial del convenio colectivo<\/strong>, que act\u00faa como referencia para aplicar el tope. La combinaci\u00f3n entre el salario real y este l\u00edmite es lo que define la base sobre la cual se calcular\u00e1 la indemnizaci\u00f3n.<\/p>\n<p>Con estos datos se puede <strong>estimar el costo final de un despido<\/strong>, sumando adem\u00e1s variables propias de cada caso, como la antig\u00fcedad del trabajador.<\/p>\n<h2>C\u00f3mo funciona el Fondo de Asistencia Laboral<\/h2>\n<p>Otro de los cambios estructurales que introduce la reforma es la creaci\u00f3n del <strong>Fondo de Asistencia Laboral (FAL)<\/strong>. Se trata de un mecanismo dise\u00f1ado para anticipar el financiamiento de las indemnizaciones mediante <strong>aportes peri\u00f3dicos<\/strong>.<\/p>\n<p>El sistema prev\u00e9 que las empresas abran una cuenta espec\u00edfica en una entidad financiera, donde se depositar\u00e1n los <strong>fondos destinados a cubrir futuras desvinculaciones<\/strong>. Este esquema estar\u00e1 regulado por la <strong>Comisi\u00f3n Nacional de Valores<\/strong> bajo la \u00f3rbita del <a href=\"https:\/\/www.iprofesional.com\/finanzas\/452772-caputo-plan-reunir-dolares-30000-millones-alerta-mercado-abril-2026\" title=\"El nuevo plan econ\u00f3mico financiero que preparan Milei y Caputo para eliminar el &quot;riego kuka&quot; en las pr\u00f3ximas elecciones\" target=\"_blank\" rel=\"noopener noreferrer\"><strong>Ministerio de Econom\u00eda<\/strong><\/a>.<\/p>\n<p>En cuanto a los aportes, las grandes empresas deber\u00e1n destinar el 1% de su masa salarial, mientras que las <strong>peque\u00f1as y medianas empresas<\/strong> aportar\u00e1n el 2,5%. Estos porcentajes no implican un costo adicional directo, ya que se descontar\u00e1n de los aportes que actualmente se realizan al <strong>sistema previsional<\/strong>, aunque podr\u00edan incrementarse hasta el 1,5% y el 3%, respectivamente.<\/p>\n<p>El esquema tambi\u00e9n contempla la <strong>posibilidad de realizar aportes voluntarios adicionales<\/strong>, en funci\u00f3n de la reglamentaci\u00f3n que se establezca. Sin embargo, es importante tener en cuenta que el fondo no reemplaza la responsabilidad del empleador. Si el dinero acumulado no alcanza para <strong>cubrir la indemnizaci\u00f3n correspondiente<\/strong>, la empresa deber\u00e1 abonar la diferencia.<\/p>\n<p>Adem\u00e1s, este sistema aplica \u00fanicamente a trabajadores registrados que cuenten con al menos un a\u00f1o de antig\u00fcedad. En paralelo, la normativa habilita la posibilidad de acordar el <strong>pago de la indemnizaci\u00f3n en cuotas,<\/strong> siempre que exista acuerdo entre ambas partes.<\/p>\n<p>De esta forma, la reforma introduce herramientas que modifican la forma de gestionar el <strong>costo de los despidos<\/strong>, pero mantiene la estructura central del c\u00e1lculo indemnizatorio vigente en el pa\u00eds.<\/p>\n","protected":false},"excerpt":{"rendered":"<p>El costo de desvincular a un trabajador volvi\u00f3 a ocupar un lugar central en la agenda tras la implementaci\u00f3n de la reforma laboral en Argentina. Tanto empleadores como empleados comenzaron a revisar c\u00f3mo impactan estos cambios en uno de los puntos m\u00e1s sensibles del v\u00ednculo laboral: la indemnizaci\u00f3n por despido. Si bien surgieron distintas interpretaciones [&hellip;]<\/p>\n","protected":false},"author":1,"featured_media":50731,"comment_status":"closed","ping_status":"closed","sticky":false,"template":"","format":"standard","meta":{"om_disable_all_campaigns":false,"_monsterinsights_skip_tracking":false,"_monsterinsights_sitenote_active":false,"_monsterinsights_sitenote_note":"","_monsterinsights_sitenote_category":0},"categories":[20],"tags":[],"aioseo_notices":[],"_links":{"self":[{"href":"https:\/\/economiapoliticacba.com\/index.php?rest_route=\/wp\/v2\/posts\/50730"}],"collection":[{"href":"https:\/\/economiapoliticacba.com\/index.php?rest_route=\/wp\/v2\/posts"}],"about":[{"href":"https:\/\/economiapoliticacba.com\/index.php?rest_route=\/wp\/v2\/types\/post"}],"author":[{"embeddable":true,"href":"https:\/\/economiapoliticacba.com\/index.php?rest_route=\/wp\/v2\/users\/1"}],"replies":[{"embeddable":true,"href":"https:\/\/economiapoliticacba.com\/index.php?rest_route=%2Fwp%2Fv2%2Fcomments&post=50730"}],"version-history":[{"count":0,"href":"https:\/\/economiapoliticacba.com\/index.php?rest_route=\/wp\/v2\/posts\/50730\/revisions"}],"wp:featuredmedia":[{"embeddable":true,"href":"https:\/\/economiapoliticacba.com\/index.php?rest_route=\/wp\/v2\/media\/50731"}],"wp:attachment":[{"href":"https:\/\/economiapoliticacba.com\/index.php?rest_route=%2Fwp%2Fv2%2Fmedia&parent=50730"}],"wp:term":[{"taxonomy":"category","embeddable":true,"href":"https:\/\/economiapoliticacba.com\/index.php?rest_route=%2Fwp%2Fv2%2Fcategories&post=50730"},{"taxonomy":"post_tag","embeddable":true,"href":"https:\/\/economiapoliticacba.com\/index.php?rest_route=%2Fwp%2Fv2%2Ftags&post=50730"}],"curies":[{"name":"wp","href":"https:\/\/api.w.org\/{rel}","templated":true}]}}