{"id":50725,"date":"2026-04-25T11:05:00","date_gmt":"2026-04-25T11:05:00","guid":{"rendered":"https:\/\/www.iprofesional.com\/economia\/453227-deuda-flotante-duplico-puso-alerta-inversores-riesgo-fiscal-abril-2026"},"modified":"2026-04-25T11:05:00","modified_gmt":"2026-04-25T11:05:00","slug":"mientras-la-economia-cae-surge-una-nueva-luz-amarilla-en-el-plan-caputo-que-inquieta-a-inversores","status":"publish","type":"post","link":"https:\/\/economiapoliticacba.com\/?p=50725","title":{"rendered":"Mientras la econom\u00eda cae, surge una nueva luz amarilla en el plan Caputo que inquieta a inversores"},"content":{"rendered":"<div><img src=\"https:\/\/resizer.iproimg.com\/unsafe\/1280x720\/assets.iprofesional.com\/assets\/jpg\/2026\/04\/615219.jpg\" class=\"ff-og-image-inserted\"><\/div>\n<p>En medio del ajuste al que se ve obligado el Gobierno para sostener el orden de las cuentas p\u00fablicas, una &#8220;nueva&#8221; variable entr\u00f3 en el radar de los inversores de la City. Se trata de la <a href=\"https:\/\/www.iprofesional.com\/economia\/452560-deuda-gobierno-javier-milei-5-6-billones-pesos-pone-jaque-proveedores-afecta-servicios-clave\" target=\"_blank\" rel=\"noopener noreferrer\"><strong>&#8220;deuda flotante&#8221;, que empez\u00f3 a crecer de manera sensible<\/strong><\/a> en los \u00faltimos tiempos. Y para los financistas pone en riesgo el super\u00e1vit fiscal.<\/p>\n<p><span>La denominada &#8220;deuda flotante&#8221; \u2014que el Gobierno informa de manera regular\u2014 es la que se forma por los gastos comprometidos por el ministerio de Econom\u00eda pero que son &#8220;pisados&#8221; y postergados para m\u00e1s adelante para evitar una descomposici\u00f3n de los registros fiscales.<\/span><\/p>\n<p>El dato que alarm\u00f3 a la City fue el que se conoci\u00f3 en las \u00faltimas horas, cuando la Tesorer\u00eda inform\u00f3 que la <strong>&#8220;deuda flotante&#8221; creci\u00f3 casi $2 billones en un solo mes<\/strong>.<\/p>\n<p>Ya alcanz\u00f3 a los <strong>$4 billones<\/strong>. No es una cifra inmanejable, pero en las consultoras destacaron que <strong>ese salto en un solo mes podr\u00eda enmascarar un problema de fondo<\/strong>, en medio de la ca\u00edda de la recaudaci\u00f3n impositiva.<\/p>\n<h2>El golpe brutal a la econom\u00eda real que complica todo<\/h2>\n<p>La actividad econ\u00f3mica de febrero arroj\u00f3 un resultado desalentador: el <strong>Estimador Mensual de Actividad Econ\u00f3mica (EMAE) registr\u00f3 una ca\u00edda del 2,6% intermensual<\/strong> desestacionalizado.<\/p>\n<p>Esta cifra no es menor, ya que <strong>representa la mayor contracci\u00f3n desde abril de 2020<\/strong>, en plena pandemia, y se posiciona como la sexta ca\u00edda m\u00e1s profunda desde que se inici\u00f3 la serie estad\u00edstica.<\/p>\n<p>Con este resultado, el <strong>primer bimestre del a\u00f1o ya acumula un retroceso del 2,2%<\/strong>, evidenciando un arranque de 2026 sumamente debilitado.<\/p>\n<p>La crisis golpea con una heterogeneidad marcada. Mientras que las actividades intensivas en capital lideran la expansi\u00f3n, los sectores que ocupan mayor cantidad de mano de obra est\u00e1n en ca\u00edda libre.<\/p>\n<p>Desde diciembre de 2023, la <strong>construcci\u00f3n se desplom\u00f3 un 22,4%<\/strong> y la <strong>industria manufacturera un 8,8%<\/strong>.<\/p>\n<h2>Ancla fiscal en la mira: temor en la City<\/h2>\n<p>Este verdadero golpe a la econom\u00eda real \u2014al que se suma tambi\u00e9n el comercio minorista y el mayorista\u2014 <strong>impacta de lleno en el coraz\u00f3n de la estrategia oficial: el ancla fiscal<\/strong>.<\/p>\n<p><span>Con ingresos reales que caen sistem\u00e1ticamente desde hace ocho meses, la sostenibilidad del super\u00e1vit de las cuentas p\u00fablicas comienza a ser seriamente cuestionada en el mercado financiero.<\/span><\/p>\n<p>Lo dicho m\u00e1s arriba: en este escenario que se complejiz\u00f3 en los \u00faltimos tiempos, devino un factor cr\u00edtico que el mercado monitorea con lupa: el crecimiento de la deuda flotante (el gasto devengado pero no pagado a tiempo).<\/p>\n<p>En marzo, la <strong>deuda exigible de la administraci\u00f3n central salt\u00f3 de $1,9 billones a $4 billones<\/strong>, lo que implica un incremento de $2,1 billones.<\/p>\n<p>Se trata de la <strong>mayor suba en t\u00e9rminos de pesos constantes registrada en la era Milei<\/strong>. Este salto en la deuda flotante sugiere que el super\u00e1vit del &#8220;Sector P\u00fablico Nacional No Financiero&#8221;, que fue de $0,93 billones, podr\u00eda estar ocultando un &#8220;ajuste postergado&#8221;.<\/p>\n<p>El <strong>super\u00e1vit de la Administraci\u00f3n Central solo explic\u00f3 el 42% de ese resultado<\/strong>, lo que pone el foco en el posible achicamiento del super\u00e1vit primario base caja.<\/p>\n<p>&#8220;El ancla fiscal vuelve a quedar bajo la lupa&#8221;, concluy\u00f3 un informe a clientes de la consultora PPI (Portfolio Personal Inversiones).<\/p>\n<h2>\u00bfAjuste sobre el ajuste?<\/h2>\n<p><span>Con ingresos castigados por la recesi\u00f3n y un ajuste que se apoya cada vez m\u00e1s en gastos postergados, la discusi\u00f3n econ\u00f3mica vira de la &#8220;foto&#8221; del super\u00e1vit actual hacia la sostenibilidad del flujo futuro.<\/span><\/p>\n<p>Parece claro que <strong>sin un rebote claro de la actividad, el esquema financiero actual enfrenta un desaf\u00edo complejo<\/strong>.<\/p>\n<p>La recaudaci\u00f3n impositiva viene en declive desde hace ocho meses, pero reci\u00e9n ahora se percibe la necesidad del Gobierno de &#8220;pisar&#8221; gastos, adem\u00e1s de los ajustes que se vienen realizando en los distintos presupuestos de las oficinas oficiales.<\/p>\n<p>De hecho, el ministro Caputo acaba de reclamarle a los funcionarios de toda la administraci\u00f3n que apliquen una <strong>reducci\u00f3n de las erogaciones<\/strong>. Algo que deber\u00e1n informar en las pr\u00f3ximas horas.<\/p>\n<h2>Actividad en la mira<\/h2>\n<p>Los \u00faltimos datos de la denominada &#8220;econom\u00eda real&#8221; fueron malos. Los principales sectores mostraron ca\u00eddas contundentes en febrero:<\/p>\n<ul>\n<li>La <strong>industria manufacturera se contrajo 8,7% interanual<\/strong><\/li>\n<li>El <strong>comercio mayorista y minorista cay\u00f3 7,0%<\/strong>, tambi\u00e9n contra un a\u00f1o atr\u00e1s<\/li>\n<li>El rubro &#8220;electricidad, gas y agua&#8221; <strong>retrocedi\u00f3 6,0%<\/strong> contra febrero del a\u00f1o pasado<\/li>\n<li>La construcci\u00f3n lo hizo en un <strong>0,6%<\/strong><\/li>\n<\/ul>\n<p>En conclusi\u00f3n, seg\u00fan el INDEC, el <a href=\"https:\/\/www.iprofesional.com\/economia\/453103-la-actividad-economica-cayo-fuerte-en-febrero-los-sectores-que-mas-sufrieron-el-impacto\" target=\"_blank\" rel=\"noopener noreferrer\"><strong>Estimador Mensual de Actividad Econ\u00f3mica (EMAE) registr\u00f3 una ca\u00edda de 2,1% interanual<\/strong><\/a> en febrero.<\/p>\n<p>Y un llamativo <strong>2,6% contra el mes anterior<\/strong>, en la serie desestacionalizada.<\/p>\n","protected":false},"excerpt":{"rendered":"<p>En medio del ajuste al que se ve obligado el Gobierno para sostener el orden de las cuentas p\u00fablicas, una &#8220;nueva&#8221; variable entr\u00f3 en el radar de los inversores de la City. Se trata de la &#8220;deuda flotante&#8221;, que empez\u00f3 a crecer de manera sensible en los \u00faltimos tiempos. Y para los financistas pone en [&hellip;]<\/p>\n","protected":false},"author":1,"featured_media":0,"comment_status":"closed","ping_status":"closed","sticky":false,"template":"","format":"standard","meta":{"om_disable_all_campaigns":false,"_monsterinsights_skip_tracking":false,"_monsterinsights_sitenote_active":false,"_monsterinsights_sitenote_note":"","_monsterinsights_sitenote_category":0},"categories":[17],"tags":[],"aioseo_notices":[],"_links":{"self":[{"href":"https:\/\/economiapoliticacba.com\/index.php?rest_route=\/wp\/v2\/posts\/50725"}],"collection":[{"href":"https:\/\/economiapoliticacba.com\/index.php?rest_route=\/wp\/v2\/posts"}],"about":[{"href":"https:\/\/economiapoliticacba.com\/index.php?rest_route=\/wp\/v2\/types\/post"}],"author":[{"embeddable":true,"href":"https:\/\/economiapoliticacba.com\/index.php?rest_route=\/wp\/v2\/users\/1"}],"replies":[{"embeddable":true,"href":"https:\/\/economiapoliticacba.com\/index.php?rest_route=%2Fwp%2Fv2%2Fcomments&post=50725"}],"version-history":[{"count":0,"href":"https:\/\/economiapoliticacba.com\/index.php?rest_route=\/wp\/v2\/posts\/50725\/revisions"}],"wp:attachment":[{"href":"https:\/\/economiapoliticacba.com\/index.php?rest_route=%2Fwp%2Fv2%2Fmedia&parent=50725"}],"wp:term":[{"taxonomy":"category","embeddable":true,"href":"https:\/\/economiapoliticacba.com\/index.php?rest_route=%2Fwp%2Fv2%2Fcategories&post=50725"},{"taxonomy":"post_tag","embeddable":true,"href":"https:\/\/economiapoliticacba.com\/index.php?rest_route=%2Fwp%2Fv2%2Ftags&post=50725"}],"curies":[{"name":"wp","href":"https:\/\/api.w.org\/{rel}","templated":true}]}}