{"id":50713,"date":"2026-04-24T21:33:00","date_gmt":"2026-04-24T21:33:00","guid":{"rendered":"https:\/\/economiapoliticacba.com\/?p=50713"},"modified":"2026-04-24T21:33:00","modified_gmt":"2026-04-24T21:33:00","slug":"como-se-desarrollara-la-presentacion-de-adorni-en-diputados-discurso-inicial-preguntas-por-bloques-y-milei-en-el-palco","status":"publish","type":"post","link":"https:\/\/economiapoliticacba.com\/?p=50713","title":{"rendered":"C\u00f3mo se desarrollar\u00e1 la presentaci\u00f3n de Adorni en Diputados: discurso inicial, preguntas por bloques y Milei en el palco"},"content":{"rendered":"<p>El jefe de Gabinete, <strong>Manuel Adorni<\/strong>, presentar\u00e1 el pr\u00f3ximo mi\u00e9rcoles su informe de gesti\u00f3n ante la C\u00e1mara de Diputados en medio de una causa judicial por presunto enriquecimiento que lo tiene en el centro de la escena desde hace m\u00e1s de un mes. La sesi\u00f3n tendr\u00e1 <strong>tres tandas de preguntas<\/strong> de las bancadas que componen la C\u00e1mara baja, <strong>intercaladas con bloques de respuestas<\/strong>, y promete convertirse en <a href=\"https:\/\/eleconomista.com.ar\/politica\/adorni-llega-congreso-oficialismo-apuesta-gestion-aliados-silencio-oposicion-ataque-n94285\" target=\"_blank\" rel=\"noopener\">una batalla entre el oficialismo y la oposici\u00f3n<\/a>.<\/p>\n<p>El cronograma fue acordado entre los equipos de Adorni y del titular de Diputados y alfil de <strong>Karina Milei<\/strong>, <strong>Mart\u00edn Menem<\/strong>, en una reuni\u00f3n realizada este mi\u00e9rcoles, seg\u00fan recogieron <i>Infobae <\/i>y <i>La Naci\u00f3n<\/i>. Adorni tiene previsto dar un <mark class=\"marker-yellow\"><strong>discurso inicial enfocado en la gesti\u00f3n<\/strong><\/mark>. Antes de ingresar al recinto, entregar\u00e1 por escrito las respuestas a las consultas enviadas previamente por los diputados.<\/p>\n<p>Tras el discurso inicial, <mark class=\"marker-yellow\"><strong>habr\u00e1 tres tandas de preguntas intercaladas con 20 minutos de respuestas para el funcionario<\/strong><\/mark>. Primero preguntar\u00e1n <strong>nueve bancadas peque\u00f1as<\/strong>. Luego ser\u00e1 el turno del bloque <strong>Innovaci\u00f3n Federal<\/strong> y de los interbloques <strong>Unidos <\/strong>(Provincias Unidas, la Coalici\u00f3n C\u00edvica y Encuentro Federal) y <strong>Fuerza del Cambio<\/strong> (PRO, UCR y MID, principalmente).<\/p>\n<p>El tramo m\u00e1s tenso llegar\u00e1 hacia el final, cuando pregunte <strong>Uni\u00f3n por la Patria<\/strong>. El cierre quedar\u00e1 en manos del bloque de <strong>La Libertad Avanza<\/strong>, conducido por <strong>Gabriel Bornoroni<\/strong>.<\/p>\n<p>Adorni lleva semanas sin dar conferencias de prensa ni explicar p\u00fablicamente su evoluci\u00f3n patrimonial, y los diputados buscan aprovechar ese silencio. El oficialismo podr\u00eda contraatacar con cuestionamientos a las inconsistencias patrimoniales de dirigentes de otros espacios.<\/p>\n<div class=\"rela\">\n<div class=\"pic\"> <a href=\"https:\/\/eleconomista.com.ar\/politica\/que-mostro-informe-casa-rosada-gobierno-restringio-acceso-periodistas-n94424\" title=\"\u00bfQu\u00e9 mostr\u00f3 el informe en la Casa Rosada y por qu\u00e9 el Gobierno restringi\u00f3 el acceso a periodistas?\"><img src=\"http:\/\/economiapoliticacba.com\/wp-content\/uploads\/2026\/04\/como-se-desarrollara-la-presentacion-de-adorni-en-diputados-discurso-inicial-preguntas-por-bloques-y-milei-en-el-palco.webp\" alt=\"\u00bfQu\u00e9 mostr\u00f3 el informe en la Casa Rosada y por qu\u00e9 el Gobierno restringi\u00f3 el acceso a periodistas?\" loading=\"lazy\"><\/a> <\/div><\/div>\n<p>El jefe de la bancada del PRO, <strong>Cristian Ritondo<\/strong>, advirti\u00f3 que la sesi\u00f3n podr\u00eda convertirse en un espect\u00e1culo. <mark class=\"marker-yellow\"><strong>&#8220;No nos vamos a sumar a ning\u00fan <\/strong><\/mark><i><mark class=\"marker-yellow\"><strong>show <\/strong><\/mark><\/i><mark class=\"marker-yellow\"><strong>del kirchnerismo&#8221;<\/strong><\/mark>, dijo. Cuestion\u00f3 que en el peronismo &#8220;se pongan de jueces&#8221; cuando, seg\u00fan plante\u00f3, construyeron sus gobiernos sobre esquemas de corrupci\u00f3n. Desde el bloque adelantaron a <strong>El Economista<\/strong> que no se expresar\u00e1n sobre las denuncias en el recinto. &#8220;No acompa\u00f1amos la interpelaci\u00f3n pero tampoco defendemos. Como en otros casos similares, consideramos que Adorni tiene que dar las explicaciones correspondientes en la Justicia&#8221;, argumentaron.<\/p>\n<p>En ese marco, no se descarta que el jefe de Gabinete pueda abandonar el recinto si la oposici\u00f3n lo insulta o no lo deja hablar, siguiendo el ejemplo de su predecesor <strong>Guillermo Francos<\/strong>, quien se retir\u00f3 abruptamente de una sesi\u00f3n tras ser llamado &#8220;mentiroso&#8221;.<\/p>\n<p>El presidente <a href=\"https:\/\/eleconomista.com.ar\/politica\/milei-confirmo-acompanara-adorni-congreso-voy-ir-escuchar-mi-jefe-gabinete-n94382\" target=\"_blank\" rel=\"noopener\"><strong>Javier Milei<\/strong> confirm\u00f3 ayer que estar\u00e1 presente<\/a> en el palco como respaldo a su funcionario. <mark class=\"marker-yellow\"><strong>&#8220;Voy a ir a acompa\u00f1ar a Manuel, voy a ir a escuchar a mi jefe de gabinete&#8221;<\/strong><\/mark>, dijo durante una entrevista en <i>Neura<\/i>. <strong>&#8220;Manuel dar\u00e1 las respuestas que correspondan. Estamos muy tranquilos&#8221;<\/strong>, agreg\u00f3. Tambi\u00e9n podr\u00edan asistir Karina Milei y algunos ministros.<\/p>\n<div class=\"rela\">\n<div class=\"pic\"> <a href=\"https:\/\/eleconomista.com.ar\/politica\/las-indefiniciones-dante-gebel-su-candidatura-vinculo-peronismo-propuesta-milei-n94416\" title=\"Las indefiniciones de Dante Gebel: su candidatura, el v\u00ednculo con el peronismo y la propuesta de Milei\"><img src=\"http:\/\/economiapoliticacba.com\/wp-content\/uploads\/2026\/04\/como-se-desarrollara-la-presentacion-de-adorni-en-diputados-discurso-inicial-preguntas-por-bloques-y-milei-en-el-palco-1.webp\" alt=\"Las indefiniciones de Dante Gebel: su candidatura, el v\u00ednculo con el peronismo y la propuesta de Milei\" loading=\"lazy\"><\/a> <\/div><\/div>\n","protected":false},"excerpt":{"rendered":"<p>El jefe de Gabinete, Manuel Adorni, presentar\u00e1 el pr\u00f3ximo mi\u00e9rcoles su informe de gesti\u00f3n ante la C\u00e1mara de Diputados en medio de una causa judicial por presunto enriquecimiento que lo tiene en el centro de la escena desde hace m\u00e1s de un mes. La sesi\u00f3n tendr\u00e1 tres tandas de preguntas de las bancadas que componen [&hellip;]<\/p>\n","protected":false},"author":1,"featured_media":50714,"comment_status":"closed","ping_status":"closed","sticky":false,"template":"","format":"standard","meta":{"om_disable_all_campaigns":false,"_monsterinsights_skip_tracking":false,"_monsterinsights_sitenote_active":false,"_monsterinsights_sitenote_note":"","_monsterinsights_sitenote_category":0},"categories":[17,21],"tags":[],"aioseo_notices":[],"_links":{"self":[{"href":"https:\/\/economiapoliticacba.com\/index.php?rest_route=\/wp\/v2\/posts\/50713"}],"collection":[{"href":"https:\/\/economiapoliticacba.com\/index.php?rest_route=\/wp\/v2\/posts"}],"about":[{"href":"https:\/\/economiapoliticacba.com\/index.php?rest_route=\/wp\/v2\/types\/post"}],"author":[{"embeddable":true,"href":"https:\/\/economiapoliticacba.com\/index.php?rest_route=\/wp\/v2\/users\/1"}],"replies":[{"embeddable":true,"href":"https:\/\/economiapoliticacba.com\/index.php?rest_route=%2Fwp%2Fv2%2Fcomments&post=50713"}],"version-history":[{"count":0,"href":"https:\/\/economiapoliticacba.com\/index.php?rest_route=\/wp\/v2\/posts\/50713\/revisions"}],"wp:featuredmedia":[{"embeddable":true,"href":"https:\/\/economiapoliticacba.com\/index.php?rest_route=\/wp\/v2\/media\/50714"}],"wp:attachment":[{"href":"https:\/\/economiapoliticacba.com\/index.php?rest_route=%2Fwp%2Fv2%2Fmedia&parent=50713"}],"wp:term":[{"taxonomy":"category","embeddable":true,"href":"https:\/\/economiapoliticacba.com\/index.php?rest_route=%2Fwp%2Fv2%2Fcategories&post=50713"},{"taxonomy":"post_tag","embeddable":true,"href":"https:\/\/economiapoliticacba.com\/index.php?rest_route=%2Fwp%2Fv2%2Ftags&post=50713"}],"curies":[{"name":"wp","href":"https:\/\/api.w.org\/{rel}","templated":true}]}}