{"id":50711,"date":"2026-04-24T23:25:00","date_gmt":"2026-04-24T23:25:00","guid":{"rendered":"https:\/\/economiapoliticacba.com\/?p=50711"},"modified":"2026-04-24T23:25:00","modified_gmt":"2026-04-24T23:25:00","slug":"la-casa-rosada-recibe-a-gobernadores-aliados-y-negociaria-acuerdos-electorales-de-cara-a-2027","status":"publish","type":"post","link":"https:\/\/economiapoliticacba.com\/?p=50711","title":{"rendered":"La Casa Rosada recibe a gobernadores aliados y negociar\u00eda acuerdos electorales de cara a 2027"},"content":{"rendered":"<p>El <strong>Gobierno <\/strong>recibi\u00f3 esta ma\u00f1ana al gobernador de Chaco, <strong>Leandro Zdero<\/strong>, en otro encuentro que el oficialismo presenta como reuni\u00f3n de gesti\u00f3n pero que encaja en un patr\u00f3n que empieza a repetirse: <mark class=\"marker-yellow\"><strong>La Libertad Avanza (LLA) da sus primeros pasos en la estrategia electoral de cara a 2027<\/strong><\/mark>.<\/p>\n<p>Lo recibieron la secretaria general de la Presidencia, <strong>Karina Milei<\/strong>; el subsecretario de Gesti\u00f3n Institucional, <strong>Eduardo &#8220;Lule&#8221; Menem<\/strong>; y el ministro del Interior, <strong>Diego Santilli<\/strong>.<\/p>\n<p>Durante el encuentro, el chaque\u00f1o ratific\u00f3 su &#8220;compromiso de seguir trabajando juntos&#8221;: &#8220;<strong>Queremos mirar hacia adelante<\/strong>, enfocarnos en el Chaco y en la Argentina que viene. Esa es nuestra esperanza y ah\u00ed vamos a poner todo nuestro esfuerzo&#8221;.<\/p>\n<p>El radical Zdero fue uno de los cuatro mandatarios provinciales que sell\u00f3 una alianza con los libertarios para los comicios del a\u00f1o pasado. Se alzaron con triunfos tanto en las elecciones locales -celebradas en mayo- como en las nacionales -en octubre-. Por su parte, Karina Milei es la presidenta de LLA y &#8220;Lule&#8221; Menem es uno de sus principales alfiles.<\/p>\n<p><strong>El encuentro de hoy replic\u00f3 uno de la semana pasada<\/strong>, cuando tambi\u00e9n <a href=\"https:\/\/eleconomista.com.ar\/politica\/el-gobierno-respaldo-adorni-ratifico-rumbo-amcham-summit-2026-n94134\" target=\"_blank\" rel=\"noopener\">Karina, &#8220;Lule&#8221; y Santilli recibieron a <strong>Rogelio Frigerio <\/strong>(Entre R\u00edos) y <strong>Alfredo Cornejo<\/strong> (Mendoza)<\/a>, otros dos de los cuatro que se aliaron en 2025 con el gobierno nacional. All\u00ed se habl\u00f3 de <mark class=\"marker-yellow\"><strong>estrategia electoral<\/strong><\/mark>, seg\u00fan inform\u00f3 el periodista Jorge Liotti: el mendocino habr\u00eda conseguido una PASO entre un candidato suyo y el diputado <strong>Luis Petri<\/strong>, mientras que el entrerriano ser\u00eda -junto con <strong>Zdero <\/strong>y <strong>Claudio Poggi<\/strong> (San Luis)- uno de los gobernadores con quienes la Casa Rosada repetir\u00eda el acuerdo electoral del a\u00f1o pasado.<\/p>\n<div class=\"rela\">\n<div class=\"pic\"> <a href=\"https:\/\/eleconomista.com.ar\/politica\/como-desarrollara-presentacion-adorni-diputados-discurso-inicial-preguntas-bloques-milei-palco-n94426\" title=\"C\u00f3mo se desarrollar\u00e1 la presentaci\u00f3n de Adorni en Diputados: discurso inicial, preguntas por bloques y Milei en el palco\"><img src=\"http:\/\/economiapoliticacba.com\/wp-content\/uploads\/2026\/04\/la-casa-rosada-recibe-a-gobernadores-aliados-y-negociaria-acuerdos-electorales-de-cara-a-2027.webp\" alt=\"C\u00f3mo se desarrollar\u00e1 la presentaci\u00f3n de Adorni en Diputados: discurso inicial, preguntas por bloques y Milei en el palco\" loading=\"lazy\"><\/a> <\/div><\/div>\n<figure class=\"image\"><img loading=\"lazy\" width=\"100\" height=\"100\" class=\"cst_img\" src=\"http:\/\/economiapoliticacba.com\/wp-content\/uploads\/2026\/04\/la-casa-rosada-recibe-a-gobernadores-aliados-y-negociaria-acuerdos-electorales-de-cara-a-2027-1.webp\" alt=\"Reuni\u00f3n de Karina Milei, Lule Menem y Diego Santilli con los gobernadores Cornejo y Frigerio\"><figcaption>Reuni\u00f3n de Karina Milei, &#8220;Lule&#8221; Menem y Diego Santilli con los gobernadores Cornejo y Frigerio<\/figcaption><\/figure>\n<p>Las reuniones con Frigerio y Cornejo y, ahora, con Zdero ocurrieron despu\u00e9s de la reuni\u00f3n de la mesa pol\u00edtica de fines de marzo, en la que el ministro de Econom\u00eda, <strong>Luis Caputo<\/strong>, habr\u00eda pedido un acuerdo de gobernabilidad urgente con al menos diez gobernadores: apoyo en el Congreso en 2026 y 2027 a cambio de no competirles en sus territorios en las elecciones provinciales. El ministro desminti\u00f3 la nota en la que Liotti revel\u00f3 esta informaci\u00f3n.<\/p>\n<p>En el <a href=\"https:\/\/eleconomista.com.ar\/politica\/es-politica-economia-estupido-n94322\" target=\"_blank\" rel=\"noopener\">\u00faltimo episodio de FEN\u00d3MENO BARRIAL<\/a>, el podcast de <strong>El Economista<\/strong>, el polit\u00f3logo <strong>Andr\u00e9s Malamud<\/strong> plante\u00f3 que en 2027 LLA podr\u00eda repetir la premisa de &#8220;vamos por todo&#8221; de la hermana del Presidente, pero con m\u00e1s pactos con gobernadores que los sellados en 2025.<\/p>\n<div class=\"rela\">\n<div class=\"pic\"> <a href=\"https:\/\/eleconomista.com.ar\/politica\/milei-confirmo-acompanara-adorni-congreso-voy-ir-escuchar-mi-jefe-gabinete-n94382\" title=\"Milei confirm\u00f3 que acompa\u00f1ar\u00e1 a Adorni al Congreso: &quot;Voy a ir a escuchar a mi jefe de Gabinete&quot;\"><img src=\"http:\/\/economiapoliticacba.com\/wp-content\/uploads\/2026\/04\/la-casa-rosada-recibe-a-gobernadores-aliados-y-negociaria-acuerdos-electorales-de-cara-a-2027-2.webp\" alt=\"Milei confirm\u00f3 que acompa\u00f1ar\u00e1 a Adorni al Congreso: &quot;Voy a ir a escuchar a mi jefe de Gabinete&quot;\" loading=\"lazy\"><\/a> <\/div><\/div>\n<p>El analista tambi\u00e9n revel\u00f3 un giro en la estrategia de desdoblamiento electoral. Hasta hace poco, el Gobierno desalentaba que los gobernadores afines separaran sus comicios de los nacionales. Ahora la l\u00f3gica se invirti\u00f3: <mark class=\"marker-yellow\"><strong>les piden a algunos aliados que desdoblen para evitar que solo lo hagan los mandatarios de la oposici\u00f3n. La idea ser\u00eda intercalar triunfos con derrotas y evitar que se instale un clima de derrota generalizada antes de las presidenciales<\/strong><\/mark>. Los acuerdos electorales ya estar\u00edan comenzando.<\/p>\n<p>Un dato que no pasa desapercibido: en ninguno de los dos encuentros particip\u00f3 <a href=\"https:\/\/eleconomista.com.ar\/politica\/como-desarrollara-presentacion-adorni-diputados-discurso-inicial-preguntas-bloques-milei-palco-n94426\" target=\"_blank\" rel=\"noopener\">el jefe de Gabinete, <strong>Manuel Adorni<\/strong><\/a> -quien sol\u00eda acompa\u00f1ar a Santilli en gran parte de sus reuniones con gobernadores- en medio de la investigaci\u00f3n judicial que lo tiene como protagonista.<\/p>\n","protected":false},"excerpt":{"rendered":"<p>El Gobierno recibi\u00f3 esta ma\u00f1ana al gobernador de Chaco, Leandro Zdero, en otro encuentro que el oficialismo presenta como reuni\u00f3n de gesti\u00f3n pero que encaja en un patr\u00f3n que empieza a repetirse: La Libertad Avanza (LLA) da sus primeros pasos en la estrategia electoral de cara a 2027. Lo recibieron la secretaria general de la [&hellip;]<\/p>\n","protected":false},"author":1,"featured_media":50712,"comment_status":"closed","ping_status":"closed","sticky":false,"template":"","format":"standard","meta":{"om_disable_all_campaigns":false,"_monsterinsights_skip_tracking":false,"_monsterinsights_sitenote_active":false,"_monsterinsights_sitenote_note":"","_monsterinsights_sitenote_category":0},"categories":[17,21],"tags":[],"aioseo_notices":[],"_links":{"self":[{"href":"https:\/\/economiapoliticacba.com\/index.php?rest_route=\/wp\/v2\/posts\/50711"}],"collection":[{"href":"https:\/\/economiapoliticacba.com\/index.php?rest_route=\/wp\/v2\/posts"}],"about":[{"href":"https:\/\/economiapoliticacba.com\/index.php?rest_route=\/wp\/v2\/types\/post"}],"author":[{"embeddable":true,"href":"https:\/\/economiapoliticacba.com\/index.php?rest_route=\/wp\/v2\/users\/1"}],"replies":[{"embeddable":true,"href":"https:\/\/economiapoliticacba.com\/index.php?rest_route=%2Fwp%2Fv2%2Fcomments&post=50711"}],"version-history":[{"count":0,"href":"https:\/\/economiapoliticacba.com\/index.php?rest_route=\/wp\/v2\/posts\/50711\/revisions"}],"wp:featuredmedia":[{"embeddable":true,"href":"https:\/\/economiapoliticacba.com\/index.php?rest_route=\/wp\/v2\/media\/50712"}],"wp:attachment":[{"href":"https:\/\/economiapoliticacba.com\/index.php?rest_route=%2Fwp%2Fv2%2Fmedia&parent=50711"}],"wp:term":[{"taxonomy":"category","embeddable":true,"href":"https:\/\/economiapoliticacba.com\/index.php?rest_route=%2Fwp%2Fv2%2Fcategories&post=50711"},{"taxonomy":"post_tag","embeddable":true,"href":"https:\/\/economiapoliticacba.com\/index.php?rest_route=%2Fwp%2Fv2%2Ftags&post=50711"}],"curies":[{"name":"wp","href":"https:\/\/api.w.org\/{rel}","templated":true}]}}