{"id":50705,"date":"2026-04-25T17:44:47","date_gmt":"2026-04-25T17:44:47","guid":{"rendered":"http:\/\/69ecf9b166da784866406722"},"modified":"2026-04-25T17:44:47","modified_gmt":"2026-04-25T17:44:47","slug":"cordoba-detuvieron-a-una-pareja-por-el-violento-crimen-de-una-jubilada-en-quilino","status":"publish","type":"post","link":"https:\/\/economiapoliticacba.com\/?p=50705","title":{"rendered":"C\u00f3rdoba: detuvieron a una pareja por el violento crimen de una jubilada en Quilino"},"content":{"rendered":"<p><img src=\"http:\/\/economiapoliticacba.com\/wp-content\/uploads\/2026\/04\/cordoba-detuvieron-a-una-pareja-por-el-violento-crimen-de-una-jubilada-en-quilino.jpg\"><\/p>\n<p>Agentes de la Polic\u00eda de C\u00f3rdoba encontraron este viernes por la noche a una jubilada de 82 a\u00f1os sin vida dentro de su domicilio sobre la calle Chubut al 140 en la localidad de <strong>Quilino<\/strong>. Seg\u00fan confirmaron medios regionales, el cuerpo de la mujer presentaba<strong> fuertes<\/strong> <strong>golpes y ataduras en sus manos.<\/strong><\/p>\n<p><strong>El caso ya suma tres detenidos.<\/strong> La Polic\u00eda detuvo en primer lugar a un hombre de 30 a\u00f1os en la localidad de Lucio V. Mansilla, y este s\u00e1bado arrestaron a un hombre de 33 a\u00f1os y a una mujer de 36 que estar\u00edan vinculados al asesinato.<\/p>\n<p>El personal policial secuestr\u00f3 <strong>dos tel\u00e9fonos celulares<\/strong>, ropa y un auto durante el registro del inmueble.&nbsp;<\/p>\n<p>En paralelo, la fiscal <strong>Anal\u00eda Cepede<\/strong> orden\u00f3 las medidas judiciales y avanza con el caso que es investigado como <strong>homicidio en ocasi\u00f3n de robo<\/strong>.<\/p>\n<p><span>&#8220;Constatamos el faltante de dinero que la se\u00f1ora ten\u00eda como ahorros. <\/span>Dos de las personas que habr\u00edan ingresado eran conocidas por la v\u00edctima, lo que nos lleva a pensar que la muerte pudo haber sido para evitar que los reconociera&#8221;, se\u00f1al\u00f3 la fiscal en di\u00e1logo con <i>Cadena 3.<\/i><\/p>\n<figure class=\"multimedia\" data-tadevel-template=\"web\/multimedia\" data-type=\"photo\">\n<div class=\"content\">\n<div class=\"sizer\" data-sizer=\"aspect-ratio\" data-tadevel-template=\"web\/aspect-ratio\"><img alt=\"C\u00f3rdoba: detuvieron a una pareja por el violento crimen de una jubilada en Quilino\" loading=\"lazy\"><\/div>\n<\/div><figcaption class=\"caption\">\n<div class=\"attribution\">Foto: Polic\u00eda de C\u00f3rdoba.<\/div>\n<\/figcaption><\/figure>\n","protected":false},"excerpt":{"rendered":"<p>Agentes de la Polic\u00eda de C\u00f3rdoba encontraron este viernes por la noche a una jubilada de 82 a\u00f1os sin vida dentro de su domicilio sobre la calle Chubut al 140 en la localidad de Quilino. Seg\u00fan confirmaron medios regionales, el cuerpo de la mujer presentaba fuertes golpes y ataduras en sus manos. El caso ya [&hellip;]<\/p>\n","protected":false},"author":1,"featured_media":50706,"comment_status":"closed","ping_status":"closed","sticky":false,"template":"","format":"standard","meta":{"om_disable_all_campaigns":false,"_monsterinsights_skip_tracking":false,"_monsterinsights_sitenote_active":false,"_monsterinsights_sitenote_note":"","_monsterinsights_sitenote_category":0},"categories":[18],"tags":[],"aioseo_notices":[],"_links":{"self":[{"href":"https:\/\/economiapoliticacba.com\/index.php?rest_route=\/wp\/v2\/posts\/50705"}],"collection":[{"href":"https:\/\/economiapoliticacba.com\/index.php?rest_route=\/wp\/v2\/posts"}],"about":[{"href":"https:\/\/economiapoliticacba.com\/index.php?rest_route=\/wp\/v2\/types\/post"}],"author":[{"embeddable":true,"href":"https:\/\/economiapoliticacba.com\/index.php?rest_route=\/wp\/v2\/users\/1"}],"replies":[{"embeddable":true,"href":"https:\/\/economiapoliticacba.com\/index.php?rest_route=%2Fwp%2Fv2%2Fcomments&post=50705"}],"version-history":[{"count":0,"href":"https:\/\/economiapoliticacba.com\/index.php?rest_route=\/wp\/v2\/posts\/50705\/revisions"}],"wp:featuredmedia":[{"embeddable":true,"href":"https:\/\/economiapoliticacba.com\/index.php?rest_route=\/wp\/v2\/media\/50706"}],"wp:attachment":[{"href":"https:\/\/economiapoliticacba.com\/index.php?rest_route=%2Fwp%2Fv2%2Fmedia&parent=50705"}],"wp:term":[{"taxonomy":"category","embeddable":true,"href":"https:\/\/economiapoliticacba.com\/index.php?rest_route=%2Fwp%2Fv2%2Fcategories&post=50705"},{"taxonomy":"post_tag","embeddable":true,"href":"https:\/\/economiapoliticacba.com\/index.php?rest_route=%2Fwp%2Fv2%2Ftags&post=50705"}],"curies":[{"name":"wp","href":"https:\/\/api.w.org\/{rel}","templated":true}]}}