{"id":50627,"date":"2026-04-23T15:48:00","date_gmt":"2026-04-23T15:48:00","guid":{"rendered":"https:\/\/economiapoliticacba.com\/?p=50627"},"modified":"2026-04-23T15:48:00","modified_gmt":"2026-04-23T15:48:00","slug":"la-confianza-del-consumidor-se-desploma-y-toca-su-peor-nivel-en-casi-dos-anos","status":"publish","type":"post","link":"https:\/\/economiapoliticacba.com\/?p=50627","title":{"rendered":"La confianza del consumidor se desploma y toca su peor nivel en casi dos a\u00f1os"},"content":{"rendered":"<p>La <a href=\"https:\/\/eleconomista.com.ar\/tags\/confianza-t1305\" target=\"_blank\" rel=\"noopener\"><strong>confianza <\/strong><\/a>de los consumidores volvi\u00f3 a deteriorarse en abril y<mark class=\"marker-yellow\"><strong> profundiz\u00f3 la tendencia negativa de los \u00faltimos meses<\/strong><\/mark>. El \u00edndice que elabora el Centro de Investigaci\u00f3n en Finanzas (CIF) de la <a href=\"https:\/\/eleconomista.com.ar\/economia\/una-universidad-top-argentina-le-acaba-dar-peor-noticia-posible-hermanos-milei-99-probabilidad-recesion-n92741\" target=\"_blank\" rel=\"noopener\"><strong>Universidad Torcuato Di Tella <\/strong><\/a>registr\u00f3 una ca\u00edda de <strong>5,7% respecto de marzo<\/strong>, tras retrocesos de 5,3% y 4,7% en los meses previos. De esta manera, el indicador acumul\u00f3 tambi\u00e9n <strong>cinco bajas consecutivas en la comparaci\u00f3n interanual<\/strong>. <\/p>\n<p>El relevamiento, realizado por Poliarqu\u00eda Consultores entre el 6 y el 17 de abril en 40 grandes centros urbanos, ubic\u00f3 al \u00edndice en <strong>39,64 puntos<\/strong>, el nivel m\u00e1s bajo desde julio de 2024. A nivel regional, el Interior volvi\u00f3 a mostrar el mayor nivel de confianza (45,35 puntos), mientras que el Gran Buenos Aires registr\u00f3 el menor (36,82) y la Ciudad de Buenos Aires qued\u00f3 en 38,1. La ca\u00edda m\u00e1s fuerte se observ\u00f3 en el Interior (-10,57%), seguida por CABA (-6,69%) y el GBA (-1,53%). <\/p>\n<figure class=\"image\"><img loading=\"lazy\" width=\"100\" height=\"100\" class=\"cst_img\" src=\"http:\/\/economiapoliticacba.com\/wp-content\/uploads\/2026\/04\/la-confianza-del-consumidor-se-desploma-y-toca-su-peor-nivel-en-casi-dos-anos.webp\" alt=\"eb29432f-241f-42e9-888e-6b0634d82d07\"><figcaption>&nbsp;<\/figcaption><\/figure>\n<p>El informe tambi\u00e9n evidenci\u00f3 una fuerte disparidad seg\u00fan ingresos. La baja fue m\u00e1s pronunciada entre los hogares de menores recursos (<strong>-12,6%<\/strong>), donde el \u00edndice se ubic\u00f3 en 35,5 puntos, mientras que en los sectores de mayores ingresos la contracci\u00f3n fue m\u00e1s moderada (<strong>-1,8%<\/strong>, hasta 42,57 unidades). Esta diferencia refleja el impacto desigual de la inflaci\u00f3n \u2014que en marzo fue de 3,4%\u2014 y de los aumentos en tarifas y servicios sobre el consumo cotidiano. <\/p>\n<p>En paralelo, los componentes del \u00edndice mostraron retrocesos generalizados. La percepci\u00f3n sobre la situaci\u00f3n personal cay\u00f3 4%, la evaluaci\u00f3n de la econom\u00eda general baj\u00f3 4,3% y las expectativas de compra de bienes durables se desplomaron <strong>9,51%<\/strong>, afectadas por condiciones crediticias m\u00e1s estrictas y el aumento de la mora. Este deterioro se dio en un contexto en el que el Gobierno reafirm\u00f3 su programa econ\u00f3mico y proyect\u00f3 mejoras a futuro, aunque esas expectativas no se trasladaron al \u00e1nimo de los consumidores. <\/p>\n<figure class=\"image\"><img loading=\"lazy\" width=\"100\" height=\"100\" class=\"cst_img\" src=\"http:\/\/economiapoliticacba.com\/wp-content\/uploads\/2026\/04\/la-confianza-del-consumidor-se-desploma-y-toca-su-peor-nivel-en-casi-dos-anos-1.webp\" alt=\"eb29432f-241f-42e9-888e-6b0634d82d07\"><figcaption>&nbsp;<\/figcaption><\/figure>\n<h2><strong>Balance de la gesti\u00f3n Milei<\/strong><\/h2>\n<p>Tras tres ca\u00eddas consecutivas, el \u00edndice pr\u00e1cticamente volvi\u00f3 al nivel de inicio del actual gobierno: <strong>39,81 puntos en diciembre de 2023<\/strong>, lo que implica una variaci\u00f3n marginal negativa. Seg\u00fan el informe, la sociedad dej\u00f3 de percibir mejoras en su situaci\u00f3n, con un deterioro tanto en las condiciones presentes como en las expectativas.&nbsp; <\/p>\n<p>Desde el pico de enero de 2025 (47,38 puntos), la confianza acumula una baja de <strong>16,3%<\/strong>, aunque todav\u00eda se mantiene por encima del piso registrado en enero de 2024. <\/p>\n<figure class=\"image\"><img loading=\"lazy\" width=\"100\" height=\"100\" class=\"cst_img\" src=\"http:\/\/economiapoliticacba.com\/wp-content\/uploads\/2026\/04\/la-confianza-del-consumidor-se-desploma-y-toca-su-peor-nivel-en-casi-dos-anos-2.webp\" alt=\"eb29432f-241f-42e9-888e-6b0634d82d07\"><figcaption>&nbsp;<\/figcaption><\/figure>\n","protected":false},"excerpt":{"rendered":"<p>La confianza de los consumidores volvi\u00f3 a deteriorarse en abril y profundiz\u00f3 la tendencia negativa de los \u00faltimos meses. El \u00edndice que elabora el Centro de Investigaci\u00f3n en Finanzas (CIF) de la Universidad Torcuato Di Tella registr\u00f3 una ca\u00edda de 5,7% respecto de marzo, tras retrocesos de 5,3% y 4,7% en los meses previos. De [&hellip;]<\/p>\n","protected":false},"author":1,"featured_media":50628,"comment_status":"closed","ping_status":"closed","sticky":false,"template":"","format":"standard","meta":{"om_disable_all_campaigns":false,"_monsterinsights_skip_tracking":false,"_monsterinsights_sitenote_active":false,"_monsterinsights_sitenote_note":"","_monsterinsights_sitenote_category":0},"categories":[17],"tags":[],"aioseo_notices":[],"_links":{"self":[{"href":"https:\/\/economiapoliticacba.com\/index.php?rest_route=\/wp\/v2\/posts\/50627"}],"collection":[{"href":"https:\/\/economiapoliticacba.com\/index.php?rest_route=\/wp\/v2\/posts"}],"about":[{"href":"https:\/\/economiapoliticacba.com\/index.php?rest_route=\/wp\/v2\/types\/post"}],"author":[{"embeddable":true,"href":"https:\/\/economiapoliticacba.com\/index.php?rest_route=\/wp\/v2\/users\/1"}],"replies":[{"embeddable":true,"href":"https:\/\/economiapoliticacba.com\/index.php?rest_route=%2Fwp%2Fv2%2Fcomments&post=50627"}],"version-history":[{"count":0,"href":"https:\/\/economiapoliticacba.com\/index.php?rest_route=\/wp\/v2\/posts\/50627\/revisions"}],"wp:featuredmedia":[{"embeddable":true,"href":"https:\/\/economiapoliticacba.com\/index.php?rest_route=\/wp\/v2\/media\/50628"}],"wp:attachment":[{"href":"https:\/\/economiapoliticacba.com\/index.php?rest_route=%2Fwp%2Fv2%2Fmedia&parent=50627"}],"wp:term":[{"taxonomy":"category","embeddable":true,"href":"https:\/\/economiapoliticacba.com\/index.php?rest_route=%2Fwp%2Fv2%2Fcategories&post=50627"},{"taxonomy":"post_tag","embeddable":true,"href":"https:\/\/economiapoliticacba.com\/index.php?rest_route=%2Fwp%2Fv2%2Ftags&post=50627"}],"curies":[{"name":"wp","href":"https:\/\/api.w.org\/{rel}","templated":true}]}}