{"id":50620,"date":"2026-04-23T16:20:00","date_gmt":"2026-04-23T16:20:00","guid":{"rendered":"http:\/\/69ea4619941334027f53ff9b"},"modified":"2026-04-23T16:20:00","modified_gmt":"2026-04-23T16:20:00","slug":"boca-visita-a-defensa-y-justicia-con-la-cabeza-puesta-en-los-octavos-de-final","status":"publish","type":"post","link":"https:\/\/economiapoliticacba.com\/?p=50620","title":{"rendered":"Boca visita a Defensa y Justicia con la cabeza puesta en los octavos de final"},"content":{"rendered":"<p><img src=\"http:\/\/economiapoliticacba.com\/wp-content\/uploads\/2026\/04\/boca-visita-a-defensa-y-justicia-con-la-cabeza-puesta-en-los-octavos-de-final.jpg\"><\/p>\n<p><strong>Defensa y Justicia y Boca<\/strong> levantan el tel\u00f3n de la fecha 16 del <strong>Torneo Apertura<\/strong>.<\/p>\n<p><strong>El Halc\u00f3n y el Xeneize<\/strong> chocan a partir de las 20 horas en el sur del conurbano bonaerense bajo la transmisi\u00f3n de la se\u00f1al ESPN Premium.<\/p>\n<p>El equipo de la Ribera sale a la cancha con el objetivo de pasar a la siguiente fase de la liga. El plantel de <strong>Claudio \u00dabeda<\/strong> acumula 24 puntos en la Zona A y alcanza el objetivo deportivo con tan solo un empate.<\/p>\n<p>Boca aterriza en Florencio Varela despu\u00e9s de ganarle el supercl\u00e1sico a <strong>River<\/strong> por la m\u00ednima diferencia en N\u00fa\u00f1ez. En la vereda del frente, el conjunto de Mariano Soso llega tras una seguidilla de partidos irregulares: en el \u00faltimo cotejo, el Halc\u00f3n cay\u00f3 ante Independiente por 3-1.<\/p>\n<figure class=\"multimedia\" data-tadevel-template=\"web\/multimedia\" data-type=\"photo\">\n<div class=\"content\">\n<div class=\"sizer\" data-sizer=\"aspect-ratio\" data-tadevel-template=\"web\/aspect-ratio\"><img alt=\"Boca visita a Defensa y Justicia con la cabeza puesta en los octavos de final\" loading=\"lazy\"><\/div>\n<\/div><figcaption class=\"caption\">\n<div class=\"attribution\">Foto: Prensa Boca Juniors.<\/div>\n<\/figcaption><\/figure>\n<p>La agenda del torneo guarda un \u00faltimo partido pendiente para ambos clubes antes de cerrar la primera etapa. El Xeneize cruza contra <strong>Central C\u00f3rdoba de Santiago del Estero<\/strong> y Defensa enfrenta a <strong>Gimnasia de Mendoza<\/strong> por la novena jornada.<\/p>\n<p>El \u00e1rbitro <strong>Andr\u00e9s Gariano<\/strong> pita el inicio de las acciones en el estadio de <strong>Defensa y Justicia<\/strong> y Silvio Trucco maneja los controles del VAR.<\/p>\n<h4><strong>El once confirmado de Boca<\/strong><\/h4>\n<p>Leandro Brey; Juan Barinaga, Nicol\u00e1s Figal, Marco Pellegrino, Malcom Braida; Tom\u00e1s Belmonte, Ander Herrera, Alan Velasco; \u00c1ngel Romero, Milton Gim\u00e9nez y Exequiel Zeballos.<\/p>\n<figure class=\"multimedia\" data-html data-tadevel-template=\"web\/multimedia\" data-type=\"rich\" data-url><\/figure>\n","protected":false},"excerpt":{"rendered":"<p>Defensa y Justicia y Boca levantan el tel\u00f3n de la fecha 16 del Torneo Apertura. El Halc\u00f3n y el Xeneize chocan a partir de las 20 horas en el sur del conurbano bonaerense bajo la transmisi\u00f3n de la se\u00f1al ESPN Premium. El equipo de la Ribera sale a la cancha con el objetivo de pasar [&hellip;]<\/p>\n","protected":false},"author":1,"featured_media":50621,"comment_status":"closed","ping_status":"closed","sticky":false,"template":"","format":"standard","meta":{"om_disable_all_campaigns":false,"_monsterinsights_skip_tracking":false,"_monsterinsights_sitenote_active":false,"_monsterinsights_sitenote_note":"","_monsterinsights_sitenote_category":0},"categories":[18],"tags":[],"aioseo_notices":[],"_links":{"self":[{"href":"https:\/\/economiapoliticacba.com\/index.php?rest_route=\/wp\/v2\/posts\/50620"}],"collection":[{"href":"https:\/\/economiapoliticacba.com\/index.php?rest_route=\/wp\/v2\/posts"}],"about":[{"href":"https:\/\/economiapoliticacba.com\/index.php?rest_route=\/wp\/v2\/types\/post"}],"author":[{"embeddable":true,"href":"https:\/\/economiapoliticacba.com\/index.php?rest_route=\/wp\/v2\/users\/1"}],"replies":[{"embeddable":true,"href":"https:\/\/economiapoliticacba.com\/index.php?rest_route=%2Fwp%2Fv2%2Fcomments&post=50620"}],"version-history":[{"count":0,"href":"https:\/\/economiapoliticacba.com\/index.php?rest_route=\/wp\/v2\/posts\/50620\/revisions"}],"wp:featuredmedia":[{"embeddable":true,"href":"https:\/\/economiapoliticacba.com\/index.php?rest_route=\/wp\/v2\/media\/50621"}],"wp:attachment":[{"href":"https:\/\/economiapoliticacba.com\/index.php?rest_route=%2Fwp%2Fv2%2Fmedia&parent=50620"}],"wp:term":[{"taxonomy":"category","embeddable":true,"href":"https:\/\/economiapoliticacba.com\/index.php?rest_route=%2Fwp%2Fv2%2Fcategories&post=50620"},{"taxonomy":"post_tag","embeddable":true,"href":"https:\/\/economiapoliticacba.com\/index.php?rest_route=%2Fwp%2Fv2%2Ftags&post=50620"}],"curies":[{"name":"wp","href":"https:\/\/api.w.org\/{rel}","templated":true}]}}