{"id":50368,"date":"2026-04-17T16:45:00","date_gmt":"2026-04-17T16:45:00","guid":{"rendered":"https:\/\/www.iprofesional.com\/legales\/452717-reforma-laboral-como-es-el-nuevo-calculo-de-la-indemnizacion-por-despido"},"modified":"2026-04-17T16:45:00","modified_gmt":"2026-04-17T16:45:00","slug":"reforma-laboral-asi-se-calcula-ahora-la-indemnizacion-en-argentina","status":"publish","type":"post","link":"https:\/\/economiapoliticacba.com\/?p=50368","title":{"rendered":"Reforma laboral: as\u00ed se calcula ahora la indemnizaci\u00f3n en Argentina"},"content":{"rendered":"<p><img src=\"http:\/\/economiapoliticacba.com\/wp-content\/uploads\/2026\/04\/reforma-laboral-asi-se-calcula-ahora-la-indemnizacion-en-argentina.jpg\"><\/p>\n<div><img src=\"http:\/\/economiapoliticacba.com\/wp-content\/uploads\/2026\/04\/reforma-laboral-asi-se-calcula-ahora-la-indemnizacion-en-argentina-2.jpg\" class=\"ff-og-image-inserted\"><\/div>\n<p>La<span>&nbsp;<\/span><strong>Ley de Modernizaci\u00f3n Laboral ya entr\u00f3 en vigencia<\/strong><span>&nbsp;<\/span>en la Argentina y uno de los cambios m\u00e1s relevantes impacta directamente en la indemnizaci\u00f3n por despido sin causa. La reforma modifica el<span>&nbsp;<\/span><a href=\"https:\/\/www.iprofesional.com\/impuestos\/421266-reforma-laboral-que-derechos-de-ley-de-contrato-de-trabajo-elimina\" target=\"_blank\" rel=\"noopener noreferrer\"><strong>art\u00edculo 245 de la Ley de Contrato de Trabajo (LCT)<\/strong><\/a>, introduciendo nuevas reglas para calcular el monto que deben percibir los trabajadores desvinculados.<\/p>\n<p>Aunque se mantiene el esquema tradicional \u2014<a href=\"https:\/\/www.iprofesional.com\/legales\/448591-reforma-laboral-que-pasa-con-la-indemnizacion-de-empleados-contratados-antes-del-cambio\" target=\"_blank\" rel=\"noopener noreferrer\">un mes de sueldo por cada a\u00f1o trabajado o fracci\u00f3n mayor a tres meses<\/a>\u2014, la nueva redacci\u00f3n incorpora precisiones t\u00e9cnicas que afectan el c\u00e1lculo del salario base, redefine los topes indemnizatorios y limita la posibilidad de iniciar reclamos judiciales adicionales.<\/p>\n<p><span>El objetivo oficial es&nbsp;<strong>reducir la litigiosidad laboral<\/strong>, brindar mayor previsibilidad a los empleadores y establecer criterios m\u00e1s claros sobre qu\u00e9 conceptos integran la base de c\u00e1lculo.<\/span><\/p>\n<h2>C\u00f3mo era la indemnizaci\u00f3n por despido antes de la reforma<\/h2>\n<p>Antes de la modificaci\u00f3n, el art\u00edculo 245 establec\u00eda que, ante un despido sin causa, el trabajador deb\u00eda recibir una indemnizaci\u00f3n equivalente a:<\/p>\n<ul>\n<li>Un mes de sueldo por cada a\u00f1o de servicio o fracci\u00f3n mayor de tres meses<\/li>\n<li>Calculada sobre la<span>&nbsp;<\/span><strong>mejor remuneraci\u00f3n mensual, normal y habitual del \u00faltimo a\u00f1o<\/strong><\/li>\n<\/ul>\n<p>Este esquema se mantiene vigente en t\u00e9rminos generales. Sin embargo, muchos aspectos del c\u00e1lculo quedaban sujetos a interpretaci\u00f3n judicial, especialmente en lo referido a qu\u00e9 conceptos salariales deb\u00edan incluirse.<\/p>\n<h2>Qu\u00e9 cambia con la nueva ley laboral<\/h2>\n<p>La reforma introduce cambios clave en la forma de calcular la indemnizaci\u00f3n. El m\u00e1s importante es que ahora la ley define de manera expresa qu\u00e9 se considera remuneraci\u00f3n y c\u00f3mo deben computarse los distintos conceptos.<\/p>\n<h2>Qu\u00e9 se considera remuneraci\u00f3n para la indemnizaci\u00f3n<\/h2>\n<p>A partir de la nueva normativa, solo se tendr\u00e1 en cuenta la<span>&nbsp;<\/span><strong>remuneraci\u00f3n devengada y pagada mensualmente<\/strong>. Esto implica la exclusi\u00f3n de conceptos no mensuales, como:<\/p>\n<ul>\n<li><strong>Sueldo Anual Complementario (aguinaldo)<\/strong><\/li>\n<li>Vacaciones<\/li>\n<li>Bonificaciones o premios no mensuales<\/li>\n<\/ul>\n<p>En la pr\u00e1ctica, este cambio limita la posibilidad de incluir sumas extraordinarias en la base de c\u00e1lculo, algo que en algunos casos era admitido por la jurisprudencia si se consideraban habituales.<\/p>\n<h2>Definici\u00f3n de remuneraci\u00f3n &#8220;habitual&#8221; y &#8220;normal&#8221;<\/h2>\n<p>Otro punto central de la reforma es la incorporaci\u00f3n de criterios m\u00e1s estrictos para definir qu\u00e9 se entiende por remuneraci\u00f3n habitual y normal.<\/p>\n<p><span>Se considerar\u00e1 habitual a todo concepto percibido durante&nbsp;<strong>al menos seis meses en el \u00faltimo a\u00f1o<\/strong>. En el caso de ingresos variables (como comisiones u horas extras), se tomar\u00e1 el promedio de los \u00faltimos seis meses, o del \u00faltimo a\u00f1o si resulta m\u00e1s favorable para el trabajador.<\/span><\/p>\n<p>Este cambio apunta a unificar criterios y reducir la discrecionalidad judicial en los reclamos laborales.<\/p>\n<h2>Nuevos topes para la indemnizaci\u00f3n por despido<\/h2>\n<p>La reforma mantiene el sistema de topes indemnizatorios, pero introduce modificaciones relevantes:<\/p>\n<ul>\n<li>La base salarial no podr\u00e1 superar<span>&nbsp;<\/span><strong>tres veces el salario promedio del convenio colectivo aplicable<\/strong><\/li>\n<li>Los topes ser\u00e1n fijados por las partes del convenio colectivo<\/li>\n<li>La intervenci\u00f3n estatal se limita a la homologaci\u00f3n o registraci\u00f3n<\/li>\n<\/ul>\n<p>Adem\u00e1s, se establece un l\u00edmite m\u00ednimo: el tope no podr\u00e1 reducir la indemnizaci\u00f3n por debajo del<span>&nbsp;<\/span><strong>67% de la remuneraci\u00f3n mensual normal y habitual<\/strong>.<\/p>\n<h2>Qu\u00e9 pasa con trabajadores fuera de convenio<\/h2>\n<p>Para los trabajadores no encuadrados en un convenio colectivo, la ley establece criterios espec\u00edficos:<\/p>\n<ul>\n<li>Se aplicar\u00e1 el convenio del establecimiento donde prestan servicios, o<\/li>\n<li>El convenio m\u00e1s favorable, si hubiera m\u00e1s de uno aplicable<\/li>\n<\/ul>\n<p>Esta definici\u00f3n busca evitar conflictos judiciales sobre qu\u00e9 tope corresponde aplicar.<\/p>\n<h2>Indemnizaci\u00f3n m\u00ednima garantizada<\/h2>\n<p>La normativa mantiene un piso indemnizatorio: en ning\u00fan caso la indemnizaci\u00f3n podr\u00e1 ser inferior a<span>&nbsp;<\/span><strong>un mes de sueldo<\/strong>, incluso en situaciones de baja antig\u00fcedad.<\/p>\n<h2>Fondos de cese laboral: alternativa a la indemnizaci\u00f3n tradicional<\/h2>\n<p>Uno de los cambios m\u00e1s relevantes es la ampliaci\u00f3n de los sistemas alternativos de cese laboral.<\/p>\n<p>La ley permite que, mediante convenio colectivo, se establezcan<span>&nbsp;<\/span><strong>fondos de cese laboral financiados exclusivamente por el empleador<\/strong>. Estos pueden cubrir:<\/p>\n<ul>\n<li>Indemnizaciones por despido sin causa<\/li>\n<li>Acuerdos de desvinculaci\u00f3n<\/li>\n<\/ul>\n<p>Este esquema se asemeja al utilizado en la industria de la construcci\u00f3n y podr\u00eda extenderse a otros sectores.<\/p>\n<h2>La indemnizaci\u00f3n como \u00fanica reparaci\u00f3n<\/h2>\n<p>El punto m\u00e1s controvertido de la reforma es que la indemnizaci\u00f3n pasa a ser considerada la<span>&nbsp;<\/span><strong>\u00fanica reparaci\u00f3n frente al despido sin causa<\/strong>.<\/p>\n<p><span>La nueva redacci\u00f3n establece que el cobro de la indemnizaci\u00f3n&nbsp;<strong>extingue cualquier otro reclamo<\/strong>. No podr\u00e1n iniciarse acciones judiciales o extrajudiciales adicionales. Solo quedan exceptuados los casos vinculados a il\u00edcitos penales.<\/span><\/p>\n<p>Esto implica una limitaci\u00f3n significativa para iniciar demandas por da\u00f1os y perjuicios u otros reclamos derivados del despido.<\/p>\n<h2>Impacto de la reforma laboral en trabajadores y empleadores<\/h2>\n<p>La modificaci\u00f3n del art\u00edculo 245 introduce un<span>&nbsp;<\/span><a href=\"https:\/\/www.iprofesional.com\/management\/449741-reforma-laboral-cuanto-se-paga-de-indemnizacion-por-despido-en-argentina-en-marzo-de-2026\" target=\"_blank\" rel=\"noopener noreferrer\"><strong>cambio estructural en el sistema indemnizatorio argentino<\/strong><\/a>. Si bien se mantiene la f\u00f3rmula b\u00e1sica, el nuevo esquema:<\/p>\n<ul>\n<li>Define de manera m\u00e1s estricta qu\u00e9 conceptos integran la base salarial<\/li>\n<li>Reduce el margen de interpretaci\u00f3n judicial<\/li>\n<li>Establece l\u00edmites m\u00e1s claros para los reclamos<\/li>\n<\/ul>\n<p>Para los empleadores, representa mayor previsibilidad en los costos laborales. Para los trabajadores, implica un sistema m\u00e1s cerrado, con menos posibilidades de ampliar el reclamo en sede judicial.<\/p>\n<p>En este contexto, la reforma redefine uno de los pilares centrales del derecho laboral en la Argentina y abre una nueva etapa en la regulaci\u00f3n de los despidos sin causa.<\/p>\n<p>Hay que tener en cuenta que, salvo la actualizaci\u00f3n de cr\u00e9ditos, el resto del tema indemnizatorio de la reforma laboral se encuentra<span>&nbsp;<\/span><a href=\"https:\/\/www.iprofesional.com\/index.php\/legales\/451314-reforma-laboral-frenada-justicia-crece-incertidumbre-empleo\" target=\"_blank\" rel=\"noopener noreferrer\"><strong>suspendido gracias a una medida cautelar dictada a favor de la Confederaci\u00f3n General del Trabajo (CGT)<\/strong><\/a>.<\/p>\n","protected":false},"excerpt":{"rendered":"<p>La&nbsp;Ley de Modernizaci\u00f3n Laboral ya entr\u00f3 en vigencia&nbsp;en la Argentina y uno de los cambios m\u00e1s relevantes impacta directamente en la indemnizaci\u00f3n por despido sin causa. La reforma modifica el&nbsp;art\u00edculo 245 de la Ley de Contrato de Trabajo (LCT), introduciendo nuevas reglas para calcular el monto que deben percibir los trabajadores desvinculados. Aunque se mantiene [&hellip;]<\/p>\n","protected":false},"author":1,"featured_media":50369,"comment_status":"closed","ping_status":"closed","sticky":false,"template":"","format":"standard","meta":{"om_disable_all_campaigns":false,"_monsterinsights_skip_tracking":false,"_monsterinsights_sitenote_active":false,"_monsterinsights_sitenote_note":"","_monsterinsights_sitenote_category":0},"categories":[20],"tags":[],"aioseo_notices":[],"_links":{"self":[{"href":"https:\/\/economiapoliticacba.com\/index.php?rest_route=\/wp\/v2\/posts\/50368"}],"collection":[{"href":"https:\/\/economiapoliticacba.com\/index.php?rest_route=\/wp\/v2\/posts"}],"about":[{"href":"https:\/\/economiapoliticacba.com\/index.php?rest_route=\/wp\/v2\/types\/post"}],"author":[{"embeddable":true,"href":"https:\/\/economiapoliticacba.com\/index.php?rest_route=\/wp\/v2\/users\/1"}],"replies":[{"embeddable":true,"href":"https:\/\/economiapoliticacba.com\/index.php?rest_route=%2Fwp%2Fv2%2Fcomments&post=50368"}],"version-history":[{"count":0,"href":"https:\/\/economiapoliticacba.com\/index.php?rest_route=\/wp\/v2\/posts\/50368\/revisions"}],"wp:featuredmedia":[{"embeddable":true,"href":"https:\/\/economiapoliticacba.com\/index.php?rest_route=\/wp\/v2\/media\/50369"}],"wp:attachment":[{"href":"https:\/\/economiapoliticacba.com\/index.php?rest_route=%2Fwp%2Fv2%2Fmedia&parent=50368"}],"wp:term":[{"taxonomy":"category","embeddable":true,"href":"https:\/\/economiapoliticacba.com\/index.php?rest_route=%2Fwp%2Fv2%2Fcategories&post=50368"},{"taxonomy":"post_tag","embeddable":true,"href":"https:\/\/economiapoliticacba.com\/index.php?rest_route=%2Fwp%2Fv2%2Ftags&post=50368"}],"curies":[{"name":"wp","href":"https:\/\/api.w.org\/{rel}","templated":true}]}}