{"id":48950,"date":"2026-03-17T19:45:50","date_gmt":"2026-03-17T19:45:50","guid":{"rendered":"https:\/\/canalshowsport.com.ar\/?p=40408"},"modified":"2026-03-17T19:45:50","modified_gmt":"2026-03-17T19:45:50","slug":"docentes-privados-se-movilizan-sin-paro-sadop-acompana-reclamos-salariales","status":"publish","type":"post","link":"https:\/\/economiapoliticacba.com\/?p=48950","title":{"rendered":"Docentes privados se movilizan sin paro: Sadop acompa\u00f1a reclamos salariales"},"content":{"rendered":"<div class=\"single-excerpt\" readability=\"9\">\n<p>El gremio de docentes privados acompa\u00f1ar\u00e1 los reclamos salariales con una marcha de antorchas, aunque decidi\u00f3 no suspender las clases.<\/p>\n<\/div>\n<p>En el marco del paro convocado por la&nbsp;<strong>UEPC<\/strong>, el&nbsp;<strong>Sindicato Argentino de Docentes Privados (Sadop)<\/strong>&nbsp;confirm\u00f3 que no adherir\u00e1 a la medida de fuerza, aunque s\u00ed realizar\u00e1 una&nbsp;<strong>movilizaci\u00f3n en respaldo a los reclamos salariales<\/strong>.<\/p>\n<p>La protesta consistir\u00e1 en una&nbsp;<strong>marcha de antorchas<\/strong>&nbsp;prevista para el&nbsp;<strong>mi\u00e9rcoles 18 de marzo a las 19.30<\/strong>&nbsp;en el centro de la ciudad de C\u00f3rdoba. La convocatoria se dar\u00e1 en coincidencia con las jornadas de paro impulsadas por el gremio que nuclea a los docentes de escuelas p\u00fablicas.<\/p>\n<p>Desde Sadop se\u00f1alaron que comparten los planteos vinculados a la situaci\u00f3n salarial y laboral de los educadores, pero resolvieron&nbsp;<strong>no suspender las actividades en los establecimientos privados<\/strong>, optando por una manifestaci\u00f3n p\u00fablica para visibilizar los reclamos.<\/p>\n<p>La movilizaci\u00f3n buscar\u00e1 reunir a trabajadores de instituciones privadas y expresar la postura del sindicato frente a la negociaci\u00f3n paritaria con el Gobierno provincial.<\/p>\n<div class=\"wp-block-media-text is-stacked-on-mobile\" readability=\"0\">\n<figure class=\"wp-block-media-text__media\"><img loading=\"lazy\" decoding=\"async\" width=\"1200\" height=\"808\" src=\"http:\/\/economiapoliticacba.com\/wp-content\/uploads\/2026\/03\/docentes-privados-se-movilizan-sin-paro-sadop-acompana-reclamos-salariales.png\" alt class=\"wp-image-40412 size-full\" srcset=\"http:\/\/economiapoliticacba.com\/wp-content\/uploads\/2026\/03\/docentes-privados-se-movilizan-sin-paro-sadop-acompana-reclamos-salariales.png 1200w, http:\/\/economiapoliticacba.com\/wp-content\/uploads\/2026\/03\/docentes-privados-se-movilizan-sin-paro-sadop-acompana-reclamos-salariales-1.png 768w, http:\/\/economiapoliticacba.com\/wp-content\/uploads\/2026\/03\/docentes-privados-se-movilizan-sin-paro-sadop-acompana-reclamos-salariales-2.png 24w, http:\/\/economiapoliticacba.com\/wp-content\/uploads\/2026\/03\/docentes-privados-se-movilizan-sin-paro-sadop-acompana-reclamos-salariales-3.png 36w, http:\/\/economiapoliticacba.com\/wp-content\/uploads\/2026\/03\/docentes-privados-se-movilizan-sin-paro-sadop-acompana-reclamos-salariales-4.png 48w, http:\/\/economiapoliticacba.com\/wp-content\/uploads\/2026\/03\/docentes-privados-se-movilizan-sin-paro-sadop-acompana-reclamos-salariales-5.png 750w, http:\/\/economiapoliticacba.com\/wp-content\/uploads\/2026\/03\/docentes-privados-se-movilizan-sin-paro-sadop-acompana-reclamos-salariales-6.png 1140w\" sizes=\"(max-width: 1200px) 100vw, 1200px\"><\/figure>\n<\/div>\n","protected":false},"excerpt":{"rendered":"<p>El gremio de docentes privados acompa\u00f1ar\u00e1 los reclamos salariales con una marcha de antorchas, aunque decidi\u00f3 no suspender las clases. En el marco del paro convocado por la&nbsp;UEPC, el&nbsp;Sindicato Argentino de Docentes Privados (Sadop)&nbsp;confirm\u00f3 que no adherir\u00e1 a la medida de fuerza, aunque s\u00ed realizar\u00e1 una&nbsp;movilizaci\u00f3n en respaldo a los reclamos salariales. La protesta consistir\u00e1 [&hellip;]<\/p>\n","protected":false},"author":1,"featured_media":48951,"comment_status":"closed","ping_status":"closed","sticky":false,"template":"","format":"standard","meta":{"om_disable_all_campaigns":false,"_monsterinsights_skip_tracking":false,"_monsterinsights_sitenote_active":false,"_monsterinsights_sitenote_note":"","_monsterinsights_sitenote_category":0},"categories":[16],"tags":[27,3261,3262,3263],"aioseo_notices":[],"_links":{"self":[{"href":"https:\/\/economiapoliticacba.com\/index.php?rest_route=\/wp\/v2\/posts\/48950"}],"collection":[{"href":"https:\/\/economiapoliticacba.com\/index.php?rest_route=\/wp\/v2\/posts"}],"about":[{"href":"https:\/\/economiapoliticacba.com\/index.php?rest_route=\/wp\/v2\/types\/post"}],"author":[{"embeddable":true,"href":"https:\/\/economiapoliticacba.com\/index.php?rest_route=\/wp\/v2\/users\/1"}],"replies":[{"embeddable":true,"href":"https:\/\/economiapoliticacba.com\/index.php?rest_route=%2Fwp%2Fv2%2Fcomments&post=48950"}],"version-history":[{"count":0,"href":"https:\/\/economiapoliticacba.com\/index.php?rest_route=\/wp\/v2\/posts\/48950\/revisions"}],"wp:featuredmedia":[{"embeddable":true,"href":"https:\/\/economiapoliticacba.com\/index.php?rest_route=\/wp\/v2\/media\/48951"}],"wp:attachment":[{"href":"https:\/\/economiapoliticacba.com\/index.php?rest_route=%2Fwp%2Fv2%2Fmedia&parent=48950"}],"wp:term":[{"taxonomy":"category","embeddable":true,"href":"https:\/\/economiapoliticacba.com\/index.php?rest_route=%2Fwp%2Fv2%2Fcategories&post=48950"},{"taxonomy":"post_tag","embeddable":true,"href":"https:\/\/economiapoliticacba.com\/index.php?rest_route=%2Fwp%2Fv2%2Ftags&post=48950"}],"curies":[{"name":"wp","href":"https:\/\/api.w.org\/{rel}","templated":true}]}}