{"id":48923,"date":"2026-03-17T15:54:15","date_gmt":"2026-03-17T15:54:15","guid":{"rendered":"https:\/\/www.clubtalleres.com.ar\/?p=207450"},"modified":"2026-03-17T15:54:15","modified_gmt":"2026-03-17T15:54:15","slug":"emilio-suarez-jugara-a-prestamo-en-sportivo-las-parejas","status":"publish","type":"post","link":"https:\/\/economiapoliticacba.com\/?p=48923","title":{"rendered":"Emilio Su\u00e1rez jugar\u00e1 a pr\u00e9stamo en Sportivo Las Parejas"},"content":{"rendered":"<div><img src=\"http:\/\/economiapoliticacba.com\/wp-content\/uploads\/2026\/03\/emilio-suarez-jugara-a-prestamo-en-sportivo-las-parejas.jpg\" class=\"ff-og-image-inserted\"><\/div>\n<p>Con el objetivo de sumar minutos de juego, se informa que <strong>Emilio Su\u00e1rez<\/strong> jugar\u00e1 a pr\u00e9stamo en el equipo de la provincia de Santa Fe.<\/p>\n<p>Formado en el conjunto de bonaerense de <em>Flandria<\/em>, el defensor lleg\u00f3 a <strong>Talleres<\/strong> en febrero de 2025.<\/p>\n<p>El futbolista, oriundo de Buenos Aires, naci\u00f3 el 23 de abril de 2004, tiene 21 a\u00f1os.<\/p>\n<p>Durante el \u00faltimo a\u00f1o <strong>Su\u00e1rez<\/strong> fue parte del equipo de <strong>Reserva Albiazul<\/strong> que disput\u00f3 el <em>Torneo Proyecci\u00f3n de la LPF<\/em>.<\/p>\n<p>De esta manera <strong>Emilio Su\u00e1rez<\/strong> fue cedido a pr\u00e9stamo, sin cargo y sin opci\u00f3n, al <em>Sportivo Atl\u00e9tico Club Las Parejas<\/em> hasta diciembre del 2026.<\/p>\n","protected":false},"excerpt":{"rendered":"<p>Con el objetivo de sumar minutos de juego, se informa que Emilio Su\u00e1rez jugar\u00e1 a pr\u00e9stamo en el equipo de la provincia de Santa Fe. Formado en el conjunto de bonaerense de Flandria, el defensor lleg\u00f3 a Talleres en febrero de 2025. El futbolista, oriundo de Buenos Aires, naci\u00f3 el 23 de abril de 2004, [&hellip;]<\/p>\n","protected":false},"author":1,"featured_media":48924,"comment_status":"closed","ping_status":"closed","sticky":false,"template":"","format":"standard","meta":{"om_disable_all_campaigns":false,"_monsterinsights_skip_tracking":false,"_monsterinsights_sitenote_active":false,"_monsterinsights_sitenote_note":"","_monsterinsights_sitenote_category":0},"categories":[16],"tags":[],"aioseo_notices":[],"_links":{"self":[{"href":"https:\/\/economiapoliticacba.com\/index.php?rest_route=\/wp\/v2\/posts\/48923"}],"collection":[{"href":"https:\/\/economiapoliticacba.com\/index.php?rest_route=\/wp\/v2\/posts"}],"about":[{"href":"https:\/\/economiapoliticacba.com\/index.php?rest_route=\/wp\/v2\/types\/post"}],"author":[{"embeddable":true,"href":"https:\/\/economiapoliticacba.com\/index.php?rest_route=\/wp\/v2\/users\/1"}],"replies":[{"embeddable":true,"href":"https:\/\/economiapoliticacba.com\/index.php?rest_route=%2Fwp%2Fv2%2Fcomments&post=48923"}],"version-history":[{"count":0,"href":"https:\/\/economiapoliticacba.com\/index.php?rest_route=\/wp\/v2\/posts\/48923\/revisions"}],"wp:featuredmedia":[{"embeddable":true,"href":"https:\/\/economiapoliticacba.com\/index.php?rest_route=\/wp\/v2\/media\/48924"}],"wp:attachment":[{"href":"https:\/\/economiapoliticacba.com\/index.php?rest_route=%2Fwp%2Fv2%2Fmedia&parent=48923"}],"wp:term":[{"taxonomy":"category","embeddable":true,"href":"https:\/\/economiapoliticacba.com\/index.php?rest_route=%2Fwp%2Fv2%2Fcategories&post=48923"},{"taxonomy":"post_tag","embeddable":true,"href":"https:\/\/economiapoliticacba.com\/index.php?rest_route=%2Fwp%2Fv2%2Ftags&post=48923"}],"curies":[{"name":"wp","href":"https:\/\/api.w.org\/{rel}","templated":true}]}}