{"id":48916,"date":"2026-03-17T12:56:40","date_gmt":"2026-03-17T12:56:40","guid":{"rendered":"https:\/\/canalshowsport.com.ar\/?p=40285"},"modified":"2026-03-17T12:56:40","modified_gmt":"2026-03-17T12:56:40","slug":"la-nueva-generacion-del-audi-q3-se-anticipa-en-maipu-exclusivos","status":"publish","type":"post","link":"https:\/\/economiapoliticacba.com\/?p=48916","title":{"rendered":"La nueva generaci\u00f3n del Audi Q3 se anticipa en Maip\u00fa Exclusivos"},"content":{"rendered":"<div class=\"single-excerpt\" readability=\"11\">\n<p>El SUV compacto de Audi avanza con su etapa de preventa en el concesionario oficial, acercando al mercado argentino una nueva generaci\u00f3n que combina dise\u00f1o renovado, tecnolog\u00eda digital y una experiencia de manejo exclusiva.<\/p>\n<\/div>\n<p>Ya comenz\u00f3 la preventa del nuevo Audi Q3 en <a href=\"http:\/\/www.maipuexclusivos.com.ar\/\" rel=\"noopener\"><strong>Maip\u00fa Exclusivos<\/strong><\/a>, marcando la llegada de una nueva generaci\u00f3n del SUV compacto de Audi al mercado argentino. El modelo propone una evoluci\u00f3n integral que mantiene el ADN premium de la marca y suma mejoras en dise\u00f1o, tecnolog\u00eda y experiencia de conducci\u00f3n.<\/p>\n<p>Pensado para quienes buscan versatilidad urbana sin resignar sofisticaci\u00f3n ni car\u00e1cter din\u00e1mico, el Nuevo Audi Q3 combina un motor eficiente y potente con un comportamiento seguro y preciso. Cada trayecto, tanto en ciudad como en ruta, se traduce en una conducci\u00f3n equilibrada que transmite confianza y confort.<\/p>\n<figure class=\"wp-block-image size-full\"><img loading=\"lazy\" decoding=\"async\" width=\"1300\" height=\"867\" src=\"http:\/\/economiapoliticacba.com\/wp-content\/uploads\/2026\/03\/la-nueva-generacion-del-audi-q3-se-anticipa-en-maipu-exclusivos.jpg\" alt class=\"wp-image-40286\" srcset=\"http:\/\/economiapoliticacba.com\/wp-content\/uploads\/2026\/03\/la-nueva-generacion-del-audi-q3-se-anticipa-en-maipu-exclusivos.jpg 1300w, http:\/\/economiapoliticacba.com\/wp-content\/uploads\/2026\/03\/la-nueva-generacion-del-audi-q3-se-anticipa-en-maipu-exclusivos-3.jpg 768w, http:\/\/economiapoliticacba.com\/wp-content\/uploads\/2026\/03\/la-nueva-generacion-del-audi-q3-se-anticipa-en-maipu-exclusivos-4.jpg 24w, http:\/\/economiapoliticacba.com\/wp-content\/uploads\/2026\/03\/la-nueva-generacion-del-audi-q3-se-anticipa-en-maipu-exclusivos-5.jpg 36w, http:\/\/economiapoliticacba.com\/wp-content\/uploads\/2026\/03\/la-nueva-generacion-del-audi-q3-se-anticipa-en-maipu-exclusivos-6.jpg 48w, http:\/\/economiapoliticacba.com\/wp-content\/uploads\/2026\/03\/la-nueva-generacion-del-audi-q3-se-anticipa-en-maipu-exclusivos-7.jpg 750w, http:\/\/economiapoliticacba.com\/wp-content\/uploads\/2026\/03\/la-nueva-generacion-del-audi-q3-se-anticipa-en-maipu-exclusivos-8.jpg 1140w\" sizes=\"(max-width: 1300px) 100vw, 1300px\"><\/figure>\n<p><strong>Un dise\u00f1o exterior que refuerza su identidad<\/strong><\/p>\n<p>El Nuevo Audi Q3 presenta un dise\u00f1o exterior renovado, con l\u00edneas m\u00e1s atl\u00e9ticas y proporciones equilibradas que refuerzan su imagen robusta y contempor\u00e1nea. El frente adopta un lenguaje expresivo, acompa\u00f1ado por un nuevo dise\u00f1o de iluminaci\u00f3n delantera con firma lum\u00ednica distintiva, que aporta personalidad y una presencia firme en la carretera.<\/p>\n<p>La est\u00e9tica general refleja la evoluci\u00f3n del dise\u00f1o Audi, donde la elegancia y la deportividad conviven en un conjunto moderno y funcional.<\/p>\n<figure class=\"wp-block-image size-full\"><img loading=\"lazy\" decoding=\"async\" width=\"1300\" height=\"867\" src=\"http:\/\/economiapoliticacba.com\/wp-content\/uploads\/2026\/03\/la-nueva-generacion-del-audi-q3-se-anticipa-en-maipu-exclusivos-1.jpg\" alt class=\"wp-image-40287\" srcset=\"http:\/\/economiapoliticacba.com\/wp-content\/uploads\/2026\/03\/la-nueva-generacion-del-audi-q3-se-anticipa-en-maipu-exclusivos-1.jpg 1300w, http:\/\/economiapoliticacba.com\/wp-content\/uploads\/2026\/03\/la-nueva-generacion-del-audi-q3-se-anticipa-en-maipu-exclusivos-9.jpg 768w, http:\/\/economiapoliticacba.com\/wp-content\/uploads\/2026\/03\/la-nueva-generacion-del-audi-q3-se-anticipa-en-maipu-exclusivos-10.jpg 24w, http:\/\/economiapoliticacba.com\/wp-content\/uploads\/2026\/03\/la-nueva-generacion-del-audi-q3-se-anticipa-en-maipu-exclusivos-11.jpg 36w, http:\/\/economiapoliticacba.com\/wp-content\/uploads\/2026\/03\/la-nueva-generacion-del-audi-q3-se-anticipa-en-maipu-exclusivos-12.jpg 48w, http:\/\/economiapoliticacba.com\/wp-content\/uploads\/2026\/03\/la-nueva-generacion-del-audi-q3-se-anticipa-en-maipu-exclusivos-13.jpg 750w, http:\/\/economiapoliticacba.com\/wp-content\/uploads\/2026\/03\/la-nueva-generacion-del-audi-q3-se-anticipa-en-maipu-exclusivos-14.jpg 1140w\" sizes=\"(max-width: 1300px) 100vw, 1300px\"><\/figure>\n<p><strong>Interior digital, confortable y funcional<\/strong><\/p>\n<p>El habit\u00e1culo del Nuevo Audi Q3 fue concebido para ofrecer una experiencia premium en cada detalle. Materiales de alta calidad, terminaciones cuidadas y una disposici\u00f3n ergon\u00f3mica definen un interior orientado al confort y al uso cotidiano.<\/p>\n<p>La nueva interfaz MMI incorpora una pantalla panor\u00e1mica y conectividad inteligente, permitiendo interacci\u00f3n intuitiva con el veh\u00edculo. La tecnolog\u00eda digital se integra de forma fluida, acompa\u00f1ando al conductor y a los ocupantes con una experiencia conectada, simple y agradable.<\/p>\n<figure class=\"wp-block-image size-full\"><img loading=\"lazy\" decoding=\"async\" width=\"1300\" height=\"867\" src=\"http:\/\/economiapoliticacba.com\/wp-content\/uploads\/2026\/03\/la-nueva-generacion-del-audi-q3-se-anticipa-en-maipu-exclusivos-2.jpg\" alt class=\"wp-image-40288\" srcset=\"http:\/\/economiapoliticacba.com\/wp-content\/uploads\/2026\/03\/la-nueva-generacion-del-audi-q3-se-anticipa-en-maipu-exclusivos-2.jpg 1300w, http:\/\/economiapoliticacba.com\/wp-content\/uploads\/2026\/03\/la-nueva-generacion-del-audi-q3-se-anticipa-en-maipu-exclusivos-15.jpg 768w, http:\/\/economiapoliticacba.com\/wp-content\/uploads\/2026\/03\/la-nueva-generacion-del-audi-q3-se-anticipa-en-maipu-exclusivos-16.jpg 24w, http:\/\/economiapoliticacba.com\/wp-content\/uploads\/2026\/03\/la-nueva-generacion-del-audi-q3-se-anticipa-en-maipu-exclusivos-17.jpg 36w, http:\/\/economiapoliticacba.com\/wp-content\/uploads\/2026\/03\/la-nueva-generacion-del-audi-q3-se-anticipa-en-maipu-exclusivos-18.jpg 48w, http:\/\/economiapoliticacba.com\/wp-content\/uploads\/2026\/03\/la-nueva-generacion-del-audi-q3-se-anticipa-en-maipu-exclusivos-19.jpg 750w, http:\/\/economiapoliticacba.com\/wp-content\/uploads\/2026\/03\/la-nueva-generacion-del-audi-q3-se-anticipa-en-maipu-exclusivos-20.jpg 1140w\" sizes=\"(max-width: 1300px) 100vw, 1300px\"><\/figure>\n<p>La <a href=\"https:\/\/maipuexclusivos.com.ar\/entrega-inmediata-0km\/\" rel=\"noopener\">preventa del Nuevo Audi Q3<\/a> ya est\u00e1 disponible en Maip\u00fa Exclusivos, concesionario oficial Audi, donde los interesados pueden acceder a atenci\u00f3n especializada y conocer las opciones de compra para este modelo.<\/p>\n<p><strong>\u00a1Contactate con Maip\u00fa Exclusivos para m\u00e1s informaci\u00f3n!<\/strong><\/p>\n<p>Te esperamos en: <a href=\"https:\/\/maps.app.goo.gl\/jXJgEEiEiHazygbt7\" rel=\"noopener\">Av. Col\u00f3n 4080, C\u00f3rdoba<\/a><\/p>\n","protected":false},"excerpt":{"rendered":"<p>El SUV compacto de Audi avanza con su etapa de preventa en el concesionario oficial, acercando al mercado argentino una nueva generaci\u00f3n que combina dise\u00f1o renovado, tecnolog\u00eda digital y una experiencia de manejo exclusiva. Ya comenz\u00f3 la preventa del nuevo Audi Q3 en Maip\u00fa Exclusivos, marcando la llegada de una nueva generaci\u00f3n del SUV compacto [&hellip;]<\/p>\n","protected":false},"author":1,"featured_media":48917,"comment_status":"closed","ping_status":"closed","sticky":false,"template":"","format":"standard","meta":{"om_disable_all_campaigns":false,"_monsterinsights_skip_tracking":false,"_monsterinsights_sitenote_active":false,"_monsterinsights_sitenote_note":"","_monsterinsights_sitenote_category":0},"categories":[16],"tags":[232],"aioseo_notices":[],"_links":{"self":[{"href":"https:\/\/economiapoliticacba.com\/index.php?rest_route=\/wp\/v2\/posts\/48916"}],"collection":[{"href":"https:\/\/economiapoliticacba.com\/index.php?rest_route=\/wp\/v2\/posts"}],"about":[{"href":"https:\/\/economiapoliticacba.com\/index.php?rest_route=\/wp\/v2\/types\/post"}],"author":[{"embeddable":true,"href":"https:\/\/economiapoliticacba.com\/index.php?rest_route=\/wp\/v2\/users\/1"}],"replies":[{"embeddable":true,"href":"https:\/\/economiapoliticacba.com\/index.php?rest_route=%2Fwp%2Fv2%2Fcomments&post=48916"}],"version-history":[{"count":0,"href":"https:\/\/economiapoliticacba.com\/index.php?rest_route=\/wp\/v2\/posts\/48916\/revisions"}],"wp:featuredmedia":[{"embeddable":true,"href":"https:\/\/economiapoliticacba.com\/index.php?rest_route=\/wp\/v2\/media\/48917"}],"wp:attachment":[{"href":"https:\/\/economiapoliticacba.com\/index.php?rest_route=%2Fwp%2Fv2%2Fmedia&parent=48916"}],"wp:term":[{"taxonomy":"category","embeddable":true,"href":"https:\/\/economiapoliticacba.com\/index.php?rest_route=%2Fwp%2Fv2%2Fcategories&post=48916"},{"taxonomy":"post_tag","embeddable":true,"href":"https:\/\/economiapoliticacba.com\/index.php?rest_route=%2Fwp%2Fv2%2Ftags&post=48916"}],"curies":[{"name":"wp","href":"https:\/\/api.w.org\/{rel}","templated":true}]}}