{"id":48886,"date":"2026-03-16T16:04:42","date_gmt":"2026-03-16T16:04:42","guid":{"rendered":"https:\/\/www.clubtalleres.com.ar\/?p=207278"},"modified":"2026-03-16T16:04:42","modified_gmt":"2026-03-16T16:04:42","slug":"matador-de-seleccion-alexandro-maidana-fue-convocado-por-paraguay-para-sumar-experiencia-internacional","status":"publish","type":"post","link":"https:\/\/economiapoliticacba.com\/?p=48886","title":{"rendered":"Matador de Selecci\u00f3n: Alexandro Maidana fue convocado por Paraguay para sumar experiencia internacional"},"content":{"rendered":"<div><img src=\"http:\/\/economiapoliticacba.com\/wp-content\/uploads\/2026\/03\/matador-de-seleccion-alexandro-maidana-fue-convocado-por-paraguay-para-sumar-experiencia-internacional.jpg\" class=\"ff-og-image-inserted\"><\/div>\n<p>Talleres informa que \ud835\udc00\ud835\udc25\ud835\udc1e\ud835\udc31\ud835\udc1a\ud835\udc27\ud835\udc1d\ud835\udc2b\ud835\udc28 \ud835\udc0c\ud835\udc1a\ud835\udc22\ud835\udc1d\ud835\udc1a\ud835\udc27\ud835\udc1a fue convocado por la Selecci\u00f3n de Paraguay en marco de los amistosos internacionales de fecha FIFA.<\/p>\n<figure class=\"wp-block-embed is-type-rich is-provider-twitter wp-block-embed-twitter\">\n<div class=\"wp-block-embed__wrapper\" readability=\"8.75\">\n<blockquote class=\"twitter-tweet\" data-width=\"550\" data-dnt=\"true\" readability=\"11.375\">\n<p lang=\"es\" dir=\"ltr\">\ud835\udc13\ud835\udc00\ud835\udc0b\ud835\udc0b\ud835\udc04\ud835\udc11\ud835\udc04\ud835\udc12 de Selecci\u00f3n \ud83c\udf0e<\/p>\n<p>\ud835\udc00\ud835\udc25\ud835\udc1e\ud835\udc31\ud835\udc1a\ud835\udc27\ud835\udc1d\ud835\udc2b\ud835\udc28 \ud835\udc0c\ud835\udc1a\ud835\udc22\ud835\udc1d\ud835\udc1a\ud835\udc27\ud835\udc1a integra la lista de convocados para la Selecci\u00f3n de <a href=\"https:\/\/twitter.com\/hashtag\/Paraguay?src=hash&amp;ref_src=twsrc%5Etfw\">#Paraguay<\/a> \ud83c\uddf5\ud83c\uddfe en los amistosos internacionales de la fecha FIFA de marzo \ud83d\uddd3\ufe0f<\/p>\n<p>\ud83c\udd9a <a href=\"https:\/\/twitter.com\/hashtag\/Grecia?src=hash&amp;ref_src=twsrc%5Etfw\">#Grecia<\/a> \ud83c\uddec\ud83c\uddf7<br \/>\ud83d\uddd3\ufe0f Viernes 27 de Marzo<br \/>\u231a\ufe0f 16:00 horas<br \/>\ud83c\udfdf\ufe0f Georgios Karaiskakis, Atenas\u2026 <a href=\"https:\/\/t.co\/7LzsZfnA6v\">pic.twitter.com\/7LzsZfnA6v<\/a><\/p>\n<p>\u2014 Club Atl\u00e9tico Talleres (@CATalleresdecba) <a href=\"https:\/\/twitter.com\/CATalleresdecba\/status\/2033563680890101845?ref_src=twsrc%5Etfw\">March 16, 2026<\/a><\/p><\/blockquote>\n<\/div>\n<\/figure>\n<p><strong>Paraguay vs Grecia<\/strong><br \/>Viernes 27 de Marzo<br \/>16:00 horas<br \/>Georgios Karaiskakis, Atenas \ud83c\uddec\ud83c\uddf7<\/p>\n<p><strong>Paraguay vs Marruecos<\/strong><br \/>Martes 31 de Marzo<br \/>15:00 horas<br \/>Bollaert-Delelis, Lens \ud83c\uddeb\ud83c\uddf7<\/p>\n<p>El defensor de 20 a\u00f1os, lleg\u00f3 a Talleres luego jugar en Guaran\u00ed, Club en el que se desempe\u00f1\u00f3 durante toda la Temporada 2025 y en el inicio de este a\u00f1o.<\/p>\n<p>En este 2026, entre el torneo paraguayo y Copa Libertadores, Maidana disput\u00f3 7 partidos y ahora sumar\u00e1 experiencia a nivel internacional. <\/p>\n","protected":false},"excerpt":{"rendered":"<p>Talleres informa que \ud835\udc00\ud835\udc25\ud835\udc1e\ud835\udc31\ud835\udc1a\ud835\udc27\ud835\udc1d\ud835\udc2b\ud835\udc28 \ud835\udc0c\ud835\udc1a\ud835\udc22\ud835\udc1d\ud835\udc1a\ud835\udc27\ud835\udc1a fue convocado por la Selecci\u00f3n de Paraguay en marco de los amistosos internacionales de fecha FIFA. \ud835\udc13\ud835\udc00\ud835\udc0b\ud835\udc0b\ud835\udc04\ud835\udc11\ud835\udc04\ud835\udc12 de Selecci\u00f3n \ud83c\udf0e \ud835\udc00\ud835\udc25\ud835\udc1e\ud835\udc31\ud835\udc1a\ud835\udc27\ud835\udc1d\ud835\udc2b\ud835\udc28 \ud835\udc0c\ud835\udc1a\ud835\udc22\ud835\udc1d\ud835\udc1a\ud835\udc27\ud835\udc1a integra la lista de convocados para la Selecci\u00f3n de #Paraguay \ud83c\uddf5\ud83c\uddfe en los amistosos internacionales de la fecha FIFA de marzo \ud83d\uddd3\ufe0f \ud83c\udd9a #Grecia \ud83c\uddec\ud83c\uddf7\ud83d\uddd3\ufe0f Viernes 27 de [&hellip;]<\/p>\n","protected":false},"author":1,"featured_media":48887,"comment_status":"closed","ping_status":"closed","sticky":false,"template":"","format":"standard","meta":{"om_disable_all_campaigns":false,"_monsterinsights_skip_tracking":false,"_monsterinsights_sitenote_active":false,"_monsterinsights_sitenote_note":"","_monsterinsights_sitenote_category":0},"categories":[16],"tags":[],"aioseo_notices":[],"_links":{"self":[{"href":"https:\/\/economiapoliticacba.com\/index.php?rest_route=\/wp\/v2\/posts\/48886"}],"collection":[{"href":"https:\/\/economiapoliticacba.com\/index.php?rest_route=\/wp\/v2\/posts"}],"about":[{"href":"https:\/\/economiapoliticacba.com\/index.php?rest_route=\/wp\/v2\/types\/post"}],"author":[{"embeddable":true,"href":"https:\/\/economiapoliticacba.com\/index.php?rest_route=\/wp\/v2\/users\/1"}],"replies":[{"embeddable":true,"href":"https:\/\/economiapoliticacba.com\/index.php?rest_route=%2Fwp%2Fv2%2Fcomments&post=48886"}],"version-history":[{"count":0,"href":"https:\/\/economiapoliticacba.com\/index.php?rest_route=\/wp\/v2\/posts\/48886\/revisions"}],"wp:featuredmedia":[{"embeddable":true,"href":"https:\/\/economiapoliticacba.com\/index.php?rest_route=\/wp\/v2\/media\/48887"}],"wp:attachment":[{"href":"https:\/\/economiapoliticacba.com\/index.php?rest_route=%2Fwp%2Fv2%2Fmedia&parent=48886"}],"wp:term":[{"taxonomy":"category","embeddable":true,"href":"https:\/\/economiapoliticacba.com\/index.php?rest_route=%2Fwp%2Fv2%2Fcategories&post=48886"},{"taxonomy":"post_tag","embeddable":true,"href":"https:\/\/economiapoliticacba.com\/index.php?rest_route=%2Fwp%2Fv2%2Ftags&post=48886"}],"curies":[{"name":"wp","href":"https:\/\/api.w.org\/{rel}","templated":true}]}}