{"id":48842,"date":"2026-03-14T21:55:00","date_gmt":"2026-03-14T21:55:00","guid":{"rendered":"https:\/\/www.clubtalleres.com.ar\/?p=207209"},"modified":"2026-03-14T21:55:00","modified_gmt":"2026-03-14T21:55:00","slug":"extension-y-mejora-de-contrato-para-giovanni-baroni","status":"publish","type":"post","link":"https:\/\/economiapoliticacba.com\/?p=48842","title":{"rendered":"Extensi\u00f3n y mejora de contrato para Giovanni Baroni"},"content":{"rendered":"<p><strong>Giovanni<\/strong> tiene 17 a\u00f1os y luego de transitar todas las etapas formativas, esta temporada debut\u00f3 en la primera divisi\u00f3n del <strong>Matador.<\/strong><\/p>\n<p><strong>Baroni<\/strong> es oriundo de C\u00f3rdoba y durante el 2025 integr\u00f3 el equipo de reserva albiazul. Esta temporada el Cuerpo T\u00e9cnico encabezado por <strong>Carlos T\u00e9vez<\/strong> lo tuvo en cuenta y fue uno los protagonistas promovidos que entrenaron con el primer equipo desde la intensa pretemporada realizada en Buenos Aires.<\/p>\n<figure class=\"wp-block-image size-large\"><img loading=\"lazy\" fetchpriority=\"high\" decoding=\"async\" width=\"1024\" height=\"768\" src=\"http:\/\/economiapoliticacba.com\/wp-content\/uploads\/2026\/03\/extension-y-mejora-de-contrato-para-giovanni-baroni.jpg\" alt class=\"wp-image-207210\" srcset=\"http:\/\/economiapoliticacba.com\/wp-content\/uploads\/2026\/03\/extension-y-mejora-de-contrato-para-giovanni-baroni.jpg 1024w, http:\/\/economiapoliticacba.com\/wp-content\/uploads\/2026\/03\/extension-y-mejora-de-contrato-para-giovanni-baroni-1.jpg 300w, http:\/\/economiapoliticacba.com\/wp-content\/uploads\/2026\/03\/extension-y-mejora-de-contrato-para-giovanni-baroni-2.jpg 768w, http:\/\/economiapoliticacba.com\/wp-content\/uploads\/2026\/03\/extension-y-mejora-de-contrato-para-giovanni-baroni-3.jpg 600w, http:\/\/economiapoliticacba.com\/wp-content\/uploads\/2026\/03\/extension-y-mejora-de-contrato-para-giovanni-baroni-4.jpg 1280w\" sizes=\"(max-width: 1024px) 100vw, 1024px\"><\/figure>\n<p>Con tan solo 17 a\u00f1os, <strong>Baroni<\/strong> debut\u00f3 en la primera albiazul cuando fue titular en la fecha 1 del presente torneo. Esa noche, en la victoria de <strong>Talleres<\/strong> ante <em>Newell\u2019s<\/em> en el <em>Estadio Kempes<\/em>, <strong>Baroni<\/strong> fue protagonista con una asistencia de gol.<\/p>\n<p>Entre el <em>Apertura de la LPF y Copa Argentina<\/em>, <strong>Baroni<\/strong> disput\u00f3 10 partidos con el conjunto Albiazul. Adem\u00e1s, el talentoso volante fue autor de uno de los goles con los que <strong>Talleres<\/strong> logr\u00f3 la clasificaci\u00f3n a <em>16vos de Final de la Copa Argentina<\/em>.<\/p>\n<p>Durante su etapa en formativas y reserva, <em>Giovanni<\/em> tuvo varias convocatorias a selecciones juveniles. La \u00faltima fue en diciembre del a\u00f1o pasado, donde siendo titular y figura, la <em>Selecci\u00f3n Argentina Sub 17<\/em> se consagr\u00f3 campeona de manera invicta en el Torneo de la <em>Universidad Cat\u00f3lica de Chile<\/em>.<\/p>\n<p>Cuidando el patrimonio, con presente y proyecci\u00f3n deportiva, <strong>Giovanni Baroni<\/strong> mejor\u00f3 su contrato con la instituci\u00f3n y firm\u00f3 una extensi\u00f3n hasta el 2028, plazo m\u00e1ximo por reglamentaci\u00f3n.<\/p>\n","protected":false},"excerpt":{"rendered":"<p>Giovanni tiene 17 a\u00f1os y luego de transitar todas las etapas formativas, esta temporada debut\u00f3 en la primera divisi\u00f3n del Matador. Baroni es oriundo de C\u00f3rdoba y durante el 2025 integr\u00f3 el equipo de reserva albiazul. Esta temporada el Cuerpo T\u00e9cnico encabezado por Carlos T\u00e9vez lo tuvo en cuenta y fue uno los protagonistas promovidos [&hellip;]<\/p>\n","protected":false},"author":1,"featured_media":48843,"comment_status":"closed","ping_status":"closed","sticky":false,"template":"","format":"standard","meta":{"om_disable_all_campaigns":false,"_monsterinsights_skip_tracking":false,"_monsterinsights_sitenote_active":false,"_monsterinsights_sitenote_note":"","_monsterinsights_sitenote_category":0},"categories":[16],"tags":[],"aioseo_notices":[],"_links":{"self":[{"href":"https:\/\/economiapoliticacba.com\/index.php?rest_route=\/wp\/v2\/posts\/48842"}],"collection":[{"href":"https:\/\/economiapoliticacba.com\/index.php?rest_route=\/wp\/v2\/posts"}],"about":[{"href":"https:\/\/economiapoliticacba.com\/index.php?rest_route=\/wp\/v2\/types\/post"}],"author":[{"embeddable":true,"href":"https:\/\/economiapoliticacba.com\/index.php?rest_route=\/wp\/v2\/users\/1"}],"replies":[{"embeddable":true,"href":"https:\/\/economiapoliticacba.com\/index.php?rest_route=%2Fwp%2Fv2%2Fcomments&post=48842"}],"version-history":[{"count":0,"href":"https:\/\/economiapoliticacba.com\/index.php?rest_route=\/wp\/v2\/posts\/48842\/revisions"}],"wp:featuredmedia":[{"embeddable":true,"href":"https:\/\/economiapoliticacba.com\/index.php?rest_route=\/wp\/v2\/media\/48843"}],"wp:attachment":[{"href":"https:\/\/economiapoliticacba.com\/index.php?rest_route=%2Fwp%2Fv2%2Fmedia&parent=48842"}],"wp:term":[{"taxonomy":"category","embeddable":true,"href":"https:\/\/economiapoliticacba.com\/index.php?rest_route=%2Fwp%2Fv2%2Fcategories&post=48842"},{"taxonomy":"post_tag","embeddable":true,"href":"https:\/\/economiapoliticacba.com\/index.php?rest_route=%2Fwp%2Fv2%2Ftags&post=48842"}],"curies":[{"name":"wp","href":"https:\/\/api.w.org\/{rel}","templated":true}]}}