{"id":48796,"date":"2026-03-13T21:50:00","date_gmt":"2026-03-13T21:50:00","guid":{"rendered":"https:\/\/economiapoliticacba.com\/?p=48796"},"modified":"2026-03-13T21:50:00","modified_gmt":"2026-03-13T21:50:00","slug":"jp-morgan-tampoco-la-ve-inflacion-del-3-para-marzo-y-recien-caera-al-15-para-el-segundo-semestre","status":"publish","type":"post","link":"https:\/\/economiapoliticacba.com\/?p=48796","title":{"rendered":"JP Morgan tampoco la ve: inflaci\u00f3n del 3% para marzo y reci\u00e9n caer\u00e1 al 1,5% para el segundo semestre"},"content":{"rendered":"<p>La <strong>inflaci\u00f3n <\/strong>empieza a ser un problema para la gesti\u00f3n mile\u00edsta. Mientras que el relato oficial habla de que los precios perforar\u00e1n el 1% <a href=\"https:\/\/eleconomista.com.ar\/politica\/caputo-admite-preocupacion-inflacion-dice-0-podria-demorarse-n93356\" target=\"_blank\" rel=\"noopener\">&#8220;en agosto, septiembre o octubre&#8221; (<strong>Luis Caputo<\/strong> a <i>TN<\/i>)<\/a>, lo cierto es que empeoran las expectativas del mercado. El <strong>JP Morgan<\/strong>, cuyo CEO Jamie Dimon llen\u00f3 de elogios a <strong>Javier Milei <\/strong>en el &#8220;Argentina Week&#8221;, public\u00f3 un informe no favorable sobre la tendencia de los precios en la Argentina. Lo titul\u00f3 <mark class=\"marker-yellow\"><strong>&#8220;Atascado en un n\u00famero&#8221;<\/strong><\/mark>. Y, a contramano de lo que dicen Milei y Caputo, no ven que quiebre el 1%.&nbsp;<\/p>\n<p>La entidad, la m\u00e1s grande de EEUU y una de las m\u00e1s importante del mundo, dice que los datos de inflaci\u00f3n de alta frecuencia de la primera semana de marzo indican que el IPC de los alimentos se sit\u00faa en un 2% mensual, &#8220;una desaceleraci\u00f3n respecto al mes anterior&#8221;.&nbsp;<\/p>\n<figure class=\"image\"><img loading=\"lazy\" width=\"100\" height=\"100\" class=\"cst_img\" src=\"http:\/\/economiapoliticacba.com\/wp-content\/uploads\/2026\/03\/jp-morgan-tampoco-la-ve-inflacion-del-3-para-marzo-y-recien-caera-al-15-para-el-segundo-semestre.webp\" alt=\"JP Morgan\"><figcaption>El informe de JP Morgan<\/figcaption><\/figure>\n<p>&#8220;Mientras esperamos datos adicionales de alta frecuencia, los precios de la educaci\u00f3n superior asociados al inicio del curso escolar, junto con los nuevos ajustes de precios regulados para la electricidad, el agua y los combustibles, sugieren que el IPC general tambi\u00e9n se situar\u00e1 cerca del 3% mensual en marzo, a pesar de la baja de los precios de los alimentos&#8221;, pronostic\u00f3 JP Morgan.<\/p>\n<p>El banco advierte que en general, se prev\u00e9 que la anticipaci\u00f3n de las subas de precios regulados y los precios persistentemente altos de la carne <mark class=\"marker-yellow\"><strong>&#8220;mantengan la inflaci\u00f3n general mensual por encima del umbral del 2% hasta principios del segundo trimestre de 2026&#8221;<\/strong><\/mark>.<\/p>\n<div class=\"rela\">\n<div class=\"pic\"> <a href=\"https:\/\/eleconomista.com.ar\/finanzas\/incertidumbre-guerra-inflacion-local-sostenida-una-buena-licitacion-n93334\" title=\"Incertidumbre por la guerra, con inflaci\u00f3n local sostenida y una buena licitaci\u00f3n\"><img src=\"http:\/\/economiapoliticacba.com\/wp-content\/uploads\/2026\/03\/jp-morgan-tampoco-la-ve-inflacion-del-3-para-marzo-y-recien-caera-al-15-para-el-segundo-semestre-1.webp\" alt=\"Incertidumbre por la guerra, con inflaci\u00f3n local sostenida y una buena licitaci\u00f3n\" loading=\"lazy\"><\/a> <\/div><\/div>\n<p>En consecuencia, JP Morgan proyecta que <a href=\"https:\/\/eleconomista.com.ar\/economia\/el-principal-activo-gobierno-pierde-brillo-examen-milei-caputo-n93335\" target=\"_blank\" rel=\"noopener\">la inflaci\u00f3n general promediar\u00e1 un 2,5% mensual<\/a> en el primer semestre de 2026, desaceler\u00e1ndose hasta el 1,5% en el segundo semestre de 2026, &#8220;en consonancia con la inflaci\u00f3n general a diciembre de 2026, que se situar\u00e1 en el 26,5% anual&#8221;.&nbsp;<\/p>\n<p>A pesar de las presiones constantes derivadas de los precios regulados y de los alimentos, la entidad prev\u00e9 que la inflaci\u00f3n subyacente se modere hasta el 2,1% (el dato de febrero fue de 3,1%) en el segundo trimestre de 2026 y que descienda a\u00fan m\u00e1s hasta el 1,1% a finales de a\u00f1o.<\/p>\n<p>Para JP Morgan, <mark class=\"marker-yellow\"><strong>&#8220;los riesgos para la inflaci\u00f3n siguen inclin\u00e1ndose al alza&#8221;<\/strong><\/mark>. Explican que ante la escalada de tensiones geopol\u00edticas y el consiguiente aumento de los precios del petr\u00f3leo, han &nbsp;ajustado al alza su previsi\u00f3n de inflaci\u00f3n en 0,3 puntos porcentuales, suponiendo una transmisi\u00f3n parcial de los precios internacionales y una correcci\u00f3n limitada del impuesto sobre los combustibles.&nbsp;<\/p>\n<div class=\"rela\">\n<div class=\"pic\"> <a href=\"https:\/\/eleconomista.com.ar\/finanzas\/caputo-negocia-prestamo-bilateral-pagar-deuda-wall-street-preguntan-tolerancia-social-economia-milei-n93328\" title=\"Caputo negocia un pr\u00e9stamo bilateral para pagar la deuda y en Wall Street preguntan por la tolerancia social a la econom\u00eda de Milei\"><img src=\"http:\/\/economiapoliticacba.com\/wp-content\/uploads\/2026\/03\/jp-morgan-tampoco-la-ve-inflacion-del-3-para-marzo-y-recien-caera-al-15-para-el-segundo-semestre-2.webp\" alt=\"Caputo negocia un pr\u00e9stamo bilateral para pagar la deuda y en Wall Street preguntan por la tolerancia social a la econom\u00eda de Milei\" loading=\"lazy\"><\/a> <\/div><\/div>\n<p>&#8220;Un escenario de convergencia total, que incorpore tanto el aumento de los precios internacionales como una actualizaci\u00f3n completa de los impuestos, podr\u00eda tener un impacto inflacionario de 1 punto porcentual&#8221;, advierten.<\/p>\n<p>De cara al futuro, el banco sostiene que una mayor ca\u00edda de la inflaci\u00f3n, hacia el 10-15%, requerir\u00eda &#8220;la eliminaci\u00f3n de los controles de capitales persistentes, un impulso adicional a las reformas con \u00e9nfasis en las reducciones de impuestos a nivel federal y provincial, y la finalizaci\u00f3n del proceso de ajuste de precios relativos&#8221;.<\/p>\n","protected":false},"excerpt":{"rendered":"<p>La inflaci\u00f3n empieza a ser un problema para la gesti\u00f3n mile\u00edsta. Mientras que el relato oficial habla de que los precios perforar\u00e1n el 1% &#8220;en agosto, septiembre o octubre&#8221; (Luis Caputo a TN), lo cierto es que empeoran las expectativas del mercado. El JP Morgan, cuyo CEO Jamie Dimon llen\u00f3 de elogios a Javier Milei [&hellip;]<\/p>\n","protected":false},"author":1,"featured_media":48797,"comment_status":"closed","ping_status":"closed","sticky":false,"template":"","format":"standard","meta":{"om_disable_all_campaigns":false,"_monsterinsights_skip_tracking":false,"_monsterinsights_sitenote_active":false,"_monsterinsights_sitenote_note":"","_monsterinsights_sitenote_category":0},"categories":[17],"tags":[],"aioseo_notices":[],"_links":{"self":[{"href":"https:\/\/economiapoliticacba.com\/index.php?rest_route=\/wp\/v2\/posts\/48796"}],"collection":[{"href":"https:\/\/economiapoliticacba.com\/index.php?rest_route=\/wp\/v2\/posts"}],"about":[{"href":"https:\/\/economiapoliticacba.com\/index.php?rest_route=\/wp\/v2\/types\/post"}],"author":[{"embeddable":true,"href":"https:\/\/economiapoliticacba.com\/index.php?rest_route=\/wp\/v2\/users\/1"}],"replies":[{"embeddable":true,"href":"https:\/\/economiapoliticacba.com\/index.php?rest_route=%2Fwp%2Fv2%2Fcomments&post=48796"}],"version-history":[{"count":0,"href":"https:\/\/economiapoliticacba.com\/index.php?rest_route=\/wp\/v2\/posts\/48796\/revisions"}],"wp:featuredmedia":[{"embeddable":true,"href":"https:\/\/economiapoliticacba.com\/index.php?rest_route=\/wp\/v2\/media\/48797"}],"wp:attachment":[{"href":"https:\/\/economiapoliticacba.com\/index.php?rest_route=%2Fwp%2Fv2%2Fmedia&parent=48796"}],"wp:term":[{"taxonomy":"category","embeddable":true,"href":"https:\/\/economiapoliticacba.com\/index.php?rest_route=%2Fwp%2Fv2%2Fcategories&post=48796"},{"taxonomy":"post_tag","embeddable":true,"href":"https:\/\/economiapoliticacba.com\/index.php?rest_route=%2Fwp%2Fv2%2Ftags&post=48796"}],"curies":[{"name":"wp","href":"https:\/\/api.w.org\/{rel}","templated":true}]}}