{"id":48746,"date":"2026-03-13T13:22:18","date_gmt":"2026-03-13T13:22:18","guid":{"rendered":"https:\/\/www.clubtalleres.com.ar\/?p=207139"},"modified":"2026-03-13T13:22:18","modified_gmt":"2026-03-13T13:22:18","slug":"las-matadoras-hacen-su-presentacion-en-la-temporada-2026","status":"publish","type":"post","link":"https:\/\/economiapoliticacba.com\/?p=48746","title":{"rendered":"Las Matadoras hacen su presentaci\u00f3n en la Temporada 2026"},"content":{"rendered":"<div><img src=\"http:\/\/economiapoliticacba.com\/wp-content\/uploads\/2026\/03\/las-matadoras-hacen-su-presentacion-en-la-temporada-2026.jpg\" class=\"ff-og-image-inserted\"><\/div>\n<p><strong>Primera A \u2013 F\u00fatbol Femenino \u2013 AFA<br \/>Torneo Apertura 2026<\/strong><br \/><em>Fecha 1<br \/>Talleres \u2013 Ferro<br \/>Viernes 13 de marzo \u2013 19.10 hs<br \/>Estadio La Boutique de barrio Jard\u00edn Espinosa<\/em><\/p>\n<p>Este viernes 13 de marzo, a las 19.10 hs, en el <em>Estadio La Boutique<\/em>, <strong>Talleres<\/strong> recibe a <em>Ferro<\/em>, en su debut en una nueva temporada en la m\u00e1xima categor\u00eda del F\u00fatbol Femenino de AFA.<\/p>\n<p><strong>Las Matadoras<\/strong>, que presentar\u00e1n a Leandro Iglesias en la direcci\u00f3n t\u00e9cnica, esperan el inicio de la competencia oficial con la llegada de 9 nuevas jugadoras, y una importante renovaci\u00f3n en su plantel.<\/p>\n<p>En este inicio de campeonato, el acompa\u00f1amiento de los socios e hinchas ser\u00e1 fundamental para alentar a Las Matadoras en su primer paso del torneo y seguir consolidando el crecimiento del f\u00fatbol femenino dentro del Club.<\/p>\n<p>\u00a1Que sea una gran 2026!<\/p>\n","protected":false},"excerpt":{"rendered":"<p>Primera A \u2013 F\u00fatbol Femenino \u2013 AFATorneo Apertura 2026Fecha 1Talleres \u2013 FerroViernes 13 de marzo \u2013 19.10 hsEstadio La Boutique de barrio Jard\u00edn Espinosa Este viernes 13 de marzo, a las 19.10 hs, en el Estadio La Boutique, Talleres recibe a Ferro, en su debut en una nueva temporada en la m\u00e1xima categor\u00eda del F\u00fatbol [&hellip;]<\/p>\n","protected":false},"author":1,"featured_media":48747,"comment_status":"closed","ping_status":"closed","sticky":false,"template":"","format":"standard","meta":{"om_disable_all_campaigns":false,"_monsterinsights_skip_tracking":false,"_monsterinsights_sitenote_active":false,"_monsterinsights_sitenote_note":"","_monsterinsights_sitenote_category":0},"categories":[16],"tags":[],"aioseo_notices":[],"_links":{"self":[{"href":"https:\/\/economiapoliticacba.com\/index.php?rest_route=\/wp\/v2\/posts\/48746"}],"collection":[{"href":"https:\/\/economiapoliticacba.com\/index.php?rest_route=\/wp\/v2\/posts"}],"about":[{"href":"https:\/\/economiapoliticacba.com\/index.php?rest_route=\/wp\/v2\/types\/post"}],"author":[{"embeddable":true,"href":"https:\/\/economiapoliticacba.com\/index.php?rest_route=\/wp\/v2\/users\/1"}],"replies":[{"embeddable":true,"href":"https:\/\/economiapoliticacba.com\/index.php?rest_route=%2Fwp%2Fv2%2Fcomments&post=48746"}],"version-history":[{"count":0,"href":"https:\/\/economiapoliticacba.com\/index.php?rest_route=\/wp\/v2\/posts\/48746\/revisions"}],"wp:featuredmedia":[{"embeddable":true,"href":"https:\/\/economiapoliticacba.com\/index.php?rest_route=\/wp\/v2\/media\/48747"}],"wp:attachment":[{"href":"https:\/\/economiapoliticacba.com\/index.php?rest_route=%2Fwp%2Fv2%2Fmedia&parent=48746"}],"wp:term":[{"taxonomy":"category","embeddable":true,"href":"https:\/\/economiapoliticacba.com\/index.php?rest_route=%2Fwp%2Fv2%2Fcategories&post=48746"},{"taxonomy":"post_tag","embeddable":true,"href":"https:\/\/economiapoliticacba.com\/index.php?rest_route=%2Fwp%2Fv2%2Ftags&post=48746"}],"curies":[{"name":"wp","href":"https:\/\/api.w.org\/{rel}","templated":true}]}}