{"id":48707,"date":"2026-03-12T15:35:00","date_gmt":"2026-03-12T15:35:00","guid":{"rendered":"https:\/\/www.iprofesional.com\/economia\/450066-la-guerra-en-medio-oriente-impulsa-la-soja-a-us451-y-arrastra-al-trigo-y-el-maiz"},"modified":"2026-03-12T15:35:00","modified_gmt":"2026-03-12T15:35:00","slug":"la-tension-en-medio-oriente-impulsa-la-soja-a-us451-y-arrastra-a-otros-granos","status":"publish","type":"post","link":"https:\/\/economiapoliticacba.com\/?p=48707","title":{"rendered":"La tensi\u00f3n en Medio Oriente impulsa la soja a u$s451 y arrastra a otros granos"},"content":{"rendered":"<div id>\n<p> La soja sube por el impacto global de la guerra en Medio Oriente. Tambi\u00e9n avanzan trigo y ma\u00edz, con alzas cercanas al 2% en los contratos futuros <\/p>\n<p><strong>12\/03\/2026<\/strong> &#8211; 12:35hs<\/p>\n<div class=\"image-container img-wide padding-b\"> <picture><source type=\"image\/webp\" media=\"(max-width: 642px)\" srcset=\"https:\/\/resizer.iproimg.com\/unsafe\/384x\/filters:format(webp):quality(75):max_bytes(102400)\/https:\/\/assets.iprofesional.com\/assets\/jpg\/2024\/08\/581680.jpg 384w, https:\/\/resizer.iproimg.com\/unsafe\/512x\/filters:format(webp):quality(75):max_bytes(102400)\/https:\/\/assets.iprofesional.com\/assets\/jpg\/2024\/08\/581680.jpg 512w, https:\/\/resizer.iproimg.com\/unsafe\/640x\/filters:format(webp):quality(75):max_bytes(102400)\/https:\/\/assets.iprofesional.com\/assets\/jpg\/2024\/08\/581680.jpg 640w\" sizes=\"100vw\"><source type=\"image\/webp\" media=\"(min-width: 642.01px) and (max-width: 1270px)\" srcset=\"https:\/\/resizer.iproimg.com\/unsafe\/614x\/filters:format(webp):quality(75):max_bytes(102400)\/https:\/\/assets.iprofesional.com\/assets\/jpg\/2024\/08\/581680.jpg 614w\" sizes=\"614px\"><source type=\"image\/webp\" media=\"(min-width: 1270.01px) and (max-width: 1898px)\" srcset=\"https:\/\/resizer.iproimg.com\/unsafe\/928x\/filters:format(webp):quality(75):max_bytes(102400)\/https:\/\/assets.iprofesional.com\/assets\/jpg\/2024\/08\/581680.jpg 928w\" sizes=\"928px\"><source type=\"image\/webp\" media=\"(min-width: 1898.01px)\" srcset=\"https:\/\/resizer.iproimg.com\/unsafe\/1270x\/filters:format(webp):quality(75):max_bytes(102400)\/https:\/\/assets.iprofesional.com\/assets\/jpg\/2024\/08\/581680.jpg 1270w\" sizes=\"1270px\"><img loading=\"lazy\" decoding=\"async\" src=\"https:\/\/resizer.iproimg.com\/unsafe\/768x\/filters:format(webp):quality(75):max_bytes(102400)\/https:\/\/assets.iprofesional.com\/assets\/jpg\/2024\/08\/581680.jpg\" sizes=\"100vw\" class alt=\"Impacto de la guerra en Medio Oriente: la soja trepa a u$s451 y suben el trigo el y ma\u00edz\" width=\"768\" height=\"432\" fetchpriority=\"high\"> <\/picture> <\/div><\/div>\n<div readability=\"94.353790613718\">\n<p>El <a href=\"https:\/\/www.iprofesional.com\/economia\/448745-sube-precio-de-soja-pero-productores-prefieren-esperar-a-que-se-mueva-dolar\" target=\"_blank\" title=\"Sube el precio de la soja, pero los productores argentinos prefieren esperar a que se mueva el d\u00f3lar\" rel=\"noopener noreferrer\">precio de la <\/a><strong><a href=\"https:\/\/www.iprofesional.com\/economia\/448745-sube-precio-de-soja-pero-productores-prefieren-esperar-a-que-se-mueva-dolar\" target=\"_blank\" title=\"Sube el precio de la soja, pero los productores argentinos prefieren esperar a que se mueva el d\u00f3lar\" rel=\"noopener noreferrer\">soja<\/a> <\/strong>mantiene la tendencia al alza como consecuencia del movimiento global de los commodities por el impacto de la <strong>guerra en Medio Oriente.<\/strong><\/p>\n<h2>La soja lidera las subas y arrastra al trigo y al ma\u00edz<\/h2>\n<p><span>Los contratos a mayo suben a <strong>u$s451<\/strong>, mientras que a julio lo hacen a <strong>u$4.569<\/strong> y, a noviembre, a <strong>u$s428.<\/strong><\/span><\/p>\n<p>La tendencia tambi\u00e9n<a href=\"https:\/\/www.iprofesional.com\/economia\/443981-clave-para-dolar-supercosecha-trigo-rompe-records-aportara-mas-3000-millones-dolares\" target=\"_blank\" title=\"Clave para el d\u00f3lar: la supercosecha de trigo romper\u00e1 r\u00e9cords hist\u00f3ricos y aportar\u00e1 m\u00e1s de u$s3.000 millones\" rel=\"noopener noreferrer\"> incluye al <strong>trigo<\/strong>,<\/a> que avanza m\u00e1s de <strong>2%<\/strong>. A mayo vale <strong>u$s221<\/strong>; a julio, <strong>u$s225 <\/strong>y, a septiembre, <strong>u$s230<\/strong>, recuper\u00e1ndose de una baja previa.<\/p>\n<p>Por su parte, el <strong>alza del ma\u00edz <\/strong>se acerca <strong>2%<\/strong>. A mayo cotiza a <strong>u$s182<\/strong>; a julio, <strong>u$s187 <\/strong>y, a diciembre, <strong>u$s193.<\/strong><\/p>\n<h2>El campo argentino tambi\u00e9n sufre los efectos de la guerra<\/h2>\n<p>Dur\u00f3 poco<span>&nbsp;<\/span><a href=\"https:\/\/www.iprofesional.com\/economia\/449281-lluvia-de-dolares-por-petroleo-exceso-de-optimismo-argentino\" target=\"_blank\" title=\"\u00bfExceso de optimismo en Argentina?: por qu\u00e9 el conflicto de Ir\u00e1n no garantiza una &quot;lluvia de petrod\u00f3lares&quot;\" rel=\"noopener noreferrer\">la euforia inicial por los &#8220;petrod\u00f3lares&#8221; adicionales<\/a><span>&nbsp;<\/span>que pod\u00edan ingresar al pa\u00eds como consecuencia del conflicto en<span>&nbsp;<\/span><strong>Medio Oriente<\/strong><span>&nbsp;<\/span>y la disparada de las cotizaciones. Adem\u00e1s de los consabidos incrementos de precios de los fletes, del impacto en la importaci\u00f3n de gas licuado y en el<span>&nbsp;<\/span><strong>seguro ajuste que sufrir\u00e1n las naftas<\/strong><span>&nbsp;<\/span>en el mercado dom\u00e9stico, hay otra v\u00edctima de la guerra de la que se habla poco:<strong><span>&nbsp;<\/span>el campo argentino.<\/strong><\/p>\n<p>Y es por eso que los<strong><span>&nbsp;<\/span>reclamos por una<a href=\"https:\/\/www.iprofesional.com\/negocios\/439791-la-baja-de-retenciones-sigue-siendo-el-principal-reclamo-del-campo-a-javier-milei\" target=\"_blank\" title=\"La baja de retenciones sigue siendo el principal reclamo del campo a Javier Milei\" rel=\"noopener noreferrer\"><span>&nbsp;<\/span>nueva baja de retenciones<\/a><\/strong><a href=\"https:\/\/www.iprofesional.com\/negocios\/439791-la-baja-de-retenciones-sigue-siendo-el-principal-reclamo-del-campo-a-javier-milei\" target=\"_blank\" rel=\"noopener noreferrer\"><span>&nbsp;<\/span><\/a>a la exportaci\u00f3n cobraron fuerza en los \u00faltimos d\u00edas, algo que puede tomar un cariz conflictivo, dado que mientras el presidente<span>&nbsp;<\/span><strong>Javier Milei<\/strong><span>&nbsp;<\/span>avis\u00f3 que la baja de la presi\u00f3n tributaria<strong><span>&nbsp;<\/span>ser\u00e1 gradual para no afectar las cuentas fiscales<\/strong>, desde las gremiales de peque\u00f1os productores ya se habla sobre rentabilidades neutras y hasta casos de quebranto.<\/p>\n<p><span><span>La cuenta es sencilla e impactante: con respecto a los precios de hace un mes, la tonelada de soja en el mercado de Chicago aument\u00f3 un 4%, pero el&nbsp;<strong>costo de la urea -un insumo fundamental para la fertilizaci\u00f3n de los cultivos- se dispar\u00f3 un 25%.<\/strong><\/span>&nbsp;<\/span>Dicho de otra forma, hace un mes se necesitaba vender 1,4 toneladas de soja para comprar una tonelada de urea, mientras que ahora se necesita 1,7 toneladas, y la tendencia es al alza.<\/p>\n<p>Esto es lo que hace que lo que en principio iba a ser una buena temporada para el campo argentino, s\u00fabitamente se haya transformado en<span>&nbsp;<\/span><strong>un caldo de cultivo para los quebrantos<\/strong>. Ya desde el a\u00f1o pasado los productores se quejaban de que, fuera de la zona n\u00facleo, los n\u00fameros del negocio no estaban cerrando, y que esa situaci\u00f3n no cambi\u00f3 con la rebaja de dos puntos a las retenciones de la exportaci\u00f3n sojera.<\/p>\n<p>Para colmo, el precio que se le paga al productor en el mercado interno no est\u00e1 subiendo a la misma velocidad que el internacional. M\u00e1s bien al contrario, cuando se hace la conversi\u00f3n a d\u00f3lares de los precios en Rosario, lo que se observa es una merma.<span>&nbsp;<\/span><span>Los actuales $465.000 equivalen a u$s328, el precio m\u00e1s bajo desde el fin del &#8220;tax holiday&#8221; de octubre pasado.<\/span><\/p>\n<\/p><\/div>\n","protected":false},"excerpt":{"rendered":"<p>La soja sube por el impacto global de la guerra en Medio Oriente. Tambi\u00e9n avanzan trigo y ma\u00edz, con alzas cercanas al 2% en los contratos futuros 12\/03\/2026 &#8211; 12:35hs El precio de la soja mantiene la tendencia al alza como consecuencia del movimiento global de los commodities por el impacto de la guerra en [&hellip;]<\/p>\n","protected":false},"author":1,"featured_media":0,"comment_status":"closed","ping_status":"closed","sticky":false,"template":"","format":"standard","meta":{"om_disable_all_campaigns":false,"_monsterinsights_skip_tracking":false,"_monsterinsights_sitenote_active":false,"_monsterinsights_sitenote_note":"","_monsterinsights_sitenote_category":0},"categories":[17],"tags":[],"aioseo_notices":[],"_links":{"self":[{"href":"https:\/\/economiapoliticacba.com\/index.php?rest_route=\/wp\/v2\/posts\/48707"}],"collection":[{"href":"https:\/\/economiapoliticacba.com\/index.php?rest_route=\/wp\/v2\/posts"}],"about":[{"href":"https:\/\/economiapoliticacba.com\/index.php?rest_route=\/wp\/v2\/types\/post"}],"author":[{"embeddable":true,"href":"https:\/\/economiapoliticacba.com\/index.php?rest_route=\/wp\/v2\/users\/1"}],"replies":[{"embeddable":true,"href":"https:\/\/economiapoliticacba.com\/index.php?rest_route=%2Fwp%2Fv2%2Fcomments&post=48707"}],"version-history":[{"count":0,"href":"https:\/\/economiapoliticacba.com\/index.php?rest_route=\/wp\/v2\/posts\/48707\/revisions"}],"wp:attachment":[{"href":"https:\/\/economiapoliticacba.com\/index.php?rest_route=%2Fwp%2Fv2%2Fmedia&parent=48707"}],"wp:term":[{"taxonomy":"category","embeddable":true,"href":"https:\/\/economiapoliticacba.com\/index.php?rest_route=%2Fwp%2Fv2%2Fcategories&post=48707"},{"taxonomy":"post_tag","embeddable":true,"href":"https:\/\/economiapoliticacba.com\/index.php?rest_route=%2Fwp%2Fv2%2Ftags&post=48707"}],"curies":[{"name":"wp","href":"https:\/\/api.w.org\/{rel}","templated":true}]}}