{"id":48701,"date":"2026-03-12T15:15:00","date_gmt":"2026-03-12T15:15:00","guid":{"rendered":"https:\/\/economiapoliticacba.com\/?p=48701"},"modified":"2026-03-12T15:15:00","modified_gmt":"2026-03-12T15:15:00","slug":"inflacion-de-febrero-y-una-sorpresa-positiva-el-ipc-podria-marcar-23-y-desatar-el-festejo-oficial","status":"publish","type":"post","link":"https:\/\/economiapoliticacba.com\/?p=48701","title":{"rendered":"Inflaci\u00f3n de febrero y una &#8220;sorpresa positiva&#8221;: el IPC podr\u00eda marcar 2,3% y desatar el festejo oficial"},"content":{"rendered":"<p><mark class=\"marker-yellow\"><strong>\u00bfSe cumple el vaticinio de Luis Caputo?<\/strong><\/mark> El jueves a la tarde sale un dato clave para el Gobierno: <strong>el IPC de febrero<\/strong>. El ministro de Econom\u00eda hab\u00eda adelantado que, seg\u00fan sus estimaciones (la propias o las que le piden a consultoras), los precios subieron menos que en enero (cuando fue 2,9%). Esa frase al aire gener\u00f3 cierta desconfianza porque las consultoras privadas daban febrero en torno al 2,8%-2,9%, b\u00e1sicamente igual que el primer mes del a\u00f1o. Pero el IPC de la Ciudad de Buenos&nbsp;Aires, que <a href=\"https:\/\/eleconomista.com.ar\/economia\/inflacion-caba-alerta-fuertes-subas-servicios-clave-n93212\" target=\"_blank\" rel=\"noopener\"><strong>sorprendi\u00f3 por la positiva<\/strong><\/a>, podr\u00eda ser el preludio de algo bastante mejor para Caputo.<\/p>\n<p>Seg\u00fan Milagros Gismondi, economista jefe de Invecq, el hecho de que el IPC de CABA diera 2,6%, con n\u00facleo en 3,1%, hace que el IPC Nacional<strong> &#8220;pueda dar una buena sorpresa&#8221;<\/strong>. Esto, dice la economista que trabaj\u00f3 codo a codo con Hern\u00e1n Lacunza en la PBA, porque el reponderado con la canasta nacional &#8220;dar\u00eda 2,3%&#8221; porque los bienes que en el caso de CABA dio 1,9% y pesa m\u00e1s la medici\u00f3n a nivel nacional (por tener una canasta m\u00e1s vieja).<\/p>\n<p>Si la proyecci\u00f3n de Gismondi fuera acertada, <strong>el Gobierno levantar\u00eda la bandera de la &#8220;desinflaci\u00f3n&#8221;, aquella que dej\u00f3 de flamear desde mayo pasado cuando los precios empezaron a escalar.&nbsp;<\/strong><\/p>\n<p>De todas formas, <mark class=\"marker-yellow\"><strong>en el mercado no esperan que la baja sea lineal ni tan acelerada como pronosticaba Javier Milei.<\/strong><\/mark> Seg\u00fan el Relevamiento de Expectativas de Mercado (REM), los consultores&nbsp;recalibraron sus proyecciones en cuanto a la evoluci\u00f3n de los precios. Desde el m\u00ednimo alcanzado en mayo del 2025 (1,5% mensual), la inflaci\u00f3n mensual comenz\u00f3 a acelerar, acumulando ocho meses consecutivos de incrementos mensuales.&nbsp;<\/p>\n<p>Sin embargo, se proyecta que, a partir de 2026, la inflaci\u00f3n comience una paulatina desaceleraci\u00f3n, aunque desde un nivel mayor que el esperado en estimaciones anteriores. Espec\u00edficamente, <strong>en el REM estiman&nbsp; que las variaciones mensuales de precios ser\u00e1n de 2,5% y 2,2% para marzo y abril respectivamente<\/strong>. Para los meses posteriores, se proyecta que la inflaci\u00f3n contin\u00fae con una tendencia descendente, y se proyecta que llegar\u00e1 a un valor de 22,3% en los pr\u00f3ximos 12 meses.<\/p>\n<div class=\"rela\">\n<div class=\"pic\"> <a href=\"https:\/\/eleconomista.com.ar\/economia\/plazos-fijos-bancos-cuanto-hay-invertir-ganar-200000-mes-n93310\" title=\"Plazos fijos en bancos: cu\u00e1nto hay que invertir para ganar $200.000 por mes\"><img src=\"http:\/\/economiapoliticacba.com\/wp-content\/uploads\/2026\/03\/inflacion-de-febrero-y-una-sorpresa-positiva-el-ipc-podria-marcar-23-y-desatar-el-festejo-oficial.webp\" alt=\"Plazos fijos en bancos: cu\u00e1nto hay que invertir para ganar $200.000 por mes\" loading=\"lazy\"><\/a> <\/div><\/div>\n<p>&#8220;En febrero la inflaci\u00f3n ser\u00e1 m\u00e1s baja que en enero. \u00bfCu\u00e1nto? Es dif\u00edcil de decir. Mientras nosotros nos mantengamos en este curso,<mark class=\"marker-yellow\"><strong> para agosto de este a\u00f1o la inflaci\u00f3n podr\u00eda empezar con cero y, si no, ser\u00e1 m\u00e1s tarde<\/strong><\/mark>&#8220;, afirm\u00f3 Caputo en los \u00faltimos d\u00edas.&nbsp;<\/p>\n<p>El ministro compar\u00f3 el proceso argentino con otras experiencias internacionales:<strong> &#8220;Bajar la inflaci\u00f3n a un d\u00edgito a otros pa\u00edses les llev\u00f3 de 8 a 20 a\u00f1os&#8221;.<\/strong><\/p>\n<p>El mensaje apunta a reforzar la idea de que el programa actual \u2014basado en equilibrio fiscal, control monetario y reformas estructurales\u2014 est\u00e1 generando un sendero de desinflaci\u00f3n sostenible, aun en un contexto externo adverso marcado por la volatilidad del oro y el petr\u00f3leo.<\/p>\n<div class=\"rela\">\n<div class=\"pic\"> <a href=\"https:\/\/eleconomista.com.ar\/economia\/caputo-la-gente-realmente-tiene-idea-lo-viene-n93305\" title=\"CAPUTO: &quot;La gente realmente no tiene idea de lo que se viene&quot;\"><img src=\"http:\/\/economiapoliticacba.com\/wp-content\/uploads\/2026\/03\/inflacion-de-febrero-y-una-sorpresa-positiva-el-ipc-podria-marcar-23-y-desatar-el-festejo-oficial-1.webp\" alt=\"CAPUTO: &quot;La gente realmente no tiene idea de lo que se viene&quot;\" loading=\"lazy\"><\/a> <\/div><\/div>\n<div class=\"rela\">\n<div class=\"pic\"> <a href=\"https:\/\/eleconomista.com.ar\/economia\/no-hay-plata-calle-duro-diagnostico-melconian-n93293\" title=\"&quot;No hay plata en la calle&quot;: el duro diagn\u00f3stico de Melconian\"><img src=\"http:\/\/economiapoliticacba.com\/wp-content\/uploads\/2026\/03\/inflacion-de-febrero-y-una-sorpresa-positiva-el-ipc-podria-marcar-23-y-desatar-el-festejo-oficial-2.webp\" alt=\"&quot;No hay plata en la calle&quot;: el duro diagn\u00f3stico de Melconian\" loading=\"lazy\"><\/a> <\/div><\/div>\n","protected":false},"excerpt":{"rendered":"<p>\u00bfSe cumple el vaticinio de Luis Caputo? El jueves a la tarde sale un dato clave para el Gobierno: el IPC de febrero. El ministro de Econom\u00eda hab\u00eda adelantado que, seg\u00fan sus estimaciones (la propias o las que le piden a consultoras), los precios subieron menos que en enero (cuando fue 2,9%). Esa frase al [&hellip;]<\/p>\n","protected":false},"author":1,"featured_media":48702,"comment_status":"closed","ping_status":"closed","sticky":false,"template":"","format":"standard","meta":{"om_disable_all_campaigns":false,"_monsterinsights_skip_tracking":false,"_monsterinsights_sitenote_active":false,"_monsterinsights_sitenote_note":"","_monsterinsights_sitenote_category":0},"categories":[17],"tags":[],"aioseo_notices":[],"_links":{"self":[{"href":"https:\/\/economiapoliticacba.com\/index.php?rest_route=\/wp\/v2\/posts\/48701"}],"collection":[{"href":"https:\/\/economiapoliticacba.com\/index.php?rest_route=\/wp\/v2\/posts"}],"about":[{"href":"https:\/\/economiapoliticacba.com\/index.php?rest_route=\/wp\/v2\/types\/post"}],"author":[{"embeddable":true,"href":"https:\/\/economiapoliticacba.com\/index.php?rest_route=\/wp\/v2\/users\/1"}],"replies":[{"embeddable":true,"href":"https:\/\/economiapoliticacba.com\/index.php?rest_route=%2Fwp%2Fv2%2Fcomments&post=48701"}],"version-history":[{"count":0,"href":"https:\/\/economiapoliticacba.com\/index.php?rest_route=\/wp\/v2\/posts\/48701\/revisions"}],"wp:featuredmedia":[{"embeddable":true,"href":"https:\/\/economiapoliticacba.com\/index.php?rest_route=\/wp\/v2\/media\/48702"}],"wp:attachment":[{"href":"https:\/\/economiapoliticacba.com\/index.php?rest_route=%2Fwp%2Fv2%2Fmedia&parent=48701"}],"wp:term":[{"taxonomy":"category","embeddable":true,"href":"https:\/\/economiapoliticacba.com\/index.php?rest_route=%2Fwp%2Fv2%2Fcategories&post=48701"},{"taxonomy":"post_tag","embeddable":true,"href":"https:\/\/economiapoliticacba.com\/index.php?rest_route=%2Fwp%2Fv2%2Ftags&post=48701"}],"curies":[{"name":"wp","href":"https:\/\/api.w.org\/{rel}","templated":true}]}}