{"id":48675,"date":"2026-03-11T14:39:10","date_gmt":"2026-03-11T14:39:10","guid":{"rendered":"https:\/\/canalshowsport.com.ar\/?p=39019"},"modified":"2026-03-11T14:39:10","modified_gmt":"2026-03-11T14:39:10","slug":"liga-cordobesa-quedaron-definidos-los-partidos-de-la-primera-fecha","status":"publish","type":"post","link":"https:\/\/economiapoliticacba.com\/?p=48675","title":{"rendered":"Liga Cordobesa: quedaron definidos los partidos de la primera fecha"},"content":{"rendered":"<div class=\"single-excerpt\" readability=\"7\">\n<p>Desde la LCF sortearon las zonas y publicaron los choques del debut.<\/p>\n<\/div>\n<p>Se termina la espera para los amantes del f\u00fatbol de nuestros barrios. Este fin de semana dar\u00e1 inicio del campeonato de la Liga Cordobesa, tanto en la Primera A como en la Primera B.<\/p>\n<p>Desde la organizaci\u00f3n, el d\u00eda martes realizaron el sorteo de las zonas en la sede ubicada en calle 9 de julio. y qued\u00f3 definido como se jugar\u00e1 la primera fecha.<\/p>\n<figure class=\"wp-block-image size-full\"><img loading=\"lazy\" decoding=\"async\" width=\"1600\" height=\"1059\" src=\"http:\/\/economiapoliticacba.com\/wp-content\/uploads\/2026\/03\/liga-cordobesa-quedaron-definidos-los-partidos-de-la-primera-fecha.jpg\" alt class=\"wp-image-39038\" srcset=\"http:\/\/economiapoliticacba.com\/wp-content\/uploads\/2026\/03\/liga-cordobesa-quedaron-definidos-los-partidos-de-la-primera-fecha.jpg 1600w, http:\/\/economiapoliticacba.com\/wp-content\/uploads\/2026\/03\/liga-cordobesa-quedaron-definidos-los-partidos-de-la-primera-fecha-1.jpg 768w, http:\/\/economiapoliticacba.com\/wp-content\/uploads\/2026\/03\/liga-cordobesa-quedaron-definidos-los-partidos-de-la-primera-fecha-2.jpg 1536w, http:\/\/economiapoliticacba.com\/wp-content\/uploads\/2026\/03\/liga-cordobesa-quedaron-definidos-los-partidos-de-la-primera-fecha-3.jpg 24w, http:\/\/economiapoliticacba.com\/wp-content\/uploads\/2026\/03\/liga-cordobesa-quedaron-definidos-los-partidos-de-la-primera-fecha-4.jpg 36w, http:\/\/economiapoliticacba.com\/wp-content\/uploads\/2026\/03\/liga-cordobesa-quedaron-definidos-los-partidos-de-la-primera-fecha-5.jpg 48w, http:\/\/economiapoliticacba.com\/wp-content\/uploads\/2026\/03\/liga-cordobesa-quedaron-definidos-los-partidos-de-la-primera-fecha-6.jpg 750w, http:\/\/economiapoliticacba.com\/wp-content\/uploads\/2026\/03\/liga-cordobesa-quedaron-definidos-los-partidos-de-la-primera-fecha-7.jpg 1140w\" sizes=\"(max-width: 1600px) 100vw, 1600px\"><figcaption class=\"wp-element-caption\"> <\/figcaption><\/figure>\n<p>A\u00fan no se publicaron los d\u00edas y horarios pero la mayor\u00eda de los encuentros tendr\u00e1n lugar el d\u00eda s\u00e1bado a las 16 horas.<\/p>\n<p>En cuanto a las entradas, el precio de ambas categor\u00eda ser\u00e1 de $10.000 la general.<\/p>\n<h3 class=\"wp-block-heading\"><strong>Primera A:<\/strong><\/h3>\n<p><strong>Zona A:<\/strong><br \/>Las Palmas vs San Lorenzo<br \/>Los Andes vs Libertad<br \/>Argentinos Pe\u00f1arol vs Racing<br \/>CIBI vs Camioneros<br \/>Deportivo Lasallano vs Talleres<\/p>\n<p><strong>Zona B:<br \/><\/strong>Belgrano vs Deportivo Atalaya<br \/>Gral. Paz Juniors vs Universitario<br \/>Villa Azalais vs Uni\u00f3n San Vicente<br \/>Instituto vs Hurac\u00e1n<br \/>Amsurrbac vs Escuela Presidente Roca<\/p>\n<p><strong>Interzonal:<br \/><\/strong>Barrio Parque vs Bella Vista<\/p>\n<h3 class=\"wp-block-heading\"><strong>Primera B<\/strong><\/h3>\n<p><strong>Zona A:<\/strong><br \/>Dep Alberdi vs San Nicolas<br \/>Def. Ctral. C\u00f3rdoba vs Dep. Norte<br \/>Dep. Banfield vs Uni\u00f3n Florida<br \/>Independiente vs Juvenil Barrio Comercial<br \/>All Boys vs Atl. Carlos Paz<\/p>\n<p><strong>Zona B:<\/strong><br \/>El Carmen vs Avellaneda<br \/>Uni\u00f3n Serrano vs Calera Ctral.<br \/>Quilmes vs Villa Siburu<br \/>Medea vs Def. Juveniles<br \/>Las Flores vs La Uni\u00f3n<br \/>Libre: Almirante Brown<\/p>\n<figure class=\"wp-block-embed is-type-wp-embed is-provider-canal-showsport wp-block-embed-canal-showsport\"><\/figure>\n","protected":false},"excerpt":{"rendered":"<p>Desde la LCF sortearon las zonas y publicaron los choques del debut. Se termina la espera para los amantes del f\u00fatbol de nuestros barrios. Este fin de semana dar\u00e1 inicio del campeonato de la Liga Cordobesa, tanto en la Primera A como en la Primera B. Desde la organizaci\u00f3n, el d\u00eda martes realizaron el sorteo [&hellip;]<\/p>\n","protected":false},"author":1,"featured_media":48676,"comment_status":"closed","ping_status":"closed","sticky":false,"template":"","format":"standard","meta":{"om_disable_all_campaigns":false,"_monsterinsights_skip_tracking":false,"_monsterinsights_sitenote_active":false,"_monsterinsights_sitenote_note":"","_monsterinsights_sitenote_category":0},"categories":[16],"tags":[1357,678,679],"aioseo_notices":[],"_links":{"self":[{"href":"https:\/\/economiapoliticacba.com\/index.php?rest_route=\/wp\/v2\/posts\/48675"}],"collection":[{"href":"https:\/\/economiapoliticacba.com\/index.php?rest_route=\/wp\/v2\/posts"}],"about":[{"href":"https:\/\/economiapoliticacba.com\/index.php?rest_route=\/wp\/v2\/types\/post"}],"author":[{"embeddable":true,"href":"https:\/\/economiapoliticacba.com\/index.php?rest_route=\/wp\/v2\/users\/1"}],"replies":[{"embeddable":true,"href":"https:\/\/economiapoliticacba.com\/index.php?rest_route=%2Fwp%2Fv2%2Fcomments&post=48675"}],"version-history":[{"count":0,"href":"https:\/\/economiapoliticacba.com\/index.php?rest_route=\/wp\/v2\/posts\/48675\/revisions"}],"wp:featuredmedia":[{"embeddable":true,"href":"https:\/\/economiapoliticacba.com\/index.php?rest_route=\/wp\/v2\/media\/48676"}],"wp:attachment":[{"href":"https:\/\/economiapoliticacba.com\/index.php?rest_route=%2Fwp%2Fv2%2Fmedia&parent=48675"}],"wp:term":[{"taxonomy":"category","embeddable":true,"href":"https:\/\/economiapoliticacba.com\/index.php?rest_route=%2Fwp%2Fv2%2Fcategories&post=48675"},{"taxonomy":"post_tag","embeddable":true,"href":"https:\/\/economiapoliticacba.com\/index.php?rest_route=%2Fwp%2Fv2%2Ftags&post=48675"}],"curies":[{"name":"wp","href":"https:\/\/api.w.org\/{rel}","templated":true}]}}