{"id":48667,"date":"2026-03-11T14:45:00","date_gmt":"2026-03-11T14:45:00","guid":{"rendered":"https:\/\/www.iprofesional.com\/negocios\/449952-gigante-de-las-baterias-cierra-lineas-produccion-para-importar-de-brasil-y-preven-despidos"},"modified":"2026-03-11T14:45:00","modified_gmt":"2026-03-11T14:45:00","slug":"gigante-de-las-baterias-cierra-lineas-produccion-para-traer-producto-desde-brasil-y-preven-despidos","status":"publish","type":"post","link":"https:\/\/economiapoliticacba.com\/?p=48667","title":{"rendered":"Gigante de las bater\u00edas cierra l\u00edneas producci\u00f3n para traer producto desde Brasil y prev\u00e9n despidos"},"content":{"rendered":"<div><img src=\"https:\/\/resizer.iproimg.com\/unsafe\/1280x720\/filters:format(webp):quality(75):max_bytes(102400)\/assets.iprofesional.com\/assets\/jpg\/2026\/03\/613195_landscape.jpg\" class=\"ff-og-image-inserted\"><\/div>\n<p>La irrupci\u00f3n irrestricta de los importados, combinada con una situaci\u00f3n de costos que se hace cuesta arriba para las empresas, sigue complicando fuerte la subsistencia de la industria nacional. Una muestra en ese sentido est\u00e1 en<strong> la decisi\u00f3n de Electrolux de abrir <a href=\"https:\/\/www.iprofesional.com\/negocios\/449826-gigante-de-los-electrodomesticos-abrio-plan-de-retiros-y-hay-estampida-de-empleados\" target=\"_blank\" title=\"Retiros voluntarios en Electrolux\" rel=\"noopener noreferrer\">un programa de retiros voluntarios<\/a> y avanzar con la reducci\u00f3n del 25% de su plantel de empleados<\/strong>. En paralelo, firmas como Aires del Sur, due\u00f1a de las marcas Electra y Fedders, Neba y Goldmund SA, que fabrica la marca Peabody, vienen recortando empleos y bajando persianas. A esos nombres <a href=\"https:\/\/www.iprofesional.com\/negocios\/449504-importados-arrasan-con-firmas-clave-de-electrodomesticos-despidos-retiros-y-concursos\" target=\"_blank\" title=\"Industria nacional, afectada por los importados\" rel=\"noopener noreferrer\">impactados por la importaci\u00f3n<\/a> ahora debe a\u00f1adirse a <strong>Moura, el gigante de las bater\u00edas, que dejar\u00e1 de fabricar ese tipo de productos para camiones en su planta industrial de Pilar<\/strong>. La firma <strong>pasar\u00e1 a <a href=\"https:\/\/www.iprofesional.com\/index.php\/negocios\/448983-lluvia-importaciones-apaga-dos-firmas-clave-electrodomesticos-brotan-despidos\" target=\"_blank\" title=\"Impacto de los importados\" rel=\"noopener noreferrer\">importar<\/a> desde Brasil <\/strong>y se anticipa que habr\u00e1 p\u00e9rdida de empleos.<\/p>\n<p>A ra\u00edz de esta decisi\u00f3n, <strong>Moura desactivar\u00e1 dos l\u00edneas de producci\u00f3n.<\/strong> Seg\u00fan se indic\u00f3 desde el sindicato de qu\u00edmicos en esa zona del conurbano, la compa\u00f1\u00eda a\u00fan debate en qu\u00e9 otros sitios de su planta reubicar\u00e1 a los 25 operarios dedicados a la producci\u00f3n de las bater\u00edas que ahora se importar\u00e1n.<\/p>\n<p>De acuerdo a medios locales como Pilar a Diario, otros trabajos de la firma aceptaron la propuesta de retiro voluntario que mantiene vigente Moura. En las instalaciones en ese distrito, la compa\u00f1\u00eda en cuesti\u00f3n <strong>emplea a casi 200 personas<\/strong> entre operarios, administrativos y encargados de log\u00edstica.<\/p>\n<h2>Moura pasa a importar bater\u00edas pesadas desde Brasil<\/h2>\n<p>La posibilidad de que la empresa aplique un recorte profundo de empleos mantiene la tensi\u00f3n en la planta. &#8220;Esto forma parte de la masacre que se est\u00e1 cometiendo con la industria, algo que no vivimos ni en pandemia&#8221;, declar\u00f3 al respecto Sergio Gonz\u00e1lez, titular del sindicato Qu\u00edmico de Pilar.<\/p>\n<p>Si bien en los \u00e1mbitos gremiales se subraya que <strong>Moura no dejar\u00eda de producir en la Argentina<\/strong>, s\u00ed se da por hecho que el cierre de l\u00edneas no se agotar\u00e1 con la interrupci\u00f3n de las \u00e1reas de producci\u00f3n que ahora ser\u00e1n reemplazadas con lo importado desde Brasil.<\/p>\n<p>La situaci\u00f3n en Moura a\u00f1ade un caso m\u00e1s a la cada vez m\u00e1s extensa n\u00f3mina de <a href=\"https:\/\/www.iprofesional.com\/autos\/449872-fabrica-el-palomar-produce-peugeot-208-quedo-paralizada-y-extiende-vacaciones\" target=\"_blank\" title=\"Peugeot paraliza su producci\u00f3n\" rel=\"noopener noreferrer\">compa\u00f1\u00edas industriales<\/a> que reducen o directamente dejan de fabricar en el pa\u00eds para volverse en importadoras netas. El resultado en todas las situaciones terminan siendo los mismos: p\u00e9rdida inmediata de empleos.<\/p>\n<p>A principios de esta semana, la decisi\u00f3n de Electrolux de abrir su programa de retiros voluntarios <strong>dio lugar a una aut\u00e9ntica estampida por parte de sus trabajadores<\/strong>, que buscan asegurarse pagos ante una inminente ola de despidos. En concreto, la compa\u00f1\u00eda lanz\u00f3 un plan que comprend\u00eda 100 retiros de base para su planta en Rosario, pero la opci\u00f3n ya acumula 130 inscriptos y el n\u00famero sigue subiendo.<\/p>\n<p>Seg\u00fan indicaron representantes de los empleados de Electrolux y el gremio de la Uni\u00f3n Obrera Metal\u00fargica (UOM), la totalidad de los trabajadores que buscan la salida a trav\u00e9s del retiro voluntario atraviesa un momento de duro endeudamiento en sus hogares.<\/p>\n<p>&#8220;La gente ve que la \u00fanica posibilidad de hacer borr\u00f3n y cuenta nueva es<strong> cobrando la indemnizaci\u00f3n toda junta para pagar la tarjeta o pr\u00e9stamos<\/strong>&#8220;, declar\u00f3 al respecto Pablo Cerra, abogado de la UOM en Rosario.<\/p>\n<p>Se indic\u00f3 que el programa de retiros voluntarios abierto por Electrolux comprende el pago del 100% de cada indemnizaci\u00f3n con un c\u00e1lculo basado en la ley previa a la reciente reforma laboral, y a eso se a\u00f1ade un plus de tres sueldos completos por empleado.<\/p>\n<h2>La industria nacional, golpeada de un modo tremendo por los importados<\/h2>\n<p>La decisi\u00f3n del Gobierno de activar y luego profundizar la apertura irrestricta de las importaciones sigue golpeando de la peor forma al aparato industrial nacional. En esa l\u00ednea, y a muy poco de ocurrido el cese de actividades en Fate, otras tres empresas dedicadas a la producci\u00f3n de electr\u00f3nica del hogar y electrodom\u00e9sticos en general tambi\u00e9n dejaron de operar y se multiplican los despidos en ese sector.<\/p>\n<p>La primera de ellas es <strong>Aires del Sur, due\u00f1a de las marcas Electra y Fedders, que acaba de presentar su pedido de quiebra<\/strong> directa ante la Justicia y viene de concretar 140 despidos.<\/p>\n<p>A trav\u00e9s de un escrito judicial, la empresa asegur\u00f3 encontrarse en &#8220;estado de cesaci\u00f3n de pagos actual, generalizado e irreversible&#8221;, describi\u00f3 su crisis como de car\u00e1cter &#8220;estructural&#8221; y admiti\u00f3 que el plan de continuidad productiva implementado no logr\u00f3 revertir la situaci\u00f3n.<\/p>\n<p>La segunda corresponde a la f\u00e1brica de heladeras <strong>Neba, que dej\u00f3 de operar en Catamarca y despidi\u00f3 a 56 operarios<\/strong>. Los empleados de esta \u00faltima ocuparon las instalaciones de la firma en el parque industrial de El Pantanillo, cercano a la capital catamarque\u00f1a.<\/p>\n<p>Los cesanteados en Neba optaron por poner en marcha una medida de fuerza durante las \u00faltimas horas y, de acuerdo a medios de esa provincia y regionales, permanecen en asamblea dentro del predio de la fabricante a la espera de respuestas oficiales.<\/p>\n<p>Por el lado de <strong>Peabody<\/strong>, su controlante Goldmund SA comunic\u00f3 a clientes y proveedores -a trav\u00e9s de una carta fechada el 2 de marzo- que<strong> inici\u00f3 un proceso de reestructuraci\u00f3n de pasivos<\/strong>. Desde la compa\u00f1\u00eda evitaron profundizar en los motivos y se limitaron a se\u00f1alar que &#8220;ser\u00e1 un proceso largo&#8221;.<\/p>\n","protected":false},"excerpt":{"rendered":"<p>La irrupci\u00f3n irrestricta de los importados, combinada con una situaci\u00f3n de costos que se hace cuesta arriba para las empresas, sigue complicando fuerte la subsistencia de la industria nacional. Una muestra en ese sentido est\u00e1 en la decisi\u00f3n de Electrolux de abrir un programa de retiros voluntarios y avanzar con la reducci\u00f3n del 25% de [&hellip;]<\/p>\n","protected":false},"author":1,"featured_media":0,"comment_status":"closed","ping_status":"closed","sticky":false,"template":"","format":"standard","meta":{"om_disable_all_campaigns":false,"_monsterinsights_skip_tracking":false,"_monsterinsights_sitenote_active":false,"_monsterinsights_sitenote_note":"","_monsterinsights_sitenote_category":0},"categories":[17],"tags":[],"aioseo_notices":[],"_links":{"self":[{"href":"https:\/\/economiapoliticacba.com\/index.php?rest_route=\/wp\/v2\/posts\/48667"}],"collection":[{"href":"https:\/\/economiapoliticacba.com\/index.php?rest_route=\/wp\/v2\/posts"}],"about":[{"href":"https:\/\/economiapoliticacba.com\/index.php?rest_route=\/wp\/v2\/types\/post"}],"author":[{"embeddable":true,"href":"https:\/\/economiapoliticacba.com\/index.php?rest_route=\/wp\/v2\/users\/1"}],"replies":[{"embeddable":true,"href":"https:\/\/economiapoliticacba.com\/index.php?rest_route=%2Fwp%2Fv2%2Fcomments&post=48667"}],"version-history":[{"count":0,"href":"https:\/\/economiapoliticacba.com\/index.php?rest_route=\/wp\/v2\/posts\/48667\/revisions"}],"wp:attachment":[{"href":"https:\/\/economiapoliticacba.com\/index.php?rest_route=%2Fwp%2Fv2%2Fmedia&parent=48667"}],"wp:term":[{"taxonomy":"category","embeddable":true,"href":"https:\/\/economiapoliticacba.com\/index.php?rest_route=%2Fwp%2Fv2%2Fcategories&post=48667"},{"taxonomy":"post_tag","embeddable":true,"href":"https:\/\/economiapoliticacba.com\/index.php?rest_route=%2Fwp%2Fv2%2Ftags&post=48667"}],"curies":[{"name":"wp","href":"https:\/\/api.w.org\/{rel}","templated":true}]}}