{"id":48658,"date":"2026-03-10T22:13:44","date_gmt":"2026-03-10T22:13:44","guid":{"rendered":"https:\/\/www.clubtalleres.com.ar\/?p=206951"},"modified":"2026-03-10T22:13:44","modified_gmt":"2026-03-10T22:13:44","slug":"talleres-junto-a-le-coq-sportif-presentan-la-nueva-equipacion-titular-y-alternativa-para-la-temporada-2026","status":"publish","type":"post","link":"https:\/\/economiapoliticacba.com\/?p=48658","title":{"rendered":"Talleres junto a Le Coq Sportif presentan la nueva equipaci\u00f3n titular y alternativa para la temporada 2026"},"content":{"rendered":"<p>Con una imponente presencia de <strong>HOLCIM<\/strong> en el frente de la camiseta, el dise\u00f1o nace de la intersecci\u00f3n entre la <strong>rica historia albiazul y una visi\u00f3n audaz hacia el futuro<\/strong>, donde la velocidad y el dinamismo se convierten en lenguaje visual. La inspiraci\u00f3n toma elementos del mundo de la luz y del futurismo para reinterpretar los cl\u00e1sicos bastones que forman parte de la identidad del Club, proponiendo una evoluci\u00f3n est\u00e9tica que acompa\u00f1a el crecimiento institucional de Talleres. Tanto la nueva equipaci\u00f3n titular como la alternativa presentan en el frente a <strong>HOLCIM<\/strong>, el main sponsor que acompa\u00f1a a la Instituci\u00f3n desde julio del 2024. Adem\u00e1s, las nuevas camisetas para la Temporada 2026 tienen presencia de <strong>B play <\/strong>en el frente y de<strong> IEB+<\/strong>, nuevo aliado estrat\u00e9gico, en el dorso de la flamante indumentaria.<\/p>\n<p><strong>Camiseta Titular \u2013 Versiones Pro y Fan<\/strong><br \/>En la camiseta titular, tanto en su versi\u00f3n Pro como Fan, se mantienen en el frente los <strong>tradicionales bastones verticales en azul marino y blanco. <\/strong>Sin embargo, esta temporada incorporan un distintivo gradiente lum\u00ednico: los <strong>bastones centrales presentan un degradado que simula un haz de luz ne\u00f3n, generando un efecto visual din\u00e1mico y contempor\u00e1neo.<\/strong><\/p>\n<p>El uso del degrad\u00e9 crea un foco que resalta el escudo, s\u00edmbolo m\u00e1ximo de pertenencia y orgullo, reforzando la idea de un Talleres que no se detiene, y que mira siempre hacia adelante.<\/p>\n<figure class=\"wp-block-image size-full\"><img loading=\"lazy\" fetchpriority=\"high\" decoding=\"async\" width=\"718\" height=\"450\" src=\"http:\/\/economiapoliticacba.com\/wp-content\/uploads\/2026\/03\/talleres-junto-a-le-coq-sportif-presentan-la-nueva-equipacion-titular-y-alternativa-para-la-temporada-2026.jpg\" alt class=\"wp-image-206953\" srcset=\"http:\/\/economiapoliticacba.com\/wp-content\/uploads\/2026\/03\/talleres-junto-a-le-coq-sportif-presentan-la-nueva-equipacion-titular-y-alternativa-para-la-temporada-2026.jpg 718w, http:\/\/economiapoliticacba.com\/wp-content\/uploads\/2026\/03\/talleres-junto-a-le-coq-sportif-presentan-la-nueva-equipacion-titular-y-alternativa-para-la-temporada-2026-2.jpg 300w, http:\/\/economiapoliticacba.com\/wp-content\/uploads\/2026\/03\/talleres-junto-a-le-coq-sportif-presentan-la-nueva-equipacion-titular-y-alternativa-para-la-temporada-2026-3.jpg 600w\" sizes=\"(max-width: 718px) 100vw, 718px\"><\/figure>\n<p><strong>Camiseta Alternativa \u2013 Versiones Pro y Fan<\/strong><br \/>En la camiseta alternativa, el concepto evoluciona hacia la profundidad. <strong>El azul marino se convierte en protagonista y dialoga con un degradado en azul Francia que representa el rastro de luz<\/strong>. Este degradado refuerza la noci\u00f3n de dinamismo y potencia, evocando la energ\u00eda con la que el equipo enfrenta cada desaf\u00edo.<\/p>\n<figure class=\"wp-block-image size-full\"><img loading=\"lazy\" decoding=\"async\" width=\"718\" height=\"450\" src=\"http:\/\/economiapoliticacba.com\/wp-content\/uploads\/2026\/03\/talleres-junto-a-le-coq-sportif-presentan-la-nueva-equipacion-titular-y-alternativa-para-la-temporada-2026-1.jpg\" alt class=\"wp-image-206954\" srcset=\"http:\/\/economiapoliticacba.com\/wp-content\/uploads\/2026\/03\/talleres-junto-a-le-coq-sportif-presentan-la-nueva-equipacion-titular-y-alternativa-para-la-temporada-2026-1.jpg 718w, http:\/\/economiapoliticacba.com\/wp-content\/uploads\/2026\/03\/talleres-junto-a-le-coq-sportif-presentan-la-nueva-equipacion-titular-y-alternativa-para-la-temporada-2026-4.jpg 300w, http:\/\/economiapoliticacba.com\/wp-content\/uploads\/2026\/03\/talleres-junto-a-le-coq-sportif-presentan-la-nueva-equipacion-titular-y-alternativa-para-la-temporada-2026-5.jpg 600w\" sizes=\"(max-width: 718px) 100vw, 718px\"><\/figure>\n<p>Finalmente cabe destacar que tambi\u00e9n se lanzar\u00e1n nuevas camisetas de arquero. La misma presenta un tramado de prismas sesgados con degrad\u00e9s internos que generan una ilusi\u00f3n \u00f3ptica, transmitiendo dinamismo desde otra perspectiva visual. El gris de la versi\u00f3n titular remite a la est\u00e9tica industrial, evocando los talleres que forman parte de la identidad hist\u00f3rica de Club, mientras que la alternativa mantiene el mismo concepto visual combinando el verde y el lila, aportando luminosidad y agilidad.<\/p>\n<p>Todas las equipaciones se complementan con shorts y medias a tono, consolidando una identidad integral y coherente en cada conjunto.<\/p>\n<p><strong>Aspectos T\u00e9cnicos<\/strong><br \/>Las versiones Pro est\u00e1n confeccionadas en tejido Jacquard de poli\u00e9ster, optimizado para el rendimiento deportivo. Incorporan escudo 3D que combina silicona y Jacquard, aportando textura y jerarqu\u00eda visual. Adem\u00e1s, incluyen una etiqueta de autenticidad estilo sello de lacrado que revela los logos de Le Coq Sportif al exponerse a la luz UV, reforzando el car\u00e1cter exclusivo de la prenda.<\/p>\n<p>Las versiones Fan mantienen el mismo dise\u00f1o, adaptado a un textil diferenciado y con logos en transfer con relieve, ofreciendo una alternativa pensada para el uso cotidiano sin resignar identidad ni est\u00e9tica.<\/p>\n<figure class=\"wp-block-embed is-type-video is-provider-youtube wp-block-embed-youtube wp-embed-aspect-16-9 wp-has-aspect-ratio\" readability=\"2\">\n<p>\n<iframe loading=\"lazy\" title=\"\ud83d\udc99\ud83e\udd0d\ud83d\udc99 \ud835\udc74\ud835\udc8a \ud835\udc97\ud835\udc8a\ud835\udc85\ud835\udc82 \ud835\udc86\ud835\udc8f \ud835\udc68\ud835\udc9b\ud835\udc96\ud835\udc8d \ud835\udc9a \ud835\udc69\ud835\udc8d\ud835\udc82\ud835\udc8f\ud835\udc84\ud835\udc90 \ud835\udc9a \ud835\udc68\ud835\udc9b\ud835\udc96\ud835\udc8d.\" width=\"696\" height=\"392\" src=\"https:\/\/www.youtube.com\/embed\/0HekFNl8qiM?feature=oembed\" frameborder=\"0\" allow=\"accelerometer; autoplay; clipboard-write; encrypted-media; gyroscope; picture-in-picture; web-share\" referrerpolicy=\"strict-origin-when-cross-origin\" allowfullscreen><\/iframe>\n<\/p>\n<\/figure>\n<p><strong>\u00bfCu\u00e1ndo se puede conseguir?<\/strong><br \/>La nueva camiseta Titular y alternativa <strong>se pueden adquirir desde este mi\u00e9rcoles 11 de marzo en las tiendas oficiales y a trav\u00e9s de la tienda online de Talleres.<\/strong><br \/><strong>El primer periodo de expendio se extender\u00e1 hasta el martes 17 de marzo y serpa exclusiva para Socios con cuota al d\u00eda. A partir del mi\u00e9rcoles 18 de marzo, la venta ser\u00e1 para todo el p\u00fablico.<\/strong><\/p>\n<p> \u2139\ufe0f <strong>Descuento para socios<\/strong><br \/>Recordamos que los SOCIOS con cuota al d\u00eda tienen un descuento exclusivo seg\u00fan la categor\u00eda.<\/p>\n<p>\u2705 <strong>Precio<\/strong><br \/>Camiseta Pro: $149.900<br \/>Camiseta Fan: $99.900<br \/>Camiseta de arquero: $139.900<\/p>\n<p>\u2705 <strong>\u00bfD\u00f3nde se puede conseguir?<\/strong><br \/>Tiendas Oficiales del Club<br \/>Tienda Online: <a href=\"https:\/\/tienda.clubtalleres.com.ar\/\">https:\/\/tienda.clubtalleres.com.ar\/<\/a><\/p>\n<p>\u2139\ufe0f <strong>Para m\u00e1s informaci\u00f3n:<\/strong><br \/><a href=\"http:\/\/www.lecoqsportif.com.ar\/talleres\">www.lecoqsportif.com.ar\/talleres<\/a><br \/><a href=\"http:\/\/www.clubtalleres.com.ar\">www.clubtalleres.com.ar<\/a><br \/><strong>Redes sociales<\/strong><br \/>\u2013 @lecoqsportif_ar<br \/>\u2013 @tallerescbaoficial<\/p>\n","protected":false},"excerpt":{"rendered":"<p>Con una imponente presencia de HOLCIM en el frente de la camiseta, el dise\u00f1o nace de la intersecci\u00f3n entre la rica historia albiazul y una visi\u00f3n audaz hacia el futuro, donde la velocidad y el dinamismo se convierten en lenguaje visual. La inspiraci\u00f3n toma elementos del mundo de la luz y del futurismo para reinterpretar [&hellip;]<\/p>\n","protected":false},"author":1,"featured_media":48659,"comment_status":"closed","ping_status":"closed","sticky":false,"template":"","format":"standard","meta":{"om_disable_all_campaigns":false,"_monsterinsights_skip_tracking":false,"_monsterinsights_sitenote_active":false,"_monsterinsights_sitenote_note":"","_monsterinsights_sitenote_category":0},"categories":[16],"tags":[],"aioseo_notices":[],"_links":{"self":[{"href":"https:\/\/economiapoliticacba.com\/index.php?rest_route=\/wp\/v2\/posts\/48658"}],"collection":[{"href":"https:\/\/economiapoliticacba.com\/index.php?rest_route=\/wp\/v2\/posts"}],"about":[{"href":"https:\/\/economiapoliticacba.com\/index.php?rest_route=\/wp\/v2\/types\/post"}],"author":[{"embeddable":true,"href":"https:\/\/economiapoliticacba.com\/index.php?rest_route=\/wp\/v2\/users\/1"}],"replies":[{"embeddable":true,"href":"https:\/\/economiapoliticacba.com\/index.php?rest_route=%2Fwp%2Fv2%2Fcomments&post=48658"}],"version-history":[{"count":0,"href":"https:\/\/economiapoliticacba.com\/index.php?rest_route=\/wp\/v2\/posts\/48658\/revisions"}],"wp:featuredmedia":[{"embeddable":true,"href":"https:\/\/economiapoliticacba.com\/index.php?rest_route=\/wp\/v2\/media\/48659"}],"wp:attachment":[{"href":"https:\/\/economiapoliticacba.com\/index.php?rest_route=%2Fwp%2Fv2%2Fmedia&parent=48658"}],"wp:term":[{"taxonomy":"category","embeddable":true,"href":"https:\/\/economiapoliticacba.com\/index.php?rest_route=%2Fwp%2Fv2%2Fcategories&post=48658"},{"taxonomy":"post_tag","embeddable":true,"href":"https:\/\/economiapoliticacba.com\/index.php?rest_route=%2Fwp%2Fv2%2Ftags&post=48658"}],"curies":[{"name":"wp","href":"https:\/\/api.w.org\/{rel}","templated":true}]}}