{"id":48618,"date":"2026-03-10T14:38:00","date_gmt":"2026-03-10T14:38:00","guid":{"rendered":"https:\/\/www.iprofesional.com\/negocios\/449838-endeudada-y-con-cheques-sin-cubrir-lactea-emblematica-reduce-la-labor-y-negocia-su-venta"},"modified":"2026-03-10T14:38:00","modified_gmt":"2026-03-10T14:38:00","slug":"endeudada-y-con-cheques-sin-cubrir-lactea-emblematica-reduce-al-minimo-la-labor-y-negocia-su-venta","status":"publish","type":"post","link":"https:\/\/economiapoliticacba.com\/?p=48618","title":{"rendered":"Endeudada y con cheques sin cubrir, l\u00e1ctea emblem\u00e1tica reduce al m\u00ednimo la labor y negocia su venta"},"content":{"rendered":"<div><img src=\"https:\/\/resizer.iproimg.com\/unsafe\/1280x720\/filters:format(webp):quality(75):max_bytes(102400)\/assets.iprofesional.com\/assets\/jpg\/2025\/05\/596242_landscape.jpg\" class=\"ff-og-image-inserted\"><\/div>\n<p>El desplome operativo y financiero que atraviesa <strong><a href=\"https:\/\/www.iprofesional.com\/negocios\/449599-se-cae-un-gigante-lacteo-ola-de-cheques-sin-fondos-deuda-sideral-y-quesos-en-custodia\" target=\"_blank\" title=\"L\u00e1cteos Ver\u00f3nica, en crisis\" rel=\"noopener noreferrer\">L\u00e1cteos Ver\u00f3nica<\/a><\/strong>, una de las empresas que supo marcar el pulso lechero en la Argentina, sigue agrav\u00e1ndose y la firma en cuesti\u00f3n abri\u00f3 la semana enviando telegramas a sus empleados informando que<strong> reducir\u00e1 a 4 las horas diarias de labor<\/strong>. La medida <strong>alcanza al personal que la compa\u00f1\u00eda integra en sus plantas en Lehmann y Clason<\/strong>, en la provincia de Santa Fe. Detall\u00f3 que el r\u00e9gimen de funcionamiento acotado se mantendr\u00e1 al menos hasta el mes de abril. En paralelo, volvi\u00f3 a ganar fuerza la posibilidad de que la familia Espi\u00f1eira, due\u00f1a actual de <a href=\"https:\/\/www.iprofesional.com\/negocios\/448404-se-apaga-un-gigante-lacteo-le-cortaron-el-agua-y-dejo-un-tendal-de-sueldos-sin-pagar\" target=\"_blank\" title=\"Se complica la situaci\u00f3n de una l\u00e1ctea famosa\" rel=\"noopener noreferrer\">L\u00e1cteos Ver\u00f3nica<\/a>, <strong>ejecute la venta de los activos de la lechera<\/strong>. Mientras tanto, la firma sigue acumulando cheques sin fondos y montos sin cubrir con bancos y financieras.<\/p>\n<p>La firma en cuesti\u00f3n envi\u00f3 telegramas notificando a sus empleados en Lehmann y Clason de la reducci\u00f3n de la jornada laboral a un tope de 4 horas diarias con vigencia desde esta semana hasta por lo menos la primera parte de abril.<\/p>\n<p>La c\u00fapula de <a href=\"https:\/\/www.iprofesional.com\/negocios\/447972-gigante-lacteo-a-punto-de-cerrar-debe-millones-ya-no-produce-ni-paga-servicios-o-sueldos\" target=\"_blank\" title=\"L\u00e1cteos Ver\u00f3nica debe sueldos y servicios\" rel=\"noopener noreferrer\">L\u00e1cteos Ver\u00f3nica<\/a> argument\u00f3 que la medida es impulsada &#8220;ante la notoria crisis que estamos padeciendo&#8221;, y con la perspectiva de<strong> tratar de salvaguardar los 700 puestos de trabajo<\/strong> que genera la compa\u00f1\u00eda.<\/p>\n<p>En el documento acercado a sus operarios la lechera se\u00f1al\u00f3 que mantiene &#8220;la expectativa de poder recuperar en el corto plazo niveles razonables de productividad y empleabilidad&#8221;. Al mismo tiempo, recalc\u00f3 que para sus trabajadores &#8220;es obligatorio presentarse en el establecimiento durante el lapso de tiempo establecido&#8221;.<\/p>\n<p>En paralelo, volvieron a incrementarse las versiones de que los Espi\u00f1eira podr\u00edan desprenderse de los activos de L\u00e1cteos Ver\u00f3nica. En esa l\u00ednea, se afirma que los propietarios de la lechera<strong> mantienen negociaciones con la francesa Savencia<\/strong>, compa\u00f1\u00eda que en Argentina posee el control de la marca Milkaut y en su momento tambi\u00e9n pas\u00f3 de manejar el negocio de Ilolay.<\/p>\n<h2>ATILRA tambi\u00e9n juega su partido en L\u00e1cteos Ver\u00f3nica<\/h2>\n<p>En simult\u00e1neo a esta situaci\u00f3n, el gremio ATILRA subray\u00f3 recientemente que se mantendr\u00e1 firme<strong> para impedir que los controlantes de la firma retiren equipamiento de las plantas<\/strong> e, incluso, insisti\u00f3 con que tampoco permitir\u00e1 que se retire mercader\u00eda que supuestamente qued\u00f3 almacenada en Lehmann.<\/p>\n<p>Respecto de ese posicionamiento, Domingo Possetto, titular de la seccional de ATILRA en Rafaela, siempre en Santa Fe, declar\u00f3: &#8220;&#8221;No queremos que se lleven nada. Primero que <a href=\"https:\/\/www.iprofesional.com\/negocios\/448190-por-que-colapsan-las-grandes-marcas-de-leche-quesos-y-yogurt-de-argentina\" target=\"_blank\" title=\"Crisis de las l\u00e1cteas\" rel=\"noopener noreferrer\">abonen los sueldos<\/a> atrasados. As\u00ed como est\u00e1n hoy los obreros, nadie va a dejar que los empresarios retiren nada. Es que no hay di\u00e1logo. Hace meses que los empresarios no aparecen&#8221;.<\/p>\n<p>&#8220;Los trabajadores resisten. Por ejemplo, quienes trabajan en la planta de Lehmann, <strong>resguardan una cantidad importante de quesos para que la empresa no se los lleve<\/strong>. Si se entrega es para que salgan a la venta y el producido se destine a acotar en algo la elevada deuda que los empresarios no asumen&#8221;, agreg\u00f3.<\/p>\n<p>En contraposici\u00f3n a esto, medios especializados como Bichos de Campo exponen que la planta de Lehmann se encuentra en par\u00e1lisis total desde enero, por lo que resulta poco probable que la producci\u00f3n de quesos &#8220;custodiada&#8221; sea de la envergadura que asegura ATILRA.<\/p>\n<h2>La deuda de L\u00e1cteos Ver\u00f3nica no para de crecer<\/h2>\n<p>En cuanto a la situaci\u00f3n de la deuda bancaria de la compa\u00f1\u00eda, hace escasos d\u00edas<strong> <strong>iProfesional<\/strong> <\/strong>constat\u00f3 en el registro del Banco Central (BCRA) que la empresa acumula <strong>3.834 cheques emitidos sin fondos y una deuda en ese \u00edtem superior a los 13.400 millones de pesos<\/strong>.<\/p>\n<p>Adem\u00e1s, L\u00e1cteos Ver\u00f3nica debe miles y miles de pesos a entidades de cr\u00e9dito como Catalinas, Credibel y Trend Capital. Tambi\u00e9n posee deudas con los bancos Naci\u00f3n, BBVA, Santander, Galicia y Macro, entre otros.<\/p>\n<p>El contexto actual, se\u00f1alan voceros de los empleados de la lechera, es de total incertidumbre y en el horizonte no se descarta la posibilidad de la quiebra. Dicha acci\u00f3n implicar\u00eda la p\u00e9rdida de 700 puestos de trabajo.<\/p>\n<p>Por el lado de los proveedores, la situaci\u00f3n tambi\u00e9n es dram\u00e1tica: cerca de 150 productores de leche de la provincia de Santa Fe se unieron recientemente para reclamar el pago de mercader\u00eda entregada y nunca abonada.<\/p>\n<p>Se estima que s\u00f3lo con ese grupo de tamberos la deuda que mantiene L\u00e1cteos Ver\u00f3nica <strong>se ubica en torno a los 60 millones de d\u00f3lares<\/strong>.<\/p>\n","protected":false},"excerpt":{"rendered":"<p>El desplome operativo y financiero que atraviesa L\u00e1cteos Ver\u00f3nica, una de las empresas que supo marcar el pulso lechero en la Argentina, sigue agrav\u00e1ndose y la firma en cuesti\u00f3n abri\u00f3 la semana enviando telegramas a sus empleados informando que reducir\u00e1 a 4 las horas diarias de labor. La medida alcanza al personal que la compa\u00f1\u00eda [&hellip;]<\/p>\n","protected":false},"author":1,"featured_media":0,"comment_status":"closed","ping_status":"closed","sticky":false,"template":"","format":"standard","meta":{"om_disable_all_campaigns":false,"_monsterinsights_skip_tracking":false,"_monsterinsights_sitenote_active":false,"_monsterinsights_sitenote_note":"","_monsterinsights_sitenote_category":0},"categories":[17],"tags":[],"aioseo_notices":[],"_links":{"self":[{"href":"https:\/\/economiapoliticacba.com\/index.php?rest_route=\/wp\/v2\/posts\/48618"}],"collection":[{"href":"https:\/\/economiapoliticacba.com\/index.php?rest_route=\/wp\/v2\/posts"}],"about":[{"href":"https:\/\/economiapoliticacba.com\/index.php?rest_route=\/wp\/v2\/types\/post"}],"author":[{"embeddable":true,"href":"https:\/\/economiapoliticacba.com\/index.php?rest_route=\/wp\/v2\/users\/1"}],"replies":[{"embeddable":true,"href":"https:\/\/economiapoliticacba.com\/index.php?rest_route=%2Fwp%2Fv2%2Fcomments&post=48618"}],"version-history":[{"count":0,"href":"https:\/\/economiapoliticacba.com\/index.php?rest_route=\/wp\/v2\/posts\/48618\/revisions"}],"wp:attachment":[{"href":"https:\/\/economiapoliticacba.com\/index.php?rest_route=%2Fwp%2Fv2%2Fmedia&parent=48618"}],"wp:term":[{"taxonomy":"category","embeddable":true,"href":"https:\/\/economiapoliticacba.com\/index.php?rest_route=%2Fwp%2Fv2%2Fcategories&post=48618"},{"taxonomy":"post_tag","embeddable":true,"href":"https:\/\/economiapoliticacba.com\/index.php?rest_route=%2Fwp%2Fv2%2Ftags&post=48618"}],"curies":[{"name":"wp","href":"https:\/\/api.w.org\/{rel}","templated":true}]}}