{"id":48616,"date":"2026-03-10T14:00:00","date_gmt":"2026-03-10T14:00:00","guid":{"rendered":"https:\/\/economiapoliticacba.com\/?p=48616"},"modified":"2026-03-10T14:00:00","modified_gmt":"2026-03-10T14:00:00","slug":"audi-bajo-los-precios-hasta-us-37-000","status":"publish","type":"post","link":"https:\/\/economiapoliticacba.com\/?p=48616","title":{"rendered":"Audi baj\u00f3 los precios hasta US$ 37.000"},"content":{"rendered":"<p>La mitad de los modelos de<strong> Audi Argentina<\/strong> bajaron de precio debido a la eliminaci\u00f3n los<a href=\"https:\/\/eleconomista.com.ar\/tags\/impuestos-internos-t5757\" target=\"_blank\" rel=\"noopener\"> Impuestos Internos<\/a>, tras la aprobaci\u00f3n del cap\u00edtulo fiscal en la <a href=\"https:\/\/eleconomista.com.ar\/tags\/reforma-laboral-t5753\" target=\"_blank\" rel=\"noopener\">Reforma laboral<\/a>.<\/p>\n<p>M\u00e1s precisamente el impacto de la salida de este tributo distorsivo aplica a 16 de los 30 modelos que actualmente se comercializan en nuestro pa\u00eds.<\/p>\n<p><mark class=\"marker-yellow\">La baja promedio es del 12,3% con montos que van entre los US$ 10.300 y US$ 37.100, seg\u00fan el veh\u00edculo.<\/mark><\/p>\n<p>Si bien esto se concretar\u00e1 a partir de la lista que comience a regir el 1 de abril (como lo establece la reglamentaci\u00f3n de la ley tras su publicaci\u00f3n en el Bolet\u00edn Oficial la semana pasada), la marca de los cuatro anillos decidi\u00f3 comunicarlo ahora para transparentar las operaciones de cara a sus clientes.<\/p>\n<p>Los modelos de Audi Argentina que cambiaron sus precios son:&nbsp;<\/p>\n<div class=\"rela\">\n<div class=\"pic\"> <a href=\"https:\/\/eleconomista.com.ar\/autos\/entre-20-autos-mas-vendidos-hay-modelo-chino-n93211\" title=\"Entre los 20 autos m\u00e1s vendidos hay un solo modelo chino\"><img src=\"http:\/\/economiapoliticacba.com\/wp-content\/uploads\/2026\/03\/audi-bajo-los-precios-hasta-us-37-000.webp\" alt=\"Entre los 20 autos m\u00e1s vendidos hay un solo modelo chino\" loading=\"lazy\"><\/a> <\/div><\/div>\n<p><strong>Audi S3 Sportback: de US$ 90.100 a US$ 79.700 -11,5%<\/strong><br \/><strong>Audi RS3 Sportback: de US$ 124.600 a US$ 110.300 -11,5%<\/strong><br \/><strong>Audi S3 Sed\u00e1n: de US$ 90.100 a US$ 79.700 -11,5%&nbsp;<\/strong><br \/><strong>Audi RS3 Sed\u00e1n: de US$ 125.200 a US$ 110.800 -11,5%<\/strong><br \/><strong>Audi A5 S line quattro: de US$ 90.800 a US$ 80.400 -11,5%<\/strong><br \/><strong>Audi A6 Sed\u00e1n: de US$ 115.300 a US$ 100.400 -12,9%<\/strong><br \/><strong>Audi A6 allroad: de US$ 122.500 a US$ 106.700 -12,9%<\/strong><br \/><strong>Audi Q5 Advanced: de US$ 89.400 a US$ 79.100 -11,5%<\/strong><br \/><strong>Audi Q5 Advanced Plus: de US$ 102.000 a US$ 90.300 -11,5%<\/strong><br \/><strong>Audi Q5 Sportback Advanced: de US$ 92.300 a US$ 81.700 -11,5%<\/strong><br \/><strong>Audi Q5 Sportback S line: de US$ 107.200 a US$ 94.900 -11,5%<\/strong><br \/><strong>Audi SQ5 Sportback: de US$ 134.000 a US$ 118.600 -11,5%<\/strong><br \/><strong>Audi Q6 50 e-tron Performance: de US$ 154.600 a US$ 128.200 -17,1%<\/strong><br \/><strong>Audi Q7 55 TFSI S line quattro: de US$ 152.100 a US$ 132.500 -12,9%<\/strong><br \/><strong>Audi Q8 55 TFSI quattro: de US$ 162.000 a US$ 141.100 -12,9%<\/strong><br \/><strong>Audi RS Q8 Performance: de US$ 287.600 a US$ 250.500 -12,9%<\/strong><\/p>\n<p>Vale recordar que ya son varias las marcas que decidieron anunciar sus nuevas listas de precios tras la eliminaci\u00f3n del llamado &#8220;impuesto al lujo&#8221; que, hasta ahora, afectaba con un 18% de carga tributaria a los veh\u00edculos de m\u00e1s de $104.000.000.<\/p>\n<p><a href=\"https:\/\/eleconomista.com.ar\/tags\/ford-t1717\" target=\"_blank\" rel=\"noopener\"><strong>Ford<\/strong><\/a> fue la primera, se le sumaron <a href=\"https:\/\/eleconomista.com.ar\/tags\/toyota-t1801\" target=\"_blank\" rel=\"noopener\"><strong>Toyota\/Lexus<\/strong><\/a>, <a href=\"https:\/\/eleconomista.com.ar\/tags\/mercedes-benz-t5098\" target=\"_blank\" rel=\"noopener\"><strong>Mercedes-Benz<\/strong><\/a>, <a href=\"https:\/\/eleconomista.com.ar\/autos\/impuestos-internos-yamaha-baja-precios-lanza-nuevos-modelos-n93084\" target=\"_blank\" rel=\"noopener\"><strong>Yamaha<\/strong><\/a>, y ahora es el caso de <strong>Audi<\/strong>.<\/p>\n<div class=\"rela\">\n<div class=\"pic\"> <a href=\"https:\/\/eleconomista.com.ar\/autos\/por-500000-ya-puede-reservar-nuevo-sedan-mediano-n93170\" title=\"Por $500.000 ya se puede reservar un nuevo sed\u00e1n mediano\"><img src=\"http:\/\/economiapoliticacba.com\/wp-content\/uploads\/2026\/03\/audi-bajo-los-precios-hasta-us-37-000-1.webp\" alt=\"Por $500.000 ya se puede reservar un nuevo sed\u00e1n mediano\" loading=\"lazy\"><\/a> <\/div><\/div>\n","protected":false},"excerpt":{"rendered":"<p>La mitad de los modelos de Audi Argentina bajaron de precio debido a la eliminaci\u00f3n los Impuestos Internos, tras la aprobaci\u00f3n del cap\u00edtulo fiscal en la Reforma laboral. M\u00e1s precisamente el impacto de la salida de este tributo distorsivo aplica a 16 de los 30 modelos que actualmente se comercializan en nuestro pa\u00eds. La baja [&hellip;]<\/p>\n","protected":false},"author":1,"featured_media":48617,"comment_status":"closed","ping_status":"closed","sticky":false,"template":"","format":"standard","meta":{"om_disable_all_campaigns":false,"_monsterinsights_skip_tracking":false,"_monsterinsights_sitenote_active":false,"_monsterinsights_sitenote_note":"","_monsterinsights_sitenote_category":0},"categories":[17],"tags":[],"aioseo_notices":[],"_links":{"self":[{"href":"https:\/\/economiapoliticacba.com\/index.php?rest_route=\/wp\/v2\/posts\/48616"}],"collection":[{"href":"https:\/\/economiapoliticacba.com\/index.php?rest_route=\/wp\/v2\/posts"}],"about":[{"href":"https:\/\/economiapoliticacba.com\/index.php?rest_route=\/wp\/v2\/types\/post"}],"author":[{"embeddable":true,"href":"https:\/\/economiapoliticacba.com\/index.php?rest_route=\/wp\/v2\/users\/1"}],"replies":[{"embeddable":true,"href":"https:\/\/economiapoliticacba.com\/index.php?rest_route=%2Fwp%2Fv2%2Fcomments&post=48616"}],"version-history":[{"count":0,"href":"https:\/\/economiapoliticacba.com\/index.php?rest_route=\/wp\/v2\/posts\/48616\/revisions"}],"wp:featuredmedia":[{"embeddable":true,"href":"https:\/\/economiapoliticacba.com\/index.php?rest_route=\/wp\/v2\/media\/48617"}],"wp:attachment":[{"href":"https:\/\/economiapoliticacba.com\/index.php?rest_route=%2Fwp%2Fv2%2Fmedia&parent=48616"}],"wp:term":[{"taxonomy":"category","embeddable":true,"href":"https:\/\/economiapoliticacba.com\/index.php?rest_route=%2Fwp%2Fv2%2Fcategories&post=48616"},{"taxonomy":"post_tag","embeddable":true,"href":"https:\/\/economiapoliticacba.com\/index.php?rest_route=%2Fwp%2Fv2%2Ftags&post=48616"}],"curies":[{"name":"wp","href":"https:\/\/api.w.org\/{rel}","templated":true}]}}