{"id":48610,"date":"2026-03-09T23:55:00","date_gmt":"2026-03-09T23:55:00","guid":{"rendered":"https:\/\/www.clubtalleres.com.ar\/?p=206938"},"modified":"2026-03-09T23:55:00","modified_gmt":"2026-03-09T23:55:00","slug":"alexandro-maidana-es-refuerzo-de-talleres","status":"publish","type":"post","link":"https:\/\/economiapoliticacba.com\/?p=48610","title":{"rendered":"Alexandro Maidana es refuerzo de Talleres"},"content":{"rendered":"<div><img src=\"http:\/\/economiapoliticacba.com\/wp-content\/uploads\/2026\/03\/alexandro-maidana-es-refuerzo-de-talleres.jpg\" class=\"ff-og-image-inserted\"><\/div>\n<p>Alexandro Maidana tiene 20 a\u00f1os, naci\u00f3 en Caacup\u00e9 (Paraguay) y llega a Talleres luego jugar en Guaran\u00ed, Club en el que se desempe\u00f1\u00f3 durante toda la Temporada 2025 y en el inicio de este a\u00f1o.<\/p>\n<p>En este 2026, entre el torneo paraguayo y Copa Libertadores, Maidana disput\u00f3 7 partidos.<\/p>\n<p>Durante el 2025, el joven lateral izquierdo integr\u00f3 la delegaci\u00f3n que jug\u00f3 el Mundial Sub 20 junto a la Selecci\u00f3n de Paraguay, competencia en la cual fue protagonista de 4 partidos y marc\u00f3 1 gol.<\/p>\n<p>Siendo un jugador juvenil, con un gran presente e importante potencial de crecimiento, el Club Talleres adquiere a Alexandro Maidana que se convierte en patrimonio institucional y refuerza al plantel superior para la Temporada 2026.<\/p>\n","protected":false},"excerpt":{"rendered":"<p>Alexandro Maidana tiene 20 a\u00f1os, naci\u00f3 en Caacup\u00e9 (Paraguay) y llega a Talleres luego jugar en Guaran\u00ed, Club en el que se desempe\u00f1\u00f3 durante toda la Temporada 2025 y en el inicio de este a\u00f1o. En este 2026, entre el torneo paraguayo y Copa Libertadores, Maidana disput\u00f3 7 partidos. Durante el 2025, el joven lateral [&hellip;]<\/p>\n","protected":false},"author":1,"featured_media":48611,"comment_status":"closed","ping_status":"closed","sticky":false,"template":"","format":"standard","meta":{"om_disable_all_campaigns":false,"_monsterinsights_skip_tracking":false,"_monsterinsights_sitenote_active":false,"_monsterinsights_sitenote_note":"","_monsterinsights_sitenote_category":0},"categories":[16],"tags":[],"aioseo_notices":[],"_links":{"self":[{"href":"https:\/\/economiapoliticacba.com\/index.php?rest_route=\/wp\/v2\/posts\/48610"}],"collection":[{"href":"https:\/\/economiapoliticacba.com\/index.php?rest_route=\/wp\/v2\/posts"}],"about":[{"href":"https:\/\/economiapoliticacba.com\/index.php?rest_route=\/wp\/v2\/types\/post"}],"author":[{"embeddable":true,"href":"https:\/\/economiapoliticacba.com\/index.php?rest_route=\/wp\/v2\/users\/1"}],"replies":[{"embeddable":true,"href":"https:\/\/economiapoliticacba.com\/index.php?rest_route=%2Fwp%2Fv2%2Fcomments&post=48610"}],"version-history":[{"count":0,"href":"https:\/\/economiapoliticacba.com\/index.php?rest_route=\/wp\/v2\/posts\/48610\/revisions"}],"wp:featuredmedia":[{"embeddable":true,"href":"https:\/\/economiapoliticacba.com\/index.php?rest_route=\/wp\/v2\/media\/48611"}],"wp:attachment":[{"href":"https:\/\/economiapoliticacba.com\/index.php?rest_route=%2Fwp%2Fv2%2Fmedia&parent=48610"}],"wp:term":[{"taxonomy":"category","embeddable":true,"href":"https:\/\/economiapoliticacba.com\/index.php?rest_route=%2Fwp%2Fv2%2Fcategories&post=48610"},{"taxonomy":"post_tag","embeddable":true,"href":"https:\/\/economiapoliticacba.com\/index.php?rest_route=%2Fwp%2Fv2%2Ftags&post=48610"}],"curies":[{"name":"wp","href":"https:\/\/api.w.org\/{rel}","templated":true}]}}