{"id":48584,"date":"2026-03-09T19:26:35","date_gmt":"2026-03-09T19:26:35","guid":{"rendered":"https:\/\/canalshowsport.com.ar\/?p=38615"},"modified":"2026-03-09T19:26:35","modified_gmt":"2026-03-09T19:26:35","slug":"el-gobierno-oficializo-el-nuevo-regimen-penal-juvenil-baja-la-edad-de-imputabilidad-a-14-anos","status":"publish","type":"post","link":"https:\/\/economiapoliticacba.com\/?p=48584","title":{"rendered":"El Gobierno oficializ\u00f3 el nuevo R\u00e9gimen Penal Juvenil: baja la edad de imputabilidad a 14 a\u00f1os"},"content":{"rendered":"<div class=\"single-excerpt\" readability=\"11\">\n<p>El Gobierno promulg\u00f3 la Ley 27.801 que baja la edad de imputabilidad de 16 a 14 a\u00f1os y establece un r\u00e9gimen penal juvenil orientado a la educaci\u00f3n, resocializaci\u00f3n e integraci\u00f3n social, con penas limitadas y derechos garantizados para las v\u00edctimas.<\/p>\n<\/div>\n<p>Este lunes 9 de marzo, el Gobierno promulg\u00f3 la&nbsp;<strong>Ley 27.801<\/strong>, que establece el nuevo&nbsp;<strong>R\u00e9gimen Penal Juvenil<\/strong>. La normativa reduce la edad de imputabilidad de&nbsp;<strong>16 a 14 a\u00f1os<\/strong>&nbsp;y fija un sistema de sanciones espec\u00edficas para adolescentes que cometan delitos antes de cumplir los 18.<\/p>\n<p>El decreto 138\/2026 publicado en el Bolet\u00edn Oficial se\u00f1ala que el r\u00e9gimen busca fomentar el&nbsp;<strong>sentido de responsabilidad legal<\/strong>, y apunta a la&nbsp;<strong>educaci\u00f3n, resocializaci\u00f3n e integraci\u00f3n social<\/strong>&nbsp;de los j\u00f3venes imputados.<\/p>\n<p><strong>Qu\u00e9 cambia respecto al r\u00e9gimen anterior<\/strong><\/p>\n<p>Hasta ahora, la edad m\u00ednima de imputabilidad era de&nbsp;<strong>16 a\u00f1os<\/strong>. Con la nueva ley, los adolescentes de&nbsp;<strong>14 y 15 a\u00f1os<\/strong>&nbsp;podr\u00e1n ser imputados penalmente, aunque bajo un sistema diferenciado que:<\/p>\n<p>-Limita las penas a un m\u00e1ximo de&nbsp;<strong>15 a\u00f1os de detenci\u00f3n<\/strong>.<\/p>\n<p>&#8211; Proh\u00edbe las&nbsp;<strong>penas perpetuas<\/strong>&nbsp;y los antecedentes penales permanentes.<\/p>\n<p>-Establece que la&nbsp;<strong>privaci\u00f3n de libertad ser\u00e1 el \u00faltimo recurso<\/strong>, y por el tiempo m\u00e1s breve posible.<\/p>\n<p>-Obliga a que los adolescentes sean alojados en dependencias especiales, nunca junto a adultos.<\/p>\n<p>Adem\u00e1s, se reconoce de manera expresa los&nbsp;<strong>derechos de las v\u00edctimas<\/strong>, que podr\u00e1n participar activamente en el proceso y acceder a mecanismos de reparaci\u00f3n.<\/p>\n<div class=\"wp-block-media-text is-stacked-on-mobile\" readability=\"0\">\n<figure class=\"wp-block-media-text__media\"><img loading=\"lazy\" decoding=\"async\" width=\"990\" height=\"556\" src=\"http:\/\/economiapoliticacba.com\/wp-content\/uploads\/2026\/03\/el-gobierno-oficializo-el-nuevo-regimen-penal-juvenil-baja-la-edad-de-imputabilidad-a-14-anos.png\" alt class=\"wp-image-38619 size-full\" srcset=\"http:\/\/economiapoliticacba.com\/wp-content\/uploads\/2026\/03\/el-gobierno-oficializo-el-nuevo-regimen-penal-juvenil-baja-la-edad-de-imputabilidad-a-14-anos.png 990w, http:\/\/economiapoliticacba.com\/wp-content\/uploads\/2026\/03\/el-gobierno-oficializo-el-nuevo-regimen-penal-juvenil-baja-la-edad-de-imputabilidad-a-14-anos-1.png 768w, http:\/\/economiapoliticacba.com\/wp-content\/uploads\/2026\/03\/el-gobierno-oficializo-el-nuevo-regimen-penal-juvenil-baja-la-edad-de-imputabilidad-a-14-anos-2.png 24w, http:\/\/economiapoliticacba.com\/wp-content\/uploads\/2026\/03\/el-gobierno-oficializo-el-nuevo-regimen-penal-juvenil-baja-la-edad-de-imputabilidad-a-14-anos-3.png 36w, http:\/\/economiapoliticacba.com\/wp-content\/uploads\/2026\/03\/el-gobierno-oficializo-el-nuevo-regimen-penal-juvenil-baja-la-edad-de-imputabilidad-a-14-anos-4.png 48w, http:\/\/economiapoliticacba.com\/wp-content\/uploads\/2026\/03\/el-gobierno-oficializo-el-nuevo-regimen-penal-juvenil-baja-la-edad-de-imputabilidad-a-14-anos-5.png 750w\" sizes=\"(max-width: 990px) 100vw, 990px\"><\/figure>\n<\/div>\n","protected":false},"excerpt":{"rendered":"<p>El Gobierno promulg\u00f3 la Ley 27.801 que baja la edad de imputabilidad de 16 a 14 a\u00f1os y establece un r\u00e9gimen penal juvenil orientado a la educaci\u00f3n, resocializaci\u00f3n e integraci\u00f3n social, con penas limitadas y derechos garantizados para las v\u00edctimas. Este lunes 9 de marzo, el Gobierno promulg\u00f3 la&nbsp;Ley 27.801, que establece el nuevo&nbsp;R\u00e9gimen Penal [&hellip;]<\/p>\n","protected":false},"author":1,"featured_media":48585,"comment_status":"closed","ping_status":"closed","sticky":false,"template":"","format":"standard","meta":{"om_disable_all_campaigns":false,"_monsterinsights_skip_tracking":false,"_monsterinsights_sitenote_active":false,"_monsterinsights_sitenote_note":"","_monsterinsights_sitenote_category":0},"categories":[16],"tags":[27,316,3244,1386,3245],"aioseo_notices":[],"_links":{"self":[{"href":"https:\/\/economiapoliticacba.com\/index.php?rest_route=\/wp\/v2\/posts\/48584"}],"collection":[{"href":"https:\/\/economiapoliticacba.com\/index.php?rest_route=\/wp\/v2\/posts"}],"about":[{"href":"https:\/\/economiapoliticacba.com\/index.php?rest_route=\/wp\/v2\/types\/post"}],"author":[{"embeddable":true,"href":"https:\/\/economiapoliticacba.com\/index.php?rest_route=\/wp\/v2\/users\/1"}],"replies":[{"embeddable":true,"href":"https:\/\/economiapoliticacba.com\/index.php?rest_route=%2Fwp%2Fv2%2Fcomments&post=48584"}],"version-history":[{"count":0,"href":"https:\/\/economiapoliticacba.com\/index.php?rest_route=\/wp\/v2\/posts\/48584\/revisions"}],"wp:featuredmedia":[{"embeddable":true,"href":"https:\/\/economiapoliticacba.com\/index.php?rest_route=\/wp\/v2\/media\/48585"}],"wp:attachment":[{"href":"https:\/\/economiapoliticacba.com\/index.php?rest_route=%2Fwp%2Fv2%2Fmedia&parent=48584"}],"wp:term":[{"taxonomy":"category","embeddable":true,"href":"https:\/\/economiapoliticacba.com\/index.php?rest_route=%2Fwp%2Fv2%2Fcategories&post=48584"},{"taxonomy":"post_tag","embeddable":true,"href":"https:\/\/economiapoliticacba.com\/index.php?rest_route=%2Fwp%2Fv2%2Ftags&post=48584"}],"curies":[{"name":"wp","href":"https:\/\/api.w.org\/{rel}","templated":true}]}}