{"id":48546,"date":"2026-03-09T11:49:48","date_gmt":"2026-03-09T11:49:48","guid":{"rendered":"https:\/\/canalshowsport.com.ar\/?p=38518"},"modified":"2026-03-09T11:49:48","modified_gmt":"2026-03-09T11:49:48","slug":"se-actualizo-el-ranking-atp-los-lugares-que-ocupan-los-argentinos","status":"publish","type":"post","link":"https:\/\/economiapoliticacba.com\/?p=48546","title":{"rendered":"Se actualiz\u00f3 el Ranking ATP: los lugares que ocupan los argentinos"},"content":{"rendered":"<div class=\"single-excerpt\" readability=\"7\">\n<p>As\u00ed quedaron los puestos tras la actividad en el Indian Wells. <\/p>\n<\/div>\n<p>Como todos los lunes, se actualiz\u00f3 el Ranking ATP y a continuaci\u00f3n, repasamos c\u00f3mo quedaron los primeros puestos y el presente de los argentinos. <\/p>\n<p><strong>Carlos Alcaraz <\/strong>sigue siendo l\u00edder con 13.550 puntos, seguido por el italiano <strong>Jannik Sinner<\/strong> (10.400) y el serbio <strong>Novak Djokovic <\/strong>(5.280).<\/p>\n<p>En cuanto a los argentinos, <strong>Francisco Cer\u00fandolo<\/strong> descendi\u00f3 una posici\u00f3n y ahora se encuentra 20\u00b0 con 2.170 unidades, seguido por <strong>Tom\u00e1s Etcheverry<\/strong> que se ubica 31\u00b0 con 1.445 y <strong>Sebasti\u00e1n B\u00e1ez<\/strong>, que est\u00e1 53\u00b0 con 940 puntos.<\/p>\n<h4 class=\"wp-block-heading\"><strong>TOP 10 &#8211; Ranking ATP<\/strong><\/h4>\n<figure class=\"wp-block-image size-full\"><img loading=\"lazy\" decoding=\"async\" width=\"312\" height=\"592\" src=\"http:\/\/economiapoliticacba.com\/wp-content\/uploads\/2026\/03\/se-actualizo-el-ranking-atp-los-lugares-que-ocupan-los-argentinos.png\" alt class=\"wp-image-36944\" srcset=\"http:\/\/economiapoliticacba.com\/wp-content\/uploads\/2026\/03\/se-actualizo-el-ranking-atp-los-lugares-que-ocupan-los-argentinos.png 312w, http:\/\/economiapoliticacba.com\/wp-content\/uploads\/2026\/03\/se-actualizo-el-ranking-atp-los-lugares-que-ocupan-los-argentinos-1.png 13w, http:\/\/economiapoliticacba.com\/wp-content\/uploads\/2026\/03\/se-actualizo-el-ranking-atp-los-lugares-que-ocupan-los-argentinos-2.png 19w, http:\/\/economiapoliticacba.com\/wp-content\/uploads\/2026\/03\/se-actualizo-el-ranking-atp-los-lugares-que-ocupan-los-argentinos-3.png 25w\" sizes=\"(max-width: 312px) 100vw, 312px\"><\/figure>\n","protected":false},"excerpt":{"rendered":"<p>As\u00ed quedaron los puestos tras la actividad en el Indian Wells. Como todos los lunes, se actualiz\u00f3 el Ranking ATP y a continuaci\u00f3n, repasamos c\u00f3mo quedaron los primeros puestos y el presente de los argentinos. Carlos Alcaraz sigue siendo l\u00edder con 13.550 puntos, seguido por el italiano Jannik Sinner (10.400) y el serbio Novak Djokovic [&hellip;]<\/p>\n","protected":false},"author":1,"featured_media":48547,"comment_status":"closed","ping_status":"closed","sticky":false,"template":"","format":"standard","meta":{"om_disable_all_campaigns":false,"_monsterinsights_skip_tracking":false,"_monsterinsights_sitenote_active":false,"_monsterinsights_sitenote_note":"","_monsterinsights_sitenote_category":0},"categories":[16],"tags":[705,2963,486,1949],"aioseo_notices":[],"_links":{"self":[{"href":"https:\/\/economiapoliticacba.com\/index.php?rest_route=\/wp\/v2\/posts\/48546"}],"collection":[{"href":"https:\/\/economiapoliticacba.com\/index.php?rest_route=\/wp\/v2\/posts"}],"about":[{"href":"https:\/\/economiapoliticacba.com\/index.php?rest_route=\/wp\/v2\/types\/post"}],"author":[{"embeddable":true,"href":"https:\/\/economiapoliticacba.com\/index.php?rest_route=\/wp\/v2\/users\/1"}],"replies":[{"embeddable":true,"href":"https:\/\/economiapoliticacba.com\/index.php?rest_route=%2Fwp%2Fv2%2Fcomments&post=48546"}],"version-history":[{"count":0,"href":"https:\/\/economiapoliticacba.com\/index.php?rest_route=\/wp\/v2\/posts\/48546\/revisions"}],"wp:featuredmedia":[{"embeddable":true,"href":"https:\/\/economiapoliticacba.com\/index.php?rest_route=\/wp\/v2\/media\/48547"}],"wp:attachment":[{"href":"https:\/\/economiapoliticacba.com\/index.php?rest_route=%2Fwp%2Fv2%2Fmedia&parent=48546"}],"wp:term":[{"taxonomy":"category","embeddable":true,"href":"https:\/\/economiapoliticacba.com\/index.php?rest_route=%2Fwp%2Fv2%2Fcategories&post=48546"},{"taxonomy":"post_tag","embeddable":true,"href":"https:\/\/economiapoliticacba.com\/index.php?rest_route=%2Fwp%2Fv2%2Ftags&post=48546"}],"curies":[{"name":"wp","href":"https:\/\/api.w.org\/{rel}","templated":true}]}}