{"id":48525,"date":"2026-03-08T10:26:00","date_gmt":"2026-03-08T10:26:00","guid":{"rendered":"https:\/\/www.iprofesional.com\/politica\/449652-sugestivo-silencio-de-cristina-kirchner-animicamente-golpeada-o-estrategia"},"modified":"2026-03-08T10:26:00","modified_gmt":"2026-03-08T10:26:00","slug":"sugestivo-silencio-de-cristina-kirchner-esta-animicamente-golpeada-o-se-replego-para-contraatacar","status":"publish","type":"post","link":"https:\/\/economiapoliticacba.com\/?p=48525","title":{"rendered":"Sugestivo silencio de Cristina Kirchner: \u00bfest\u00e1 an\u00edmicamente golpeada o se repleg\u00f3 para contraatacar?"},"content":{"rendered":"<div><img src=\"https:\/\/resizer.iproimg.com\/unsafe\/1280x720\/filters:format(webp):quality(75):max_bytes(102400)\/assets.iprofesional.com\/assets\/jpg\/2025\/11\/606845_landscape.jpg\" class=\"ff-og-image-inserted\"><\/div>\n<p>El<a href=\"https:\/\/www.iprofesional.com\/politica\/449194-frases-de-milei-en-el-congreso-elogios-a-sus-ministros-y-fuertes-criticas-al-kirchnerismo\" target=\"_blank\" rel=\"noopener noreferrer\"> furibundo discurso de Javier Milei <\/a>en la apertura de sesiones del Congreso gener\u00f3 comentarios de todo el \u00e1mbito pol\u00edtico y se viraliz\u00f3 en medios del exterior. Pero llam\u00f3 la atenci\u00f3n el hecho de que no haya hablado quien es, precisamente, el blanco preferido de las cr\u00edticas oficialistas:<strong> Cristina Fern\u00e1ndez de Kirchner<\/strong>.<\/p>\n<p>Para sorpresa de todos, <strong>no hubo un &#8220;Che Milei&#8221;<\/strong> firmado por la ex presidente. Y, a esta altura, su mutismo se transform\u00f3 en un hecho pol\u00edtico; hace casi tres meses que no publica sus documentos cr\u00edticos en los que suele <strong>pronosticar un final de caos<\/strong> financiero para la gesti\u00f3n libertaria.<\/p>\n<p>Lo cierto es que, si Cristina quisiera aprovechar la excusa del discurso de Milei para reforzar su v\u00ednculo con la militancia, no le faltar\u00edan argumentos. Para empezar, <a href=\"https:\/\/www.iprofesional.com\/negocios\/449401-la-industria-metalmecanica-argentina-atraviesa-una-crisis-de-ventas\" target=\"_blank\" rel=\"noopener noreferrer\">la crisis de la industria se transform\u00f3 en tema central <\/a>de la agenda, y Milei no s\u00f3lo no la niega sino que afirma que es parte del cambio de paradigma,<span> y que la c\u00fapula industrial estaba complotada con la propia Cristina para desestabilizar al gobierno durante los meses previos a la elecci\u00f3n legislativa de octubre.<\/span><\/p>\n<p>Pero, adem\u00e1s, Cristina tiene m\u00e1s argumentos para criticar al gobierno: el IPC consolida una tendencia alcista, y <a href=\"https:\/\/www.iprofesional.com\/finanzas\/449550-casi-50-economistas-de-la-city-le-pusieron-precio-al-dolar-para-los-proximos-meses\" target=\"_blank\" rel=\"noopener noreferrer\">los economistas que participan en la encuesta REM<\/a> del Banco Central acaban de corregir al alza sus previsiones. Al mismo tiempo, se acumulan siete meses consecutivos de ca\u00edda real en la recaudaci\u00f3n tributaria, lo cual pone una nota de duda sobre la sostenibilidad del equilibrio fiscal, el logro del cual m\u00e1s se enorgullece el Presidente.<\/p>\n<p>Tambi\u00e9n aparecen a diario datos que confirman <a href=\"https:\/\/www.iprofesional.com\/economia\/449508-empresas-se-financian-con-proveedores-y-dejan-de-pagar-los-impuestos\" target=\"_blank\" rel=\"noopener noreferrer\">dificultades en el consumo y en la cadena de pagos<\/a>, de la mano de un nivel r\u00e9cord de mora entre los consumidores. La tasa de inter\u00e9s sigue alta, como consecuencia de la estrategia de <strong>Toto Caputo<\/strong> por financiarse con el mercado interno.<\/p>\n<p><span>Y, a partir de la crisis de Medio Oriente, se complic\u00f3 aun m\u00e1s el acceso al cr\u00e9dito internacional, donde el ministro no podr\u00eda obtener tasas inferiores a 9%. De hecho, el propio Caputo dijo ante un auditorio de empresarios que deben ayudarlo para que los &#8220;d\u00f3lares del colch\u00f3n&#8221; ingresen al sistema bancario.<\/span><\/p>\n<p>Y, como si fuera poco, en estos meses se empieza a sentir con toda plenitud el impacto de la<strong> suba tarifaria<\/strong> en los hogares de clase media que perdieron el subsidio a los servicios p\u00fablicos.<\/p>\n<h2>Un silencio sugestivo<\/h2>\n<p>En s\u00edntesis, est\u00e1n sobre la mesa <strong>todos los temas preferidos de Cristina<\/strong>: los problemas de la deuda,<a href=\"https:\/\/www.iprofesional.com\/economia\/429069-paradoja-del-plan-dolar-colchon-luis-caputo-cumple-sueno-cristina-kirchner\" target=\"_blank\" rel=\"noopener noreferrer\"> las distorsiones de la &#8220;econom\u00eda bimonetaria&#8221;<\/a>, la aceleraci\u00f3n del desempleo y la lentitud para que las inversiones externas se haga notar sobre la econom\u00eda diaria. Y, sobre todo, la acumulaci\u00f3n de varios meses en los que el salario evolucion\u00f3 por debajo de la inflaci\u00f3n.<\/p>\n<p><span>Sin embargo, Cristina no le contest\u00f3 al presidente ni siquiera despu\u00e9s <strong>de la acusaci\u00f3n de intento de golpe<\/strong>, ni respecto de las alusiones personales sobre corrupci\u00f3n y sobre la falta de comprensi\u00f3n de la econom\u00eda.<\/span><\/p>\n<p>M\u00e1s bien, prefiri\u00f3 delegar su defensa en los legisladores de su bloque, que despu\u00e9s de la escandalosa sesi\u00f3n salieron a criticar el discurso presidencial.<\/p>\n<p>Y a esta altura, en el \u00e1mbito pol\u00edtico se plantea el interrogante sobre si la actitud de Cristina <strong>responde a un &#8220;retroceso estrat\u00e9gico&#8221;<\/strong> o si realmente est\u00e1 <strong>golpeada por la sucesi\u00f3n de derrotas pol\u00edticas<\/strong> que el gobierno le inflingi\u00f3 al kirchnerismo en las urnas y en el Congreso.<\/p>\n<p>Podr\u00eda haber un poco de ambas razones. Por un lado, aun con los indicadores econ\u00f3micos negativos de los \u00faltimos tiempos, <strong>la propia CGT <\/strong>concluy\u00f3 que<strong> no hab\u00eda un humor social<\/strong> lo suficientemente preocupado como para<strong> convocar a un segundo paro general <\/strong>contra la reforma laboral.<\/p>\n<p>De manera que, para quien est\u00e1 convencido de que las cosas empeorar\u00e1n para Milei, tiene sentido esperar un momento m\u00e1s oportuno para pasar al ataque.<\/p>\n<h2>Otra vez, el ejemplo de Lula<\/h2>\n<p>Pero el hecho de que no haya respondido directamente a Milei no significa que Cristina no est\u00e9 activa pol\u00edticamente.<span> M\u00e1s bien al contrario, est\u00e1 en un momento de planificaci\u00f3n estrat\u00e9gica con la mira puesta en la elecci\u00f3n de 2027.<\/span><\/p>\n<p>Y fue sugestiva, aunque haya pasado algo inadvertida, <a href=\"https:\/\/www.iprofesional.com\/politica\/447769-pichetto-acuso-al-gobierno-de-ejecutar-un-plan-deliberado-para-destruir-la-industria\" target=\"_blank\" rel=\"noopener noreferrer\">la reuni\u00f3n en San Jos\u00e9 1111 con el diputado Miguel Angel Pichetto<\/a>, el legendario estratega del peronismo en el Congreso, que pas\u00f3 de ser la principal espada K durante el hist\u00f3rico conflicto con los productores sojeros, a posicionarse como &#8220;dador de convertibilidad&#8221; para<strong> Mauricio Macri<\/strong>, al punto de acompa\u00f1arlo como vice en la f\u00f3rmula electoral de 2019.<\/p>\n<p>Despu\u00e9s de una d\u00e9cada sin hablarse, Pichetto y Cristina hablaron sobre el futuro del peronismo. Seg\u00fan el diputado, no hubo reproches ni pases de facturas. M\u00e1s bien, un an\u00e1lisis sobre c\u00f3mo recuperar el protagonismo pol\u00edtico y la confianza de los votantes que se sintieron defraudados tras la gesti\u00f3n de<strong> Alberto Fern\u00e1ndez.<\/strong><\/p>\n<p>Pichetto calific\u00f3 de &#8220;fraternal&#8221; el encuentro, y present\u00f3 un plan que a Cristina siempre le cae bien:<strong> seguir la estrategia de Lula da Silva<\/strong>. Ya Cristina hab\u00eda tenido muy en cuenta las <a href=\"https:\/\/www.iprofesional.com\/politica\/375254-el-gran-objetivo-del-kirchnerismo-con-lula-como-lider-de-brasil\" target=\"_blank\" rel=\"noopener noreferrer\">similitudes de su situaci\u00f3n judicial con la que hab\u00eda sufrido el presidente brasile\u00f1o<\/a> -que pas\u00f3 19 meses preso por corrupci\u00f3n hasta que el juicio fue considerado nulo por vicios procesales-.<\/p>\n<p><span>Y, esta vez, el l\u00edder del PT brasile\u00f1o vuelve a ser puesto como ejemplo.<\/span> Cristina est\u00e1 considerando la conformaci\u00f3n de un gran frente opositor, que incluya a todos los sectores del peronismo y tambi\u00e9n a otros sectores cr\u00edticos de la gesti\u00f3n de Milei. Y realizar una campa\u00f1a como la de Lula en 2022, para la cual&nbsp;<strong>convoc\u00f3 a un ex rival<\/strong> -el socialdem\u00f3crata<strong> Gerardo Alckmin<\/strong>&#8211; como compa\u00f1ero de f\u00f3rmula y derrot\u00f3 a<strong> Jair Bolsonaro<\/strong> con un mensaje que plante\u00f3<strong> la disyuntiva entre democracia y autoritarismo<\/strong>.<\/p>\n<h2>Preparando la estrategia<\/h2>\n<p>Claro que la propia Cristina deber\u00e1 hacer un proceso personal para abandonar algunos de sus lemas preferidos, ya que seg\u00fan Pichetto debe<strong> plantearse &#8220;una nueva est\u00e9tica&#8221;<\/strong>. <span>Eso implica abandonar el lenguaje de la izquierda setentista y no insistir con &#8220;paparruchadas&#8221; como el intervencionismo econ\u00f3mico ni &#8220;el Estado presente&#8221;.<\/span><\/p>\n<p>Antes de eso, <strong>Cristina hab\u00eda recibido a un grupo de economistas j\u00f3venes<\/strong> que le presentaron documentos con propuestas con vistas a la formulaci\u00f3n de un programa de gobierno donde se incorpore la responsabilidad fiscal y la preocupaci\u00f3n por la inflaci\u00f3n.<span> La intenci\u00f3n es que esos puntos dejen de ser banderas &#8220;de la derecha&#8221; y formen parte de la nueva etapa peronista.<\/span><\/p>\n<p>No ser\u00e1 f\u00e1cil el cambio de estilo para la militancia de<strong> La C\u00e1mpora, <\/strong>como tampoco ser\u00e1 sencillo aceptar que sean parte de ese &#8220;frente nacional&#8221; los gobernadores peronistas que le prestaron sus votos a Milei en el Congreso para que se aprobara su agenda de reformas.<\/p>\n<p>Sin embargo, los antecedentes marcan que, a la hora de disputar una elecci\u00f3n, Cristina puede firmar las paces con sus enemigos del pasado. Ya ocurri\u00f3 en 2019, cuando pact\u00f3 una tregua con <strong>Sergio Massa y el clan Moyano<\/strong>, sus m\u00e1s fuertes opositores durante el segundo mandato.<\/p>\n<p>Y ahora, con m\u00e1s raz\u00f3n que en aquel momento, Cristina tiene un fuerte incentivo para que el peronismo gane la elecci\u00f3n<span>. Un incentivo que no tiene que ver tanto con lo pol\u00edtico sino con su propia situaci\u00f3n judicial.<\/span><\/p>\n<p>Despu\u00e9s de <strong>la amenaza expl\u00edcita de Milei <\/strong>en el Congreso, donde ya adelant\u00f3 que habr\u00e1<strong> una nueva sentencia condenatoria <\/strong>contra Cristina por la causa de &#8220;los cuadernos de las coimas&#8221;, se reforz\u00f3 m\u00e1s que nunca la visi\u00f3n de que no ser\u00e1 por la v\u00eda judicial sino por la v\u00eda pol\u00edtica que la ex presidente pueda cambiar su situaci\u00f3n.<\/p>\n<p>Tampoco ese objetivo es f\u00e1cil, porque implica el compromiso del nuevo frente de abroquelarse tras la consigna de &#8220;Cristina libre&#8221;. Fue notoria <a href=\"https:\/\/www.iprofesional.com\/politica\/449579-nueva-encuesta-una-ventaja-y-una-desventaja-para-milei-entre-kicillof-y-villarruel\" target=\"_blank\" rel=\"noopener noreferrer\">la incomodidad del gobernador bonaerense, Axel Kicillof,<\/a> cuando en una entrevista la preguntaron<strong> si otorgar\u00eda un indulto para CFK <\/strong>en caso de llegar a la Casa Rosada, y el precandidato dio una respuesta ambigua.<\/p>\n<h2>El tema judicial, en el centro<\/h2>\n<p>La etapa de <a href=\"https:\/\/www.iprofesional.com\/politica\/447366-causa-cuadernos-se-reanuda-el-juicio-y-la-defensa-de-cristina-kirchner-pedira-la-nulidad\" target=\"_blank\" rel=\"noopener noreferrer\">juicio oral por la &#8220;causa cuadernos&#8221; <\/a>comenz\u00f3 en noviembre, y en los pasillos del poder Judicial se estima que antes de fin de a\u00f1o podr\u00eda haber una sentencia de primera instancia, probablemente condenatoria y que ser\u00e1 apelada por los abogados de Cristina hasta que llegue <strong>a la instancia de la Corte Suprema de Justicia<\/strong>.<\/p>\n<p>Mientras tanto, en el \u00e1mbito pol\u00edtico todav\u00eda es materia de debate cu\u00e1l ser\u00e1 la consecuencia del nombramiento de <strong>Juan Bautista Mahiques<\/strong> como nuevo ministro de Justicia. Por lo pronto, su primera acci\u00f3n importante ser\u00e1<a href=\"https:\/\/www.iprofesional.com\/politica\/449540-como-es-el-plan-de-milei-para-nombrar-mas-de-200-nuevos-jueces\" target=\"_blank\" rel=\"noopener noreferrer\"> el env\u00edo de pliegos al Senado para cubrir vacantes en juzgados<\/a>. Implica el nombramiento de 200 jueces, lo cual tendr\u00e1 un impacto, entre otros temas, sobre la defensa de la agenda reformista del gobierno.<\/p>\n<p><span>Pero las especulaciones est\u00e1n a la orden del d\u00eda, desde un posible intento de Milei por reformar la Constituci\u00f3n hasta <strong>el dise\u00f1o de un blindaje judicial <\/strong>para el caso de que, en un eventual gobierno peronista, las acusaciones de corrupci\u00f3n -como la estafa de la criptomoneda Libra- se vuelvan en su contra.<\/span><\/p>\n<p><span>En la interna oficialista, el nombramiento de Mahiques supone un recorte de poder para <strong>Santiago Caputo<\/strong>, algo que, a primera vista, podr\u00eda ser visto como una buena noticia para CFK.<\/span><\/p>\n<p>Desde su departamento\/bunker\/prisi\u00f3n de San Jos\u00e9 1111, Cristina analiza la situaci\u00f3n. Y espera el momento para decidir su pr\u00f3ximo &#8220;Che Milei&#8221;.<\/p>\n","protected":false},"excerpt":{"rendered":"<p>El furibundo discurso de Javier Milei en la apertura de sesiones del Congreso gener\u00f3 comentarios de todo el \u00e1mbito pol\u00edtico y se viraliz\u00f3 en medios del exterior. Pero llam\u00f3 la atenci\u00f3n el hecho de que no haya hablado quien es, precisamente, el blanco preferido de las cr\u00edticas oficialistas: Cristina Fern\u00e1ndez de Kirchner. Para sorpresa de [&hellip;]<\/p>\n","protected":false},"author":1,"featured_media":0,"comment_status":"closed","ping_status":"closed","sticky":false,"template":"","format":"standard","meta":{"om_disable_all_campaigns":false,"_monsterinsights_skip_tracking":false,"_monsterinsights_sitenote_active":false,"_monsterinsights_sitenote_note":"","_monsterinsights_sitenote_category":0},"categories":[17],"tags":[],"aioseo_notices":[],"_links":{"self":[{"href":"https:\/\/economiapoliticacba.com\/index.php?rest_route=\/wp\/v2\/posts\/48525"}],"collection":[{"href":"https:\/\/economiapoliticacba.com\/index.php?rest_route=\/wp\/v2\/posts"}],"about":[{"href":"https:\/\/economiapoliticacba.com\/index.php?rest_route=\/wp\/v2\/types\/post"}],"author":[{"embeddable":true,"href":"https:\/\/economiapoliticacba.com\/index.php?rest_route=\/wp\/v2\/users\/1"}],"replies":[{"embeddable":true,"href":"https:\/\/economiapoliticacba.com\/index.php?rest_route=%2Fwp%2Fv2%2Fcomments&post=48525"}],"version-history":[{"count":0,"href":"https:\/\/economiapoliticacba.com\/index.php?rest_route=\/wp\/v2\/posts\/48525\/revisions"}],"wp:attachment":[{"href":"https:\/\/economiapoliticacba.com\/index.php?rest_route=%2Fwp%2Fv2%2Fmedia&parent=48525"}],"wp:term":[{"taxonomy":"category","embeddable":true,"href":"https:\/\/economiapoliticacba.com\/index.php?rest_route=%2Fwp%2Fv2%2Fcategories&post=48525"},{"taxonomy":"post_tag","embeddable":true,"href":"https:\/\/economiapoliticacba.com\/index.php?rest_route=%2Fwp%2Fv2%2Ftags&post=48525"}],"curies":[{"name":"wp","href":"https:\/\/api.w.org\/{rel}","templated":true}]}}