{"id":48519,"date":"2026-03-07T23:47:00","date_gmt":"2026-03-07T23:47:00","guid":{"rendered":"https:\/\/economiapoliticacba.com\/?p=48519"},"modified":"2026-03-07T23:47:00","modified_gmt":"2026-03-07T23:47:00","slug":"inicio-caliente-de-los-precios-en-marzo-y-el-pronostico-de-que-el-ipc-comience-con-3","status":"publish","type":"post","link":"https:\/\/economiapoliticacba.com\/?p=48519","title":{"rendered":"Inicio caliente de los precios en marzo y el pron\u00f3stico de que el IPC &#8220;comience con 3&#8221;"},"content":{"rendered":"<div><img src=\"http:\/\/economiapoliticacba.com\/wp-content\/uploads\/2026\/03\/inicio-caliente-de-los-precios-en-marzo-y-el-pronostico-de-que-el-ipc-comience-con-3.png\" class=\"ff-og-image-inserted\"><\/div>\n<p>Mientras que este jueves el Ineec publicar\u00e1 la inflaci\u00f3n de febrero, que entre las consultoras estiman similar a enero (que dio 2,95%), <strong>ya empiezan a circular las primeras mediciones de lo que es marzo<\/strong>, un mes estacionalmente inflacionario (el inicio del ciclo escolar, el cambio de temporada en indumentaria y el fin de las vacaciones impulsan aumentos en educaci\u00f3n, ropa y servicios). As\u00ed, algunas consultoras -con datos a la primera semana de marzo- muestran que los precios siguieron mostrando un comportamiento al alza pero m\u00e1s contenidos.&nbsp; <\/p>\n<p><mark class=\"marker-yellow\">Desde la consultora LCG se\u00f1alaron que en la primera semana de marzo el rubro &#8220;alimentos y bebidas&#8221; aument\u00f3 1,6% contra una semana atr\u00e1s. &#8220;Sucede despu\u00e9s de una semana sin inflaci\u00f3n en el rubro&#8221;, dicen.<\/mark> <\/p>\n<p>As\u00ed, la inflaci\u00f3n mensual promedio de las \u00faltimas 4 semanas desaceler\u00f3 0,2 puntos a 4%,<br \/>pero todav\u00eda muy por encima del promedio de meses anteriores. Seg\u00fan la consultora, m\u00e1s de 2\/3 de la inflaci\u00f3n semanal la explicaron los aumentos de &#8220;carnes y bebidas&#8221;, aportando 1,1 puntos porcentuales. Y agregan que &#8220;bebidas, carnes y panificados&#8221; aumentan por encima del 5% en el mes.&nbsp; <\/p>\n<p>Para la consultora <strong>Equilibra<\/strong>, la variaci\u00f3n de la primera semana de marzo marc\u00f3 un aumento de 1,7%. &#8220;Seg\u00fan nuestras estimaciones, en la primera semana del mes la inflaci\u00f3n semanal fue 1,7% (+0,4 puntos versus la primera semana de febrero).&nbsp;En el desagregado, los precios regulados ascendieron 2,5% impulsados por transporte p\u00fablico y tarifas energ\u00e9ticas, mientras que a\u00fan no se observa un impacto del shock internacional en el precio de la nafta local&#8221;, sostiene la consultora de <strong>Mart\u00edn Rapetti<\/strong>. &nbsp; <\/p>\n<p>La novedad de la semana es que la inflaci\u00f3n n\u00facleo escal\u00f3 1,8%, por fuertes alzas en &#8220;educaci\u00f3n y carnes&#8221;, las cuales aportaron 0,4 puntos y 0,3 puntos de la inflaci\u00f3n semanal, respectivamente. Y dicen que los precios estacionales descendieron 0,7% por estabilidad en indumentaria (aunque se avecina la temporada oto\u00f1o-invierno) y bajas en frutas y verduras.&nbsp; <\/p>\n<p>En cuanto a la inflaci\u00f3n de marzo, <strong>Equilibra <\/strong>dice que &#8220;lo m\u00e1s probable es que la inflaci\u00f3n de marzo arranque con 3&#8221;.&nbsp; <\/p>\n<ul>\n<li>Para la consultora <strong>Analytica<\/strong>, de Ricardo Delgado, la proyecci\u00f3n de IPC para este mes est\u00e1 en torno al 2,8%.&nbsp;<\/li>\n<\/ul>\n<p>El REM ya ven\u00eda mostrando un alza en las expectativas de inflaci\u00f3n mensual: un corrimiento paralelo para todos los meses futuros. Pero en esa suba se manten\u00eda una curva descendente que indicaba desinflaci\u00f3n. En el <strong>mercado de bonos<\/strong>, con datos m\u00e1s recientes, ya se observa una curva plana que indica cierto escepticismo en la reducci\u00f3n de tasas y de inflaci\u00f3n. <\/p>\n<p><mark class=\"marker-yellow\">De hecho, en el \u00faltimo relevamiento del Central las expectativas de inflaci\u00f3n volvieron a corregirse al alza: la suba de precios reci\u00e9n perforar\u00eda el umbral del 2% mensual a partir de mayo.<\/mark><\/p>\n<p>El informe, elaborado con la participaci\u00f3n de 46 especialistas \u2014entre consultoras, centros de investigaci\u00f3n y entidades financieras\u2014 anticipa que el \u00edndice de inflaci\u00f3n de febrero se ubicar\u00eda en 2,7%, por debajo del 2,9% registrado en enero, aunque con una revisi\u00f3n al alza respecto de la estimaci\u00f3n anterior. <\/p>\n<p>Seg\u00fan el relevamiento, <mark class=\"marker-yellow\">la inflaci\u00f3n n\u00facleo \u2014que excluye precios regulados y estacionales\u2014 alcanzar\u00eda el 2,5% en febrero<\/mark>, tambi\u00e9n con una correcci\u00f3n de 0,4 puntos porcentuales frente al REM previo.<\/p>\n<p><mark class=\"marker-yellow\">Los analistas proyectan que el ritmo de aumento de precios continuar\u00e1 desaceler\u00e1ndose de forma gradual durante el a\u00f1o. En ese escenario, el \u00edndice de inflaci\u00f3n reci\u00e9n se ubicar\u00eda por debajo del 2% mensual en mayo. Para agosto, la fecha que Javier Milei puso para que el IPC empiece &#8220;con cero&#8221;, el mercado estima 1,5%.&nbsp;<\/mark><\/p>\n<p>Para el cierre de 2026, el consenso de los analistas prev\u00e9 que la inflaci\u00f3n acumulada se ubique en torno al 26,1% anual, consolidando un sendero descendente en comparaci\u00f3n con los registros de a\u00f1os anteriores, pero mucho m\u00e1s lento de lo que estimaba el Gobierno. <\/p>\n","protected":false},"excerpt":{"rendered":"<p>Mientras que este jueves el Ineec publicar\u00e1 la inflaci\u00f3n de febrero, que entre las consultoras estiman similar a enero (que dio 2,95%), ya empiezan a circular las primeras mediciones de lo que es marzo, un mes estacionalmente inflacionario (el inicio del ciclo escolar, el cambio de temporada en indumentaria y el fin de las vacaciones [&hellip;]<\/p>\n","protected":false},"author":1,"featured_media":48520,"comment_status":"closed","ping_status":"closed","sticky":false,"template":"","format":"standard","meta":{"om_disable_all_campaigns":false,"_monsterinsights_skip_tracking":false,"_monsterinsights_sitenote_active":false,"_monsterinsights_sitenote_note":"","_monsterinsights_sitenote_category":0},"categories":[17],"tags":[],"aioseo_notices":[],"_links":{"self":[{"href":"https:\/\/economiapoliticacba.com\/index.php?rest_route=\/wp\/v2\/posts\/48519"}],"collection":[{"href":"https:\/\/economiapoliticacba.com\/index.php?rest_route=\/wp\/v2\/posts"}],"about":[{"href":"https:\/\/economiapoliticacba.com\/index.php?rest_route=\/wp\/v2\/types\/post"}],"author":[{"embeddable":true,"href":"https:\/\/economiapoliticacba.com\/index.php?rest_route=\/wp\/v2\/users\/1"}],"replies":[{"embeddable":true,"href":"https:\/\/economiapoliticacba.com\/index.php?rest_route=%2Fwp%2Fv2%2Fcomments&post=48519"}],"version-history":[{"count":0,"href":"https:\/\/economiapoliticacba.com\/index.php?rest_route=\/wp\/v2\/posts\/48519\/revisions"}],"wp:featuredmedia":[{"embeddable":true,"href":"https:\/\/economiapoliticacba.com\/index.php?rest_route=\/wp\/v2\/media\/48520"}],"wp:attachment":[{"href":"https:\/\/economiapoliticacba.com\/index.php?rest_route=%2Fwp%2Fv2%2Fmedia&parent=48519"}],"wp:term":[{"taxonomy":"category","embeddable":true,"href":"https:\/\/economiapoliticacba.com\/index.php?rest_route=%2Fwp%2Fv2%2Fcategories&post=48519"},{"taxonomy":"post_tag","embeddable":true,"href":"https:\/\/economiapoliticacba.com\/index.php?rest_route=%2Fwp%2Fv2%2Ftags&post=48519"}],"curies":[{"name":"wp","href":"https:\/\/api.w.org\/{rel}","templated":true}]}}