{"id":48517,"date":"2026-03-06T22:06:18","date_gmt":"2026-03-06T22:06:18","guid":{"rendered":"https:\/\/www.clubtalleres.com.ar\/?p=206843"},"modified":"2026-03-06T22:06:18","modified_gmt":"2026-03-06T22:06:18","slug":"talleres-entreno-pensando-en-instituto","status":"publish","type":"post","link":"https:\/\/economiapoliticacba.com\/?p=48517","title":{"rendered":"Talleres entren\u00f3 pensando en Instituto"},"content":{"rendered":"<div><img src=\"http:\/\/economiapoliticacba.com\/wp-content\/uploads\/2026\/03\/talleres-entreno-pensando-en-instituto.jpg\" class=\"ff-og-image-inserted\"><\/div>\n<p>Por la Fecha 10 de Torneo Apertura Mercado Libre, El Matador recibir\u00e1 al elenco albirrojo el jueves 12 de marzo a las 19.15 hs en el Estadio Mario Alberto Kempes.<\/p>\n<p>Para dicho compromiso, Talleres entren\u00f3 a lo largo de toda esta semana en el Centro de Alto Rendimiento Deportivo Amadeo Nuccetelli. Este s\u00e1bado, el plantel tendr\u00e1 jornada de descanso y ya desde el domingo retomar\u00e1 las pr\u00e1cticas para continuar con la preparaci\u00f3n de cara al cotejo del jueves.<\/p>\n<p>El regreso a los entrenamientos se llevar\u00e1 a cabo por la ma\u00f1ana de este domingo. Luego, Talleres entrenar\u00e1 lunes, martes y mi\u00e9rcoles, d\u00eda en el que ya quedar\u00e1 concentrado a la espera de un nuevo cotejo oficial por la Liga Profesional de F\u00fatbol.<\/p>\n","protected":false},"excerpt":{"rendered":"<p>Por la Fecha 10 de Torneo Apertura Mercado Libre, El Matador recibir\u00e1 al elenco albirrojo el jueves 12 de marzo a las 19.15 hs en el Estadio Mario Alberto Kempes. Para dicho compromiso, Talleres entren\u00f3 a lo largo de toda esta semana en el Centro de Alto Rendimiento Deportivo Amadeo Nuccetelli. Este s\u00e1bado, el plantel [&hellip;]<\/p>\n","protected":false},"author":1,"featured_media":48518,"comment_status":"closed","ping_status":"closed","sticky":false,"template":"","format":"standard","meta":{"om_disable_all_campaigns":false,"_monsterinsights_skip_tracking":false,"_monsterinsights_sitenote_active":false,"_monsterinsights_sitenote_note":"","_monsterinsights_sitenote_category":0},"categories":[16],"tags":[],"aioseo_notices":[],"_links":{"self":[{"href":"https:\/\/economiapoliticacba.com\/index.php?rest_route=\/wp\/v2\/posts\/48517"}],"collection":[{"href":"https:\/\/economiapoliticacba.com\/index.php?rest_route=\/wp\/v2\/posts"}],"about":[{"href":"https:\/\/economiapoliticacba.com\/index.php?rest_route=\/wp\/v2\/types\/post"}],"author":[{"embeddable":true,"href":"https:\/\/economiapoliticacba.com\/index.php?rest_route=\/wp\/v2\/users\/1"}],"replies":[{"embeddable":true,"href":"https:\/\/economiapoliticacba.com\/index.php?rest_route=%2Fwp%2Fv2%2Fcomments&post=48517"}],"version-history":[{"count":0,"href":"https:\/\/economiapoliticacba.com\/index.php?rest_route=\/wp\/v2\/posts\/48517\/revisions"}],"wp:featuredmedia":[{"embeddable":true,"href":"https:\/\/economiapoliticacba.com\/index.php?rest_route=\/wp\/v2\/media\/48518"}],"wp:attachment":[{"href":"https:\/\/economiapoliticacba.com\/index.php?rest_route=%2Fwp%2Fv2%2Fmedia&parent=48517"}],"wp:term":[{"taxonomy":"category","embeddable":true,"href":"https:\/\/economiapoliticacba.com\/index.php?rest_route=%2Fwp%2Fv2%2Fcategories&post=48517"},{"taxonomy":"post_tag","embeddable":true,"href":"https:\/\/economiapoliticacba.com\/index.php?rest_route=%2Fwp%2Fv2%2Ftags&post=48517"}],"curies":[{"name":"wp","href":"https:\/\/api.w.org\/{rel}","templated":true}]}}