{"id":48487,"date":"2026-03-08T03:15:45","date_gmt":"2026-03-08T03:15:45","guid":{"rendered":"https:\/\/canalshowsport.com.ar\/?p=38375"},"modified":"2026-03-08T03:15:45","modified_gmt":"2026-03-08T03:15:45","slug":"derrota-de-los-pumas-7s-ante-francia-como-siguen-en-el-seven-de-vancouver","status":"publish","type":"post","link":"https:\/\/economiapoliticacba.com\/?p=48487","title":{"rendered":"Derrota de Los Pumas 7s ante Francia: c\u00f3mo siguen en el Seven de Vancouver"},"content":{"rendered":"<div><img src=\"http:\/\/economiapoliticacba.com\/wp-content\/uploads\/2026\/03\/derrota-de-los-pumas-7s-ante-francia-como-siguen-en-el-seven-de-vancouver.png\" class=\"ff-og-image-inserted\"><\/div>\n<div class=\"single-excerpt\" readability=\"7\">\n<p>El combinado argentino quedaron fuera de la lucha por el t\u00edtulo. <\/p>\n<\/div>\n<p>Fin de la jornada para <strong>Los Pumas 7s<\/strong>. En su \u00faltimo partido de este s\u00e1bado, <strong>perdieron 28-12 ante Francia <\/strong>y quedaron fuera de la lucha por el t\u00edtulo en Vancouver.<\/p>\n<p>Con este resultado, el elenco argentino disputar\u00e1 las semifinales por el quinto puesto con rival a definir.<\/p>\n<p>Recordemos que anteriormente se encontraron con la<strong><a href=\"https:\/\/canalshowsport.com.ar\/los-pumas-seven-cayeron-ante-australia-en-su-debut-en-vancouver\/\" data-type=\"link\" data-id=\"https:\/\/canalshowsport.com.ar\/los-pumas-seven-cayeron-ante-australia-en-su-debut-en-vancouver\/\"> derrota ante Australia <\/a><\/strong>y la<strong><a href=\"https:\/\/canalshowsport.com.ar\/los-pumas-7s-derrotaron-a-fiji-y-van-por-francia-para-meterse-en-semifinales\/\" data-type=\"link\" data-id=\"https:\/\/canalshowsport.com.ar\/los-pumas-7s-derrotaron-a-fiji-y-van-por-francia-para-meterse-en-semifinales\/\"> victoria ante Fiji<\/a><\/strong>. <\/p>\n<p><strong>Formaci\u00f3n inicial<\/strong>: 5. Martiniano Arrieta, 3. Santino Zangara, 1. Matteo Graziano, 11. Luciano Gonz\u00e1lez, 9. Pedro de Haro, 13. Marcos Moneta, 6. Santiago \u00c1lvarez (C). <strong>Ingresaron<\/strong>: 7. Lautaro Baz\u00e1n V\u00e9lez, 20. Valent\u00edn Maldonado Castro, 2. Santiago Vera Feld, 15. Juan Patricio Batac.<\/p>\n<figure class=\"wp-block-embed is-type-wp-embed is-provider-canal-showsport wp-block-embed-canal-showsport\"><\/figure>\n","protected":false},"excerpt":{"rendered":"<p>El combinado argentino quedaron fuera de la lucha por el t\u00edtulo. Fin de la jornada para Los Pumas 7s. En su \u00faltimo partido de este s\u00e1bado, perdieron 28-12 ante Francia y quedaron fuera de la lucha por el t\u00edtulo en Vancouver. Con este resultado, el elenco argentino disputar\u00e1 las semifinales por el quinto puesto con [&hellip;]<\/p>\n","protected":false},"author":1,"featured_media":48488,"comment_status":"closed","ping_status":"closed","sticky":false,"template":"","format":"standard","meta":{"om_disable_all_campaigns":false,"_monsterinsights_skip_tracking":false,"_monsterinsights_sitenote_active":false,"_monsterinsights_sitenote_note":"","_monsterinsights_sitenote_category":0},"categories":[16],"tags":[97,324,3237,83],"aioseo_notices":[],"_links":{"self":[{"href":"https:\/\/economiapoliticacba.com\/index.php?rest_route=\/wp\/v2\/posts\/48487"}],"collection":[{"href":"https:\/\/economiapoliticacba.com\/index.php?rest_route=\/wp\/v2\/posts"}],"about":[{"href":"https:\/\/economiapoliticacba.com\/index.php?rest_route=\/wp\/v2\/types\/post"}],"author":[{"embeddable":true,"href":"https:\/\/economiapoliticacba.com\/index.php?rest_route=\/wp\/v2\/users\/1"}],"replies":[{"embeddable":true,"href":"https:\/\/economiapoliticacba.com\/index.php?rest_route=%2Fwp%2Fv2%2Fcomments&post=48487"}],"version-history":[{"count":0,"href":"https:\/\/economiapoliticacba.com\/index.php?rest_route=\/wp\/v2\/posts\/48487\/revisions"}],"wp:featuredmedia":[{"embeddable":true,"href":"https:\/\/economiapoliticacba.com\/index.php?rest_route=\/wp\/v2\/media\/48488"}],"wp:attachment":[{"href":"https:\/\/economiapoliticacba.com\/index.php?rest_route=%2Fwp%2Fv2%2Fmedia&parent=48487"}],"wp:term":[{"taxonomy":"category","embeddable":true,"href":"https:\/\/economiapoliticacba.com\/index.php?rest_route=%2Fwp%2Fv2%2Fcategories&post=48487"},{"taxonomy":"post_tag","embeddable":true,"href":"https:\/\/economiapoliticacba.com\/index.php?rest_route=%2Fwp%2Fv2%2Ftags&post=48487"}],"curies":[{"name":"wp","href":"https:\/\/api.w.org\/{rel}","templated":true}]}}