{"id":48469,"date":"2026-03-07T14:29:44","date_gmt":"2026-03-07T14:29:44","guid":{"rendered":"https:\/\/canalshowsport.com.ar\/?p=38249"},"modified":"2026-03-07T14:29:44","modified_gmt":"2026-03-07T14:29:44","slug":"fin-del-invicto-dogos-xv-perdio-con-tarucas-de-tucuman","status":"publish","type":"post","link":"https:\/\/economiapoliticacba.com\/?p=48469","title":{"rendered":"Fin del invicto: Dogos XV perdi\u00f3 con Tarucas de Tucum\u00e1n"},"content":{"rendered":"<div class=\"single-excerpt\" readability=\"9\">\n<p>La franquicia cordobesa cay\u00f3 en la &#8220;Caldera del Parque&#8221;, en la fecha tres del S\u00faper Rugby Am\u00e9ricas.<\/p>\n<\/div>\n<p>En la noche del viernes, <strong>Dogos XV<\/strong> <strong>fue superado por Tarucas por un ajustado 29-26<\/strong>, en el encuentro correspondiente a la tercera jornada del <strong>S\u00faper Rugby Am\u00e9ricas<\/strong>. El partido se disput\u00f3 en la &#8220;Caldera del Parque&#8221; de Tucum\u00e1n, donde la franquicia cordobesa no pudo sostener la ventaja y termin\u00f3 perdiendo el invicto en la competencia.<\/p>\n<p>Dogos XV comenz\u00f3 mejor el encuentro y se fue al descanso arriba en el marcador por <strong>19-12<\/strong>. Sin embargo, en el complemento, Tarucas lo dio vuelta y se qued\u00f3 con la victoria por <strong>29-26<\/strong>.<\/p>\n<div class=\"wp-block-image\">\n<figure class=\"aligncenter size-full\"><img loading=\"lazy\" decoding=\"async\" width=\"1080\" height=\"1080\" src=\"http:\/\/economiapoliticacba.com\/wp-content\/uploads\/2026\/03\/fin-del-invicto-dogos-xv-perdio-con-tarucas-de-tucuman.jpg\" alt class=\"wp-image-38252\" srcset=\"http:\/\/economiapoliticacba.com\/wp-content\/uploads\/2026\/03\/fin-del-invicto-dogos-xv-perdio-con-tarucas-de-tucuman.jpg 1080w, http:\/\/economiapoliticacba.com\/wp-content\/uploads\/2026\/03\/fin-del-invicto-dogos-xv-perdio-con-tarucas-de-tucuman-1.jpg 768w, http:\/\/economiapoliticacba.com\/wp-content\/uploads\/2026\/03\/fin-del-invicto-dogos-xv-perdio-con-tarucas-de-tucuman-2.jpg 24w, http:\/\/economiapoliticacba.com\/wp-content\/uploads\/2026\/03\/fin-del-invicto-dogos-xv-perdio-con-tarucas-de-tucuman-3.jpg 36w, http:\/\/economiapoliticacba.com\/wp-content\/uploads\/2026\/03\/fin-del-invicto-dogos-xv-perdio-con-tarucas-de-tucuman-4.jpg 48w, http:\/\/economiapoliticacba.com\/wp-content\/uploads\/2026\/03\/fin-del-invicto-dogos-xv-perdio-con-tarucas-de-tucuman-5.jpg 75w, http:\/\/economiapoliticacba.com\/wp-content\/uploads\/2026\/03\/fin-del-invicto-dogos-xv-perdio-con-tarucas-de-tucuman-6.jpg 350w, http:\/\/economiapoliticacba.com\/wp-content\/uploads\/2026\/03\/fin-del-invicto-dogos-xv-perdio-con-tarucas-de-tucuman-7.jpg 750w\" sizes=\"(max-width: 1080px) 100vw, 1080px\"><figcaption class=\"wp-element-caption\"><em>Foto: Christian Mas \/ cm6.ph<\/em><\/figcaption><\/figure>\n<\/div>\n<p>Con esto el equipo cordob\u00e9s cort\u00f3 la racha de dos triunfos consecutivos en el inicio del torneo, tras ganarle a Cobras de Brasil por 21-19 en el debut y a Pampas por 36-34.<\/p>\n<p>Tras este traspi\u00e9, el pr\u00f3ximo desaf\u00edo de Dogos ser\u00e1 el s\u00e1bado 14 de marzo frente a Selknam de Chile, en la Cancha de C\u00f3rdoba Athletic.<\/p>\n","protected":false},"excerpt":{"rendered":"<p>La franquicia cordobesa cay\u00f3 en la &#8220;Caldera del Parque&#8221;, en la fecha tres del S\u00faper Rugby Am\u00e9ricas. En la noche del viernes, Dogos XV fue superado por Tarucas por un ajustado 29-26, en el encuentro correspondiente a la tercera jornada del S\u00faper Rugby Am\u00e9ricas. El partido se disput\u00f3 en la &#8220;Caldera del Parque&#8221; de Tucum\u00e1n, [&hellip;]<\/p>\n","protected":false},"author":1,"featured_media":48470,"comment_status":"closed","ping_status":"closed","sticky":false,"template":"","format":"standard","meta":{"om_disable_all_campaigns":false,"_monsterinsights_skip_tracking":false,"_monsterinsights_sitenote_active":false,"_monsterinsights_sitenote_note":"","_monsterinsights_sitenote_category":0},"categories":[16],"tags":[801,83,587,2689],"aioseo_notices":[],"_links":{"self":[{"href":"https:\/\/economiapoliticacba.com\/index.php?rest_route=\/wp\/v2\/posts\/48469"}],"collection":[{"href":"https:\/\/economiapoliticacba.com\/index.php?rest_route=\/wp\/v2\/posts"}],"about":[{"href":"https:\/\/economiapoliticacba.com\/index.php?rest_route=\/wp\/v2\/types\/post"}],"author":[{"embeddable":true,"href":"https:\/\/economiapoliticacba.com\/index.php?rest_route=\/wp\/v2\/users\/1"}],"replies":[{"embeddable":true,"href":"https:\/\/economiapoliticacba.com\/index.php?rest_route=%2Fwp%2Fv2%2Fcomments&post=48469"}],"version-history":[{"count":0,"href":"https:\/\/economiapoliticacba.com\/index.php?rest_route=\/wp\/v2\/posts\/48469\/revisions"}],"wp:featuredmedia":[{"embeddable":true,"href":"https:\/\/economiapoliticacba.com\/index.php?rest_route=\/wp\/v2\/media\/48470"}],"wp:attachment":[{"href":"https:\/\/economiapoliticacba.com\/index.php?rest_route=%2Fwp%2Fv2%2Fmedia&parent=48469"}],"wp:term":[{"taxonomy":"category","embeddable":true,"href":"https:\/\/economiapoliticacba.com\/index.php?rest_route=%2Fwp%2Fv2%2Fcategories&post=48469"},{"taxonomy":"post_tag","embeddable":true,"href":"https:\/\/economiapoliticacba.com\/index.php?rest_route=%2Fwp%2Fv2%2Ftags&post=48469"}],"curies":[{"name":"wp","href":"https:\/\/api.w.org\/{rel}","templated":true}]}}