{"id":48454,"date":"2026-03-06T22:11:49","date_gmt":"2026-03-06T22:11:49","guid":{"rendered":"https:\/\/www.clubtalleres.com.ar\/?p=206845"},"modified":"2026-03-06T22:11:49","modified_gmt":"2026-03-06T22:11:49","slug":"dario-herrera-sera-el-arbitro-ante-instituto","status":"publish","type":"post","link":"https:\/\/economiapoliticacba.com\/?p=48454","title":{"rendered":"Dario Herrera ser\u00e1 el \u00e1rbitro ante Instituto"},"content":{"rendered":"<div><img src=\"http:\/\/economiapoliticacba.com\/wp-content\/uploads\/2026\/03\/dario-herrera-sera-el-arbitro-ante-instituto.png\" class=\"ff-og-image-inserted\"><\/div>\n<p>El partido entre Talleres e Instituto se disputar\u00e1 el jueves 12 de marzo a las 19.15 hs en el Estadio Mario Alberto Kempes, en el marco de la Fecha 10 del Torneo Apertura Mercado Libre 2026.<\/p>\n<p>De acuerdo a lo informado oficialmente, el equipo arbitral que controlar\u00e1 las acciones cuando se enfrenten el Matador y la Gloria estar\u00e1 integrado por:<\/p>\n<p><strong>\u00c1rbitro: <\/strong>Dar\u00edo Herrera<br \/><strong>\u00c1rbitro asistente 1: <\/strong>Cristian Navarro<br \/><strong>\u00c1rbitro asistente 2<\/strong>: Maximiliano Castelli<br \/><strong>Cuarto \u00e1rbitro: <\/strong>Andr\u00e9s Gariano<br \/><strong>VAR:<\/strong> Jorge Bali\u00f1o<br \/><strong>AVAR:<\/strong> Lucas Comesa\u00f1a<\/p>\n<p>Dario Herrera tiene 41 a\u00f1os y naci\u00f3 el 24 de febrero de 1985 en Andacollo, Neuqu\u00e9n. En total dirigi\u00f3 a Talleres en 26 ocasiones a lo largo de su trayectoria. El historial de estos partidos muestra un balance equilibrado, con 12 victorias para el conjunto cordob\u00e9s, 5 empates y 9 derrotas.<\/p>\n<p>La \u00faltima vez que Herrera se present\u00f3 como juez principal en un partido de Talleres, fue en el encuentro del 14 de febrero contra Gimnasia de Mendoza. En el kempes, Talleres gan\u00f3 2 a 1 con goles de Valentin D\u00e1vila. <\/p>\n<p>Por otra parte, al equipo de Alta C\u00f3rdoba lo arbitr\u00f3 en 10 ocasiones en total, 3 victorias, 4 derrotas y 3 empates. El \u00faltimo partido de Instituto arbitrado por Herrera fue el 3 de mayo del a\u00f1o pasado con victoria del rojo y blanco justamente ante El Matador.<\/p>\n","protected":false},"excerpt":{"rendered":"<p>El partido entre Talleres e Instituto se disputar\u00e1 el jueves 12 de marzo a las 19.15 hs en el Estadio Mario Alberto Kempes, en el marco de la Fecha 10 del Torneo Apertura Mercado Libre 2026. De acuerdo a lo informado oficialmente, el equipo arbitral que controlar\u00e1 las acciones cuando se enfrenten el Matador y [&hellip;]<\/p>\n","protected":false},"author":1,"featured_media":48455,"comment_status":"closed","ping_status":"closed","sticky":false,"template":"","format":"standard","meta":{"om_disable_all_campaigns":false,"_monsterinsights_skip_tracking":false,"_monsterinsights_sitenote_active":false,"_monsterinsights_sitenote_note":"","_monsterinsights_sitenote_category":0},"categories":[16],"tags":[],"aioseo_notices":[],"_links":{"self":[{"href":"https:\/\/economiapoliticacba.com\/index.php?rest_route=\/wp\/v2\/posts\/48454"}],"collection":[{"href":"https:\/\/economiapoliticacba.com\/index.php?rest_route=\/wp\/v2\/posts"}],"about":[{"href":"https:\/\/economiapoliticacba.com\/index.php?rest_route=\/wp\/v2\/types\/post"}],"author":[{"embeddable":true,"href":"https:\/\/economiapoliticacba.com\/index.php?rest_route=\/wp\/v2\/users\/1"}],"replies":[{"embeddable":true,"href":"https:\/\/economiapoliticacba.com\/index.php?rest_route=%2Fwp%2Fv2%2Fcomments&post=48454"}],"version-history":[{"count":0,"href":"https:\/\/economiapoliticacba.com\/index.php?rest_route=\/wp\/v2\/posts\/48454\/revisions"}],"wp:featuredmedia":[{"embeddable":true,"href":"https:\/\/economiapoliticacba.com\/index.php?rest_route=\/wp\/v2\/media\/48455"}],"wp:attachment":[{"href":"https:\/\/economiapoliticacba.com\/index.php?rest_route=%2Fwp%2Fv2%2Fmedia&parent=48454"}],"wp:term":[{"taxonomy":"category","embeddable":true,"href":"https:\/\/economiapoliticacba.com\/index.php?rest_route=%2Fwp%2Fv2%2Fcategories&post=48454"},{"taxonomy":"post_tag","embeddable":true,"href":"https:\/\/economiapoliticacba.com\/index.php?rest_route=%2Fwp%2Fv2%2Ftags&post=48454"}],"curies":[{"name":"wp","href":"https:\/\/api.w.org\/{rel}","templated":true}]}}