{"id":48444,"date":"2026-03-07T06:05:00","date_gmt":"2026-03-07T06:05:00","guid":{"rendered":"https:\/\/canalshowsport.com.ar\/?p=38237"},"modified":"2026-03-07T06:05:00","modified_gmt":"2026-03-07T06:05:00","slug":"franco-colapinto-supero-la-q1-y-largara-16o-en-el-gp-de-australia","status":"publish","type":"post","link":"https:\/\/economiapoliticacba.com\/?p=48444","title":{"rendered":"Franco Colapinto super\u00f3 la Q1 y largar\u00e1 16\u00ba en el GP de Australia"},"content":{"rendered":"<div><img src=\"http:\/\/economiapoliticacba.com\/wp-content\/uploads\/2026\/03\/franco-colapinto-supero-la-q1-y-largara-16o-en-el-gp-de-australia.jpg\" class=\"ff-og-image-inserted\"><\/div>\n<div class=\"single-excerpt\" readability=\"7\">\n<p>El piloto argentino no super\u00f3 su ritmo y buscar\u00e1 completar su primera carrera del a\u00f1o.<\/p>\n<\/div>\n<p>Luego de tres sesiones de pr\u00e1ctica donde el argentino sum\u00f3 vueltas sin accidentes, logr\u00f3 clasificar a la Q2 en la qualy y se mantuvo en el decimosexto puesto. De esta manera, este domingo largar\u00e1 desde ese lugar de la parrilla en la primera jornada de la temporada. <\/p>\n<p>Una de las grandes novedades de la clasificaci\u00f3n fue el accidente que sufri\u00f3 el ex campe\u00f3n del mundo, Max Verstappen. El Red Bull del holand\u00e9s tuvo un desperfecto en la primera curva del circuito y lo margin\u00f3 de la etapa. Como consecuencia, largar\u00e1 en el puesto 20. <\/p>\n<p>En cuanto a la dupla de la escuder\u00eda francesa, Alpine, un aspecto positivo a favor del argentino es que no result\u00f3 con mucha diferencia entre ambos pilotos. <strong>Colapinto clasific\u00f3 16\u00ba<\/strong>, mientras que <strong>Gasly 14\u00ba<\/strong>, con una <strong>diferencia de 0.769 segundos<\/strong>. <\/p>\n<p>Ahora, los mec\u00e1nicos de <strong>Alpine<\/strong> deber\u00e1n ultimar los detalles para mantener el monoplaza en las mejores condiciones posibles para la carrera. La misma dar\u00e1 comienzo a la 01 de este domingo. <\/p>\n<p class=\"has-medium-font-size\"><strong>As\u00ed fue el accidente de Max Verstappen<\/strong><\/p>\n<blockquote class=\"twitter-tweet\" data-media-max-width=\"560\" readability=\"7.340625\">\n<p lang=\"es\" dir=\"ltr\">\u00a1AS\u00cd FUE EL TREMENDO CHOQUE DE VERSTAPPEN! El Red Bull de Max se bloque\u00f3 en la parte trasera, se fue directo contra el muro y qued\u00f3 OUT en la Q1. Termin\u00f3 muy dolorido en sus manos.<\/p>\n<p>\ud83d\udcfa <a href=\"https:\/\/twitter.com\/hashtag\/AusGP?src=hash&amp;ref_src=twsrc%5Etfw\" rel=\"noopener\">#AusGP<\/a> | Toda la temporada de <a href=\"https:\/\/twitter.com\/hashtag\/F1?src=hash&amp;ref_src=twsrc%5Etfw\" rel=\"noopener\">#F1<\/a> por <a href=\"https:\/\/twitter.com\/hashtag\/DisneyPlus?src=hash&amp;ref_src=twsrc%5Etfw\" rel=\"noopener\">#DisneyPlus<\/a> Plan Premium <a href=\"https:\/\/t.co\/6rBjr9MT6j\">pic.twitter.com\/6rBjr9MT6j<\/a><\/p>\n<p>\u2014 SportsCenter (@SC_ESPN) <a href=\"https:\/\/twitter.com\/SC_ESPN\/status\/2030151547632378281?ref_src=twsrc%5Etfw\" rel=\"noopener\">March 7, 2026<\/a><\/p><\/blockquote>\n","protected":false},"excerpt":{"rendered":"<p>El piloto argentino no super\u00f3 su ritmo y buscar\u00e1 completar su primera carrera del a\u00f1o. Luego de tres sesiones de pr\u00e1ctica donde el argentino sum\u00f3 vueltas sin accidentes, logr\u00f3 clasificar a la Q2 en la qualy y se mantuvo en el decimosexto puesto. De esta manera, este domingo largar\u00e1 desde ese lugar de la parrilla [&hellip;]<\/p>\n","protected":false},"author":1,"featured_media":48445,"comment_status":"closed","ping_status":"closed","sticky":false,"template":"","format":"standard","meta":{"om_disable_all_campaigns":false,"_monsterinsights_skip_tracking":false,"_monsterinsights_sitenote_active":false,"_monsterinsights_sitenote_note":"","_monsterinsights_sitenote_category":0},"categories":[16],"tags":[125,302,716,1026,2319],"aioseo_notices":[],"_links":{"self":[{"href":"https:\/\/economiapoliticacba.com\/index.php?rest_route=\/wp\/v2\/posts\/48444"}],"collection":[{"href":"https:\/\/economiapoliticacba.com\/index.php?rest_route=\/wp\/v2\/posts"}],"about":[{"href":"https:\/\/economiapoliticacba.com\/index.php?rest_route=\/wp\/v2\/types\/post"}],"author":[{"embeddable":true,"href":"https:\/\/economiapoliticacba.com\/index.php?rest_route=\/wp\/v2\/users\/1"}],"replies":[{"embeddable":true,"href":"https:\/\/economiapoliticacba.com\/index.php?rest_route=%2Fwp%2Fv2%2Fcomments&post=48444"}],"version-history":[{"count":0,"href":"https:\/\/economiapoliticacba.com\/index.php?rest_route=\/wp\/v2\/posts\/48444\/revisions"}],"wp:featuredmedia":[{"embeddable":true,"href":"https:\/\/economiapoliticacba.com\/index.php?rest_route=\/wp\/v2\/media\/48445"}],"wp:attachment":[{"href":"https:\/\/economiapoliticacba.com\/index.php?rest_route=%2Fwp%2Fv2%2Fmedia&parent=48444"}],"wp:term":[{"taxonomy":"category","embeddable":true,"href":"https:\/\/economiapoliticacba.com\/index.php?rest_route=%2Fwp%2Fv2%2Fcategories&post=48444"},{"taxonomy":"post_tag","embeddable":true,"href":"https:\/\/economiapoliticacba.com\/index.php?rest_route=%2Fwp%2Fv2%2Ftags&post=48444"}],"curies":[{"name":"wp","href":"https:\/\/api.w.org\/{rel}","templated":true}]}}