{"id":48430,"date":"2026-03-06T16:54:33","date_gmt":"2026-03-06T16:54:33","guid":{"rendered":"https:\/\/canalshowsport.com.ar\/?p=38048"},"modified":"2026-03-06T16:54:33","modified_gmt":"2026-03-06T16:54:33","slug":"taxistas-marchan-por-el-centro-de-cordoba-y-reclaman-controles-a-choferes-de-apps","status":"publish","type":"post","link":"https:\/\/economiapoliticacba.com\/?p=48430","title":{"rendered":"Taxistas marchan por el centro de C\u00f3rdoba y reclaman controles a choferes de apps"},"content":{"rendered":"<div class=\"single-excerpt\" readability=\"7\">\n<p>Protesta de taxistas complica tr\u00e1nsito y servicios en terminal y aeropuerto.<\/p>\n<\/div>\n<p><strong>Taxistas de C\u00f3rdoba realizan este viernes una protesta con movilizaciones por el centro de la ciudad en reclamo de mayores controles municipales a los conductores de aplicaciones de transporte<\/strong>. La medida comenz\u00f3 a media ma\u00f1ana y gener\u00f3 complicaciones en distintos puntos clave de la capital.<\/p>\n<p><strong>Como parte de la protesta, los choferes advirtieron que el servicio se ver\u00e1 resentido especialmente en la Terminal de \u00d3mnibus y en el Aeropuerto&nbsp;<\/strong>Internacional Ingeniero Ambrosio Taravella, donde habitualmente operan numerosos taxis durante el d\u00eda.<\/p>\n<p>Ante la concentraci\u00f3n de veh\u00edculos y manifestantes,&nbsp;<strong>la Polic\u00eda despleg\u00f3 un operativo de seguridad en las inmediaciones del Palacio Municipal para prevenir incidentes y ordenar el tr\u00e1nsito en la zona.<\/strong><\/p>\n<div class=\"wp-block-media-text is-stacked-on-mobile\" readability=\"0\">\n<figure class=\"wp-block-media-text__media\"><img loading=\"lazy\" decoding=\"async\" width=\"800\" height=\"450\" src=\"http:\/\/economiapoliticacba.com\/wp-content\/uploads\/2026\/03\/taxistas-marchan-por-el-centro-de-cordoba-y-reclaman-controles-a-choferes-de-apps.jpg\" alt class=\"wp-image-38051 size-full\" srcset=\"http:\/\/economiapoliticacba.com\/wp-content\/uploads\/2026\/03\/taxistas-marchan-por-el-centro-de-cordoba-y-reclaman-controles-a-choferes-de-apps.jpg 800w, http:\/\/economiapoliticacba.com\/wp-content\/uploads\/2026\/03\/taxistas-marchan-por-el-centro-de-cordoba-y-reclaman-controles-a-choferes-de-apps-1.jpg 768w, http:\/\/economiapoliticacba.com\/wp-content\/uploads\/2026\/03\/taxistas-marchan-por-el-centro-de-cordoba-y-reclaman-controles-a-choferes-de-apps-2.jpg 24w, http:\/\/economiapoliticacba.com\/wp-content\/uploads\/2026\/03\/taxistas-marchan-por-el-centro-de-cordoba-y-reclaman-controles-a-choferes-de-apps-3.jpg 36w, http:\/\/economiapoliticacba.com\/wp-content\/uploads\/2026\/03\/taxistas-marchan-por-el-centro-de-cordoba-y-reclaman-controles-a-choferes-de-apps-4.jpg 48w, http:\/\/economiapoliticacba.com\/wp-content\/uploads\/2026\/03\/taxistas-marchan-por-el-centro-de-cordoba-y-reclaman-controles-a-choferes-de-apps-5.jpg 750w\" sizes=\"(max-width: 800px) 100vw, 800px\"><\/figure>\n<\/div>\n","protected":false},"excerpt":{"rendered":"<p>Protesta de taxistas complica tr\u00e1nsito y servicios en terminal y aeropuerto. Taxistas de C\u00f3rdoba realizan este viernes una protesta con movilizaciones por el centro de la ciudad en reclamo de mayores controles municipales a los conductores de aplicaciones de transporte. La medida comenz\u00f3 a media ma\u00f1ana y gener\u00f3 complicaciones en distintos puntos clave de la [&hellip;]<\/p>\n","protected":false},"author":1,"featured_media":48431,"comment_status":"closed","ping_status":"closed","sticky":false,"template":"","format":"standard","meta":{"om_disable_all_campaigns":false,"_monsterinsights_skip_tracking":false,"_monsterinsights_sitenote_active":false,"_monsterinsights_sitenote_note":"","_monsterinsights_sitenote_category":0},"categories":[16],"tags":[3231,27,279,3232],"aioseo_notices":[],"_links":{"self":[{"href":"https:\/\/economiapoliticacba.com\/index.php?rest_route=\/wp\/v2\/posts\/48430"}],"collection":[{"href":"https:\/\/economiapoliticacba.com\/index.php?rest_route=\/wp\/v2\/posts"}],"about":[{"href":"https:\/\/economiapoliticacba.com\/index.php?rest_route=\/wp\/v2\/types\/post"}],"author":[{"embeddable":true,"href":"https:\/\/economiapoliticacba.com\/index.php?rest_route=\/wp\/v2\/users\/1"}],"replies":[{"embeddable":true,"href":"https:\/\/economiapoliticacba.com\/index.php?rest_route=%2Fwp%2Fv2%2Fcomments&post=48430"}],"version-history":[{"count":0,"href":"https:\/\/economiapoliticacba.com\/index.php?rest_route=\/wp\/v2\/posts\/48430\/revisions"}],"wp:featuredmedia":[{"embeddable":true,"href":"https:\/\/economiapoliticacba.com\/index.php?rest_route=\/wp\/v2\/media\/48431"}],"wp:attachment":[{"href":"https:\/\/economiapoliticacba.com\/index.php?rest_route=%2Fwp%2Fv2%2Fmedia&parent=48430"}],"wp:term":[{"taxonomy":"category","embeddable":true,"href":"https:\/\/economiapoliticacba.com\/index.php?rest_route=%2Fwp%2Fv2%2Fcategories&post=48430"},{"taxonomy":"post_tag","embeddable":true,"href":"https:\/\/economiapoliticacba.com\/index.php?rest_route=%2Fwp%2Fv2%2Ftags&post=48430"}],"curies":[{"name":"wp","href":"https:\/\/api.w.org\/{rel}","templated":true}]}}