{"id":48415,"date":"2026-03-06T14:35:01","date_gmt":"2026-03-06T14:35:01","guid":{"rendered":"https:\/\/www.clubtalleres.com.ar\/?p=206519"},"modified":"2026-03-06T14:35:01","modified_gmt":"2026-03-06T14:35:01","slug":"a-un-ano-de-la-segunda-estrella-talleres-el-unico-protagonista-de-cordoba","status":"publish","type":"post","link":"https:\/\/economiapoliticacba.com\/?p=48415","title":{"rendered":"A un a\u00f1o de la Segunda Estrella: Talleres, el \u00fanico protagonista de C\u00f3rdoba"},"content":{"rendered":"<div class=\"elementor-widget-container\" readability=\"25\">\n<p>Durante toda la jornada, una gran cantidad de personas se acercaron al estadio para ser parte. Hinchas de todas las edades recorrieron el vestuario, que se transform\u00f3 en una verdadera m\u00e1quina del tiempo para recordar el camino hacia la conquista de la Supercopa Internacional.<\/p>\n<figure class=\"wp-block-image size-large\"><img loading=\"lazy\" fetchpriority=\"high\" decoding=\"async\" width=\"1024\" height=\"681\" src=\"http:\/\/economiapoliticacba.com\/wp-content\/uploads\/2026\/03\/a-un-ano-de-la-segunda-estrella-talleres-el-unico-protagonista-de-cordoba.jpg\" alt class=\"wp-image-206527\" srcset=\"http:\/\/economiapoliticacba.com\/wp-content\/uploads\/2026\/03\/a-un-ano-de-la-segunda-estrella-talleres-el-unico-protagonista-de-cordoba.jpg 1024w, http:\/\/economiapoliticacba.com\/wp-content\/uploads\/2026\/03\/a-un-ano-de-la-segunda-estrella-talleres-el-unico-protagonista-de-cordoba-5.jpg 300w, http:\/\/economiapoliticacba.com\/wp-content\/uploads\/2026\/03\/a-un-ano-de-la-segunda-estrella-talleres-el-unico-protagonista-de-cordoba-6.jpg 768w, http:\/\/economiapoliticacba.com\/wp-content\/uploads\/2026\/03\/a-un-ano-de-la-segunda-estrella-talleres-el-unico-protagonista-de-cordoba-7.jpg 1536w, http:\/\/economiapoliticacba.com\/wp-content\/uploads\/2026\/03\/a-un-ano-de-la-segunda-estrella-talleres-el-unico-protagonista-de-cordoba-8.jpg 2048w, http:\/\/economiapoliticacba.com\/wp-content\/uploads\/2026\/03\/a-un-ano-de-la-segunda-estrella-talleres-el-unico-protagonista-de-cordoba-9.jpg 600w\" sizes=\"(max-width: 1024px) 100vw, 1024px\"><\/figure>\n<p>El recorrido invitaba a revivir cada instante de aquella final hist\u00f3rica. En el lugar se exhibieron las camisetas utilizadas por los protagonistas de esa noche, im\u00e1genes de las jugadas m\u00e1s recordadas y registros de la extensa y emocionante tanda de penales que termin\u00f3 consagrando a Talleres campe\u00f3n ante River Plate. Cada detalle ayudaba a reconstruir el clima de esa jornada inolvidable para la familia albiazul.<\/p>\n<figure class=\"wp-block-image size-large\"><img loading=\"lazy\" decoding=\"async\" width=\"1024\" height=\"681\" src=\"http:\/\/economiapoliticacba.com\/wp-content\/uploads\/2026\/03\/a-un-ano-de-la-segunda-estrella-talleres-el-unico-protagonista-de-cordoba-1.jpg\" alt class=\"wp-image-206528\" srcset=\"http:\/\/economiapoliticacba.com\/wp-content\/uploads\/2026\/03\/a-un-ano-de-la-segunda-estrella-talleres-el-unico-protagonista-de-cordoba-1.jpg 1024w, http:\/\/economiapoliticacba.com\/wp-content\/uploads\/2026\/03\/a-un-ano-de-la-segunda-estrella-talleres-el-unico-protagonista-de-cordoba-10.jpg 300w, http:\/\/economiapoliticacba.com\/wp-content\/uploads\/2026\/03\/a-un-ano-de-la-segunda-estrella-talleres-el-unico-protagonista-de-cordoba-11.jpg 768w, http:\/\/economiapoliticacba.com\/wp-content\/uploads\/2026\/03\/a-un-ano-de-la-segunda-estrella-talleres-el-unico-protagonista-de-cordoba-12.jpg 1536w, http:\/\/economiapoliticacba.com\/wp-content\/uploads\/2026\/03\/a-un-ano-de-la-segunda-estrella-talleres-el-unico-protagonista-de-cordoba-13.jpg 2048w, http:\/\/economiapoliticacba.com\/wp-content\/uploads\/2026\/03\/a-un-ano-de-la-segunda-estrella-talleres-el-unico-protagonista-de-cordoba-14.jpg 600w\" sizes=\"(max-width: 1024px) 100vw, 1024px\"><\/figure>\n<p>En el centro del sal\u00f3n, como la gran protagonista, se encontraba la Copa. All\u00ed, cientos de hinchas aprovecharon para acercarse, contemplarla de cerca y sacarse una foto con el trofeo que simboliza uno de los logros m\u00e1s importantes del Club. Grandes y chicos compartieron ese momento especial, llev\u00e1ndose un recuerdo \u00fanico de una jornada cargada de emoci\u00f3n.<\/p>\n<figure class=\"wp-block-image size-large\"><img loading=\"lazy\" decoding=\"async\" width=\"1024\" height=\"681\" src=\"http:\/\/economiapoliticacba.com\/wp-content\/uploads\/2026\/03\/a-un-ano-de-la-segunda-estrella-talleres-el-unico-protagonista-de-cordoba-2.jpg\" alt class=\"wp-image-206529\" srcset=\"http:\/\/economiapoliticacba.com\/wp-content\/uploads\/2026\/03\/a-un-ano-de-la-segunda-estrella-talleres-el-unico-protagonista-de-cordoba-2.jpg 1024w, http:\/\/economiapoliticacba.com\/wp-content\/uploads\/2026\/03\/a-un-ano-de-la-segunda-estrella-talleres-el-unico-protagonista-de-cordoba-15.jpg 300w, http:\/\/economiapoliticacba.com\/wp-content\/uploads\/2026\/03\/a-un-ano-de-la-segunda-estrella-talleres-el-unico-protagonista-de-cordoba-16.jpg 768w, http:\/\/economiapoliticacba.com\/wp-content\/uploads\/2026\/03\/a-un-ano-de-la-segunda-estrella-talleres-el-unico-protagonista-de-cordoba-17.jpg 1536w, http:\/\/economiapoliticacba.com\/wp-content\/uploads\/2026\/03\/a-un-ano-de-la-segunda-estrella-talleres-el-unico-protagonista-de-cordoba-18.jpg 2048w, http:\/\/economiapoliticacba.com\/wp-content\/uploads\/2026\/03\/a-un-ano-de-la-segunda-estrella-talleres-el-unico-protagonista-de-cordoba-19.jpg 600w\" sizes=\"(max-width: 1024px) 100vw, 1024px\"><\/figure>\n<p>La celebraci\u00f3n tambi\u00e9n tuvo un momento muy especial cuando algunos de los protagonistas de aquella consagraci\u00f3n se acercaron a La Boutique para saludar a los hinchas. Los campeones se sumaron a las fotos con los simpatizantes, generando un clima de cercan\u00eda que volvi\u00f3 a unir a los jugadores con la gente que los acompa\u00f1\u00f3 en cada paso de ese camino.<\/p>\n<figure class=\"wp-block-image size-large\"><img loading=\"lazy\" decoding=\"async\" width=\"1024\" height=\"681\" src=\"http:\/\/economiapoliticacba.com\/wp-content\/uploads\/2026\/03\/a-un-ano-de-la-segunda-estrella-talleres-el-unico-protagonista-de-cordoba-3.jpg\" alt class=\"wp-image-206530\" srcset=\"http:\/\/economiapoliticacba.com\/wp-content\/uploads\/2026\/03\/a-un-ano-de-la-segunda-estrella-talleres-el-unico-protagonista-de-cordoba-3.jpg 1024w, http:\/\/economiapoliticacba.com\/wp-content\/uploads\/2026\/03\/a-un-ano-de-la-segunda-estrella-talleres-el-unico-protagonista-de-cordoba-20.jpg 300w, http:\/\/economiapoliticacba.com\/wp-content\/uploads\/2026\/03\/a-un-ano-de-la-segunda-estrella-talleres-el-unico-protagonista-de-cordoba-21.jpg 768w, http:\/\/economiapoliticacba.com\/wp-content\/uploads\/2026\/03\/a-un-ano-de-la-segunda-estrella-talleres-el-unico-protagonista-de-cordoba-22.jpg 1536w, http:\/\/economiapoliticacba.com\/wp-content\/uploads\/2026\/03\/a-un-ano-de-la-segunda-estrella-talleres-el-unico-protagonista-de-cordoba-23.jpg 2048w, http:\/\/economiapoliticacba.com\/wp-content\/uploads\/2026\/03\/a-un-ano-de-la-segunda-estrella-talleres-el-unico-protagonista-de-cordoba-24.jpg 600w\" sizes=\"(max-width: 1024px) 100vw, 1024px\"><\/figure>\n<p>Como cierre de la jornada, el presidente Andr\u00e9s Fassi, se acerc\u00f3 al Estadio de Barrio Jard\u00edn para compartir unas palabras con los jugadores presentes y con toda la familia albiazul. En un breve encuentro, record\u00f3 los momentos m\u00e1s significativos del camino que llev\u00f3 al Club a la consagraci\u00f3n en Paraguay el a\u00f1o pasado, destacando el compromiso, la uni\u00f3n del grupo y el acompa\u00f1amiento permanente de los hinchas en aquella hist\u00f3rica conquista.<\/p>\n<figure class=\"wp-block-image size-large\"><img loading=\"lazy\" decoding=\"async\" width=\"1024\" height=\"681\" src=\"http:\/\/economiapoliticacba.com\/wp-content\/uploads\/2026\/03\/a-un-ano-de-la-segunda-estrella-talleres-el-unico-protagonista-de-cordoba-4.jpg\" alt class=\"wp-image-206532\" srcset=\"http:\/\/economiapoliticacba.com\/wp-content\/uploads\/2026\/03\/a-un-ano-de-la-segunda-estrella-talleres-el-unico-protagonista-de-cordoba-4.jpg 1024w, http:\/\/economiapoliticacba.com\/wp-content\/uploads\/2026\/03\/a-un-ano-de-la-segunda-estrella-talleres-el-unico-protagonista-de-cordoba-25.jpg 300w, http:\/\/economiapoliticacba.com\/wp-content\/uploads\/2026\/03\/a-un-ano-de-la-segunda-estrella-talleres-el-unico-protagonista-de-cordoba-26.jpg 768w, http:\/\/economiapoliticacba.com\/wp-content\/uploads\/2026\/03\/a-un-ano-de-la-segunda-estrella-talleres-el-unico-protagonista-de-cordoba-27.jpg 1536w, http:\/\/economiapoliticacba.com\/wp-content\/uploads\/2026\/03\/a-un-ano-de-la-segunda-estrella-talleres-el-unico-protagonista-de-cordoba-28.jpg 2048w, http:\/\/economiapoliticacba.com\/wp-content\/uploads\/2026\/03\/a-un-ano-de-la-segunda-estrella-talleres-el-unico-protagonista-de-cordoba-29.jpg 600w\" sizes=\"(max-width: 1024px) 100vw, 1024px\"><\/figure>\n<p>Entre recuerdos, emociones y sonrisas, la jornada permiti\u00f3 volver por un instante a esa noche m\u00e1gica que marc\u00f3 la historia del Club. Un encuentro para recordar, compartir y celebrar juntos un logro que sigue vivo en la memoria de todo el pueblo albiazul.<\/p>\n<\/p><\/div>\n","protected":false},"excerpt":{"rendered":"<p>Durante toda la jornada, una gran cantidad de personas se acercaron al estadio para ser parte. Hinchas de todas las edades recorrieron el vestuario, que se transform\u00f3 en una verdadera m\u00e1quina del tiempo para recordar el camino hacia la conquista de la Supercopa Internacional. El recorrido invitaba a revivir cada instante de aquella final hist\u00f3rica. [&hellip;]<\/p>\n","protected":false},"author":1,"featured_media":48416,"comment_status":"closed","ping_status":"closed","sticky":false,"template":"","format":"standard","meta":{"om_disable_all_campaigns":false,"_monsterinsights_skip_tracking":false,"_monsterinsights_sitenote_active":false,"_monsterinsights_sitenote_note":"","_monsterinsights_sitenote_category":0},"categories":[16],"tags":[],"aioseo_notices":[],"_links":{"self":[{"href":"https:\/\/economiapoliticacba.com\/index.php?rest_route=\/wp\/v2\/posts\/48415"}],"collection":[{"href":"https:\/\/economiapoliticacba.com\/index.php?rest_route=\/wp\/v2\/posts"}],"about":[{"href":"https:\/\/economiapoliticacba.com\/index.php?rest_route=\/wp\/v2\/types\/post"}],"author":[{"embeddable":true,"href":"https:\/\/economiapoliticacba.com\/index.php?rest_route=\/wp\/v2\/users\/1"}],"replies":[{"embeddable":true,"href":"https:\/\/economiapoliticacba.com\/index.php?rest_route=%2Fwp%2Fv2%2Fcomments&post=48415"}],"version-history":[{"count":0,"href":"https:\/\/economiapoliticacba.com\/index.php?rest_route=\/wp\/v2\/posts\/48415\/revisions"}],"wp:featuredmedia":[{"embeddable":true,"href":"https:\/\/economiapoliticacba.com\/index.php?rest_route=\/wp\/v2\/media\/48416"}],"wp:attachment":[{"href":"https:\/\/economiapoliticacba.com\/index.php?rest_route=%2Fwp%2Fv2%2Fmedia&parent=48415"}],"wp:term":[{"taxonomy":"category","embeddable":true,"href":"https:\/\/economiapoliticacba.com\/index.php?rest_route=%2Fwp%2Fv2%2Fcategories&post=48415"},{"taxonomy":"post_tag","embeddable":true,"href":"https:\/\/economiapoliticacba.com\/index.php?rest_route=%2Fwp%2Fv2%2Ftags&post=48415"}],"curies":[{"name":"wp","href":"https:\/\/api.w.org\/{rel}","templated":true}]}}