{"id":48382,"date":"2026-03-05T18:53:57","date_gmt":"2026-03-05T18:53:57","guid":{"rendered":"https:\/\/canalshowsport.com.ar\/?p=37831"},"modified":"2026-03-05T18:53:57","modified_gmt":"2026-03-05T18:53:57","slug":"condenada-por-falsa-denuncia-de-violacion-recibio-tres-anos-de-prision-en-suspenso","status":"publish","type":"post","link":"https:\/\/economiapoliticacba.com\/?p=48382","title":{"rendered":"Condenada por falsa denuncia de violaci\u00f3n: recibi\u00f3 tres a\u00f1os de prisi\u00f3n en suspenso"},"content":{"rendered":"<div class=\"single-excerpt\" readability=\"7\">\n<p>La Justicia comprob\u00f3 que la acusaci\u00f3n era falsa tras analizar videos.<\/p>\n<\/div>\n<p><strong>La Justicia conden\u00f3 a Fiorella Damiani a tres a\u00f1os de prisi\u00f3n en suspenso por falso testimonio agravado, luego de comprobarse que denunci\u00f3 falsamente a dos hombres por violaci\u00f3n en 2017.<\/strong>&nbsp;Al tratarse de una pena de ejecuci\u00f3n condicional, la mujer no deber\u00e1 cumplir prisi\u00f3n efectiva.<\/p>\n<p>El caso se origin\u00f3 tras una fiesta en la localidad bonaerense de Punta Alta, donde Damiani acus\u00f3 a dos j\u00f3venes de haber abusado sexualmente de ella sin consentimiento.&nbsp;<strong>La denuncia deriv\u00f3 en una investigaci\u00f3n judicial para determinar lo ocurrido esa noche.<\/strong><\/p>\n<p><strong>Durante el proceso se incorporaron videos grabados en el lugar que, seg\u00fan el fallo judicial, demostraron que la relaci\u00f3n entre las partes fue consentida.<\/strong>&nbsp;A partir de esas pruebas, la acusaci\u00f3n contra los dos hombres qued\u00f3 desestimada.&nbsp;<strong>Tras descartarse el delito denunciado, la Justicia inici\u00f3 una causa contra Damiani por falsa denuncia. El tribunal consider\u00f3 acreditado que el relato presentado en la denuncia no se correspond\u00eda con los hechos.<\/strong><\/p>\n<p><strong>El fallo fue dictado por el juez Claudio Guti\u00e9rrez, del Tribunal Oral en lo Criminal, quien adem\u00e1s dispuso una inhabilitaci\u00f3n especial por seis a\u00f1os para declarar como testigo y reglas de conducta por tres a\u00f1os.<\/strong>&nbsp;Uno de los j\u00f3venes involucrados afirm\u00f3 en Cadena 3 Rosario que, pese a la condena, \u201cla Justicia no fue ejemplar\u201d al no disponer prisi\u00f3n efectiva.<\/p>\n<hr class=\"wp-block-separator has-alpha-channel-opacity\">\n<p>Segu\u00ed leyendo:<\/p>\n<div class=\"wp-block-media-text is-stacked-on-mobile\" readability=\"0\">\n<figure class=\"wp-block-media-text__media\"><img loading=\"lazy\" decoding=\"async\" width=\"1980\" height=\"1275\" src=\"http:\/\/economiapoliticacba.com\/wp-content\/uploads\/2026\/03\/condenada-por-falsa-denuncia-de-violacion-recibio-tres-anos-de-prision-en-suspenso.jpg\" alt class=\"wp-image-37834 size-full\" srcset=\"http:\/\/economiapoliticacba.com\/wp-content\/uploads\/2026\/03\/condenada-por-falsa-denuncia-de-violacion-recibio-tres-anos-de-prision-en-suspenso.jpg 1980w, http:\/\/economiapoliticacba.com\/wp-content\/uploads\/2026\/03\/condenada-por-falsa-denuncia-de-violacion-recibio-tres-anos-de-prision-en-suspenso-1.jpg 768w, http:\/\/economiapoliticacba.com\/wp-content\/uploads\/2026\/03\/condenada-por-falsa-denuncia-de-violacion-recibio-tres-anos-de-prision-en-suspenso-2.jpg 1536w, http:\/\/economiapoliticacba.com\/wp-content\/uploads\/2026\/03\/condenada-por-falsa-denuncia-de-violacion-recibio-tres-anos-de-prision-en-suspenso-3.jpg 24w, http:\/\/economiapoliticacba.com\/wp-content\/uploads\/2026\/03\/condenada-por-falsa-denuncia-de-violacion-recibio-tres-anos-de-prision-en-suspenso-4.jpg 36w, http:\/\/economiapoliticacba.com\/wp-content\/uploads\/2026\/03\/condenada-por-falsa-denuncia-de-violacion-recibio-tres-anos-de-prision-en-suspenso-5.jpg 48w, http:\/\/economiapoliticacba.com\/wp-content\/uploads\/2026\/03\/condenada-por-falsa-denuncia-de-violacion-recibio-tres-anos-de-prision-en-suspenso-6.jpg 750w, http:\/\/economiapoliticacba.com\/wp-content\/uploads\/2026\/03\/condenada-por-falsa-denuncia-de-violacion-recibio-tres-anos-de-prision-en-suspenso-7.jpg 1140w\" sizes=\"(max-width: 1980px) 100vw, 1980px\"><\/figure>\n<\/div>\n","protected":false},"excerpt":{"rendered":"<p>La Justicia comprob\u00f3 que la acusaci\u00f3n era falsa tras analizar videos. La Justicia conden\u00f3 a Fiorella Damiani a tres a\u00f1os de prisi\u00f3n en suspenso por falso testimonio agravado, luego de comprobarse que denunci\u00f3 falsamente a dos hombres por violaci\u00f3n en 2017.&nbsp;Al tratarse de una pena de ejecuci\u00f3n condicional, la mujer no deber\u00e1 cumplir prisi\u00f3n efectiva. [&hellip;]<\/p>\n","protected":false},"author":1,"featured_media":48383,"comment_status":"closed","ping_status":"closed","sticky":false,"template":"","format":"standard","meta":{"om_disable_all_campaigns":false,"_monsterinsights_skip_tracking":false,"_monsterinsights_sitenote_active":false,"_monsterinsights_sitenote_note":"","_monsterinsights_sitenote_category":0},"categories":[16],"tags":[27,3227,1318,3228,3229],"aioseo_notices":[],"_links":{"self":[{"href":"https:\/\/economiapoliticacba.com\/index.php?rest_route=\/wp\/v2\/posts\/48382"}],"collection":[{"href":"https:\/\/economiapoliticacba.com\/index.php?rest_route=\/wp\/v2\/posts"}],"about":[{"href":"https:\/\/economiapoliticacba.com\/index.php?rest_route=\/wp\/v2\/types\/post"}],"author":[{"embeddable":true,"href":"https:\/\/economiapoliticacba.com\/index.php?rest_route=\/wp\/v2\/users\/1"}],"replies":[{"embeddable":true,"href":"https:\/\/economiapoliticacba.com\/index.php?rest_route=%2Fwp%2Fv2%2Fcomments&post=48382"}],"version-history":[{"count":0,"href":"https:\/\/economiapoliticacba.com\/index.php?rest_route=\/wp\/v2\/posts\/48382\/revisions"}],"wp:featuredmedia":[{"embeddable":true,"href":"https:\/\/economiapoliticacba.com\/index.php?rest_route=\/wp\/v2\/media\/48383"}],"wp:attachment":[{"href":"https:\/\/economiapoliticacba.com\/index.php?rest_route=%2Fwp%2Fv2%2Fmedia&parent=48382"}],"wp:term":[{"taxonomy":"category","embeddable":true,"href":"https:\/\/economiapoliticacba.com\/index.php?rest_route=%2Fwp%2Fv2%2Fcategories&post=48382"},{"taxonomy":"post_tag","embeddable":true,"href":"https:\/\/economiapoliticacba.com\/index.php?rest_route=%2Fwp%2Fv2%2Ftags&post=48382"}],"curies":[{"name":"wp","href":"https:\/\/api.w.org\/{rel}","templated":true}]}}