{"id":48375,"date":"2026-03-05T14:30:00","date_gmt":"2026-03-05T14:30:00","guid":{"rendered":"https:\/\/www.iprofesional.com\/politica\/449464-javier-milei-ve-su-gran-oportunidad-para-ir-a-fondo-en-su-alianza-con-donald-trump"},"modified":"2026-03-05T14:30:00","modified_gmt":"2026-03-05T14:30:00","slug":"milei-ve-la-crisis-en-iran-como-oportunidad-de-afianzar-alianza-con-trump-mas-alla-de-lo-comercial","status":"publish","type":"post","link":"https:\/\/economiapoliticacba.com\/?p=48375","title":{"rendered":"Milei ve la crisis en Ir\u00e1n como oportunidad de afianzar alianza con Trump m\u00e1s all\u00e1 de lo comercial"},"content":{"rendered":"<div><img src=\"https:\/\/resizer.iproimg.com\/unsafe\/1280x720\/filters:format(webp):quality(75):max_bytes(102400)\/assets.iprofesional.com\/assets\/jpg\/2026\/03\/612612_landscape.jpg\" class=\"ff-og-image-inserted\"><\/div>\n<p>Para <strong>Javier Milei<\/strong>, en este momento hay un tema m\u00e1s importante que<a href=\"https:\/\/www.iprofesional.com\/economia\/449240-que-opina-caputo-sobre-como-la-guerra-en-medio-oriente-podria-repercutir-en-argentina\" target=\"_blank\" rel=\"noopener noreferrer\"> la fluctuaci\u00f3n del precio del petr\u00f3leo<\/a>: <span>quiere asegurarse que Argentina se encuentre al tope de la lista de pa\u00edses que quedan como aliados de &#8220;los ganadores&#8221; en el conflicto de Medio Oriente.<\/span><\/p>\n<p>Y los hechos de las \u00faltimas horas terminaron de convencerlo de que su pol\u00edtica externa de alineamiento incondicional con Estados Unidos es el camino correcto. <a href=\"https:\/\/www.iprofesional.com\/actualidad\/449356-donald-trump-rompe-lazos-comerciales-con-espana-por-negarse-a-que-use-sus-bases-contra-iran\" target=\"_blank\" rel=\"noopener noreferrer\">Prueba de ello es la situaci\u00f3n de Espa\u00f1a<\/a>, un miembro de la Uni\u00f3n Europea que <strong>forma parte de la OTAN <\/strong>y tiene bases militares de la alianza occidental, sufri\u00f3 la &#8220;proscripci\u00f3n comercial&#8221; por parte de<strong> Donald Trump<\/strong>, irritado por la negativa del presidente <strong>Pedro S\u00e1nchez<\/strong> a colaborar con las fuerzas militares estadounidenses.<\/p>\n<p>Esa reacci\u00f3n no hizo m\u00e1s que confirmar que <strong>toda la agenda bilateral <\/strong>entre la Casa Rosada y Washington podr\u00eda s\u00fabitamente<strong> entrar en un &#8220;freezer&#8221;<\/strong> si el gobierno argentino no hiciera una d<strong>emostraci\u00f3n expl\u00edcita de apoyo<\/strong>. Y en esa agenda est\u00e1 incluido, por ejemplo, el tratado de preferencia comercial por el cual se quintuplicar\u00e1 la exportaci\u00f3n de carne al mercado estadounidense, as\u00ed como la llegada de inversiones para miner\u00eda y el sector tecnol\u00f3gico.<\/p>\n<p>No por casualidad, cuando ante un auditorio de empresarios le preguntaron, <strong>Toto Caputo<\/strong>, si le entusiasmaba la posibilidad de poder aumentar la exportaci\u00f3n proyectada tras la suba en la cotizaci\u00f3n del petr\u00f3leo, el ministro de Econom\u00eda relativiz\u00f3 la importancia de esos datos, a los que consider\u00f3 parte de una fluctuaci\u00f3n de corto plazo.<\/p>\n<p>Y tambi\u00e9n desestim\u00f3, como una situaci\u00f3n pasajera, el s\u00fabito<strong> aumento en el \u00edndice de riesgo pa\u00eds argentino<\/strong>, que encarece el ya de por s\u00ed elevado costo financiero para el Tesoro nacional.<\/p>\n<p><span>En cambio, se mostr\u00f3 mucho m\u00e1s preocupado por el alineamiento geopol\u00edtico y se pregunt\u00f3 qu\u00e9 ocurrir\u00eda si, en vez de haber mostrado desde el inicio una alianza con EE.UU. e Israel, se mantuviera cercano a Venezuela e Ir\u00e1n<\/span>. Era, naturalmente, una alusi\u00f3n a la pol\u00edtica del anterior gobierno, que enfri\u00f3 el v\u00ednculo con Washington al tiempo que <strong>Alberto Fern\u00e1ndez<\/strong>, en v\u00edsperas de la invasi\u00f3n rusa a Ucrania, le dijo a <strong>Vladimir Putin <\/strong>que Argentina podr\u00eda transformarse en &#8220;la puerta de entrada a la regi\u00f3n&#8221; para Rusia.<\/p>\n<h2>\u00bfUn seguro contra las crisis?<\/h2>\n<p>En definitiva, lo que el gobierno de Milei concluye es que,<strong> si se diera una volatilidad de precios<\/strong> que perjudicase a Argentina -como ocurri\u00f3 <strong>con la importaci\u00f3n de gas en la guerra de Ucrania<\/strong>, o como podr\u00eda ocurrir si se encarecieran excesivamente los insumos agr\u00edcolas derivados del petr\u00f3leo-, siempre estar\u00eda a mano la posibilidad de <strong>una ayuda econ\u00f3mica de Estados Unidos<\/strong>.<\/p>\n<p>El propio presidente lo mencion\u00f3 <a href=\"https:\/\/www.iprofesional.com\/economia\/449188-javier-milei-anuncia-una-nueva-etapa-y-tiene-en-la-mira-a-la-vieja-industria\" target=\"_blank\" rel=\"noopener noreferrer\">en su discurso de apertura del a\u00f1o legislativo<\/a>. Algo opacado por el intercambio de &#8220;chicanas&#8221; con la bancada kirchnerista, hubo una porci\u00f3n del discurso en la que reconoci\u00f3 expl\u00edcitamente que ni el acuerdo de marzo del a\u00f1o pasado con el<strong> Fondo Monetario Internacional<\/strong> ni el salvataje para <strong>evitar una crisis devaluatoria<\/strong> en septiembre ni el <strong>acuerdo comercial<\/strong> podr\u00eda haberse logrado si no fuera por su afinidad con Trump.<\/p>\n<p>Y el propio presidente de EE.UU., en una conferencia de prensa, destac\u00f3 c\u00f3mo los gobiernos &#8220;amigos&#8221; hab\u00edan logrado buenos resultados en la econom\u00eda.<span> Lleg\u00f3 al punto de atribuirse el m\u00e9rito de la remontada de Milei en la elecci\u00f3n legislativa, luego de haber sufrido una derrota en la provincia de Buenos Aires.<\/span><\/p>\n<p>El d\u00eda de su discurso ante el Congreso, el pedido de Milei para que esa alianza con Estados Unidos <strong>fuera duradera y no dependiera de la afinidad personal de dos presidentes <\/strong>fue rechazado con los cl\u00e1sicos ep\u00edtetos &#8220;anti yankee&#8221; de parte de los legisladores del kirchnerismo y de la izquierda.<\/p>\n<p>Pero si algo demostr\u00f3 la \u00faltima elecci\u00f3n es que ese voto ideol\u00f3gico basado en el discurso anti-imperialista ya no tiene el efecto de otros tiempos. En la campa\u00f1a, <strong>Cristina Kirchner<\/strong> reflot\u00f3 el viejo eslogan electoral de 1946 \u2013&#8221;Braden o Per\u00f3n&#8221;, en alusi\u00f3n al entonces embajador estadounidense- que le permiti\u00f3 la primera victoria a Juan Domingo Per\u00f3n. Y plante\u00f3 que <strong>la nueva disyuntiva era &#8220;Trump o Per\u00f3n&#8221;.<\/strong><\/p>\n<p><span>&#8220;Algunos pretenden volver a los tiempos en los que la soberan\u00eda argentina se decid\u00eda en una embajada&#8221;, chicane\u00f3 la l\u00edder kirchnerista, quien calific\u00f3 a Milei como &#8220;el empleado del mes de Donald Trump&#8221;.&nbsp;<\/span>Pero el argumento nacionalista s\u00f3lo lleg\u00f3 al n\u00facleo duro de peronistas veteranos que mantienen el lenguaje &#8220;setentista&#8221;, y que son los que apoyan la agenda de combatir a las inversiones extranjeras en la miner\u00eda y la energ\u00eda.<\/p>\n<p>Para la generaci\u00f3n joven, en cambio, esa apelaci\u00f3n no dice mucho: habituada a consumir la cultura estadounidense, a la que ve como un aspiracional de estilo de vida, no se sinti\u00f3 interpelada por el discurso anti-norteamericano.<\/p>\n<p>En cambio, <strong>en EE.UU. s\u00ed se utiliza el t\u00e9rmino &#8220;peronista&#8221;<\/strong> ya no s\u00f3lo como alusi\u00f3n a un movimiento pol\u00edtico argentino sino a cualquier postura populista. El momento m\u00e1s evidente de ello ocurri\u00f3 cuando el secretario del Tesoro, <strong>Scott Bessent,<\/strong> para descalificar a la senadora<strong> Elizabeth Warren<\/strong>, del partido Dem\u00f3crata, <a href=\"https:\/\/www.iprofesional.com\/economia\/440640-el-electorado-dejo-de-confiar-en-el-peronismo-para-que-le-mejore-su-situacion-economica\" target=\"_blank\" rel=\"noopener noreferrer\">la llam\u00f3 &#8220;American Peronist&#8221;.<\/a> Y no fue necesario aclarar qu\u00e9 significaba esa frase: el p\u00fablico norteamericano interpret\u00f3 que Bessent estaba acusando a sus rivales de irresponsabilidad fiscal en el debate presupuestario.<\/p>\n<h2>La &#8220;Argentina Week&#8221;, en un momento clave<\/h2>\n<p>Milei tendr\u00e1 <strong>una nueva oportunidad<\/strong> para mostrar en el terreno su alineamiento total con Trump. Con inmejorable &#8220;timing&#8221; diplom\u00e1tico, <a href=\"https:\/\/www.iprofesional.com\/actualidad\/446821-javier-milei-estara-en-la-apertura-de-la-argentina-week-que-es\" target=\"_blank\" rel=\"noopener noreferrer\">la semana pr\u00f3xima se realiza la &#8220;Argentina Week&#8221; <\/a>en Nueva York.<\/p>\n<p>Se trata de una serie de eventos y conferencias en los que el presidente, junto a una comitiva de funcionarios y empresarios mostrar\u00e1n las ventajas que el pa\u00eds ofrece a los inversores, sobre todo en las \u00e1reas de petr\u00f3leo, gas, miner\u00eda, agricultura y econom\u00eda del conocimiento.<\/p>\n<p>Adem\u00e1s de la abundancia de los recursos naturales, el gobierno <strong>mostrar\u00e1 sus recientes victorias pol\u00edticas<\/strong> en el plano regulatorio. <span>Por ejemplo, la aprobaci\u00f3n en el Senado del nuevo r\u00e9gimen para la zona de glaciares en la Patagonia, que permite la explotaci\u00f3n minera sin que surjan impedimentos judiciales de \u00edndole ambientalista.<\/span><\/p>\n<p>&#8220;La Argentina ya es un pa\u00eds invertible y continuar\u00e1 profundizando ese proceso. Quienes ingresen en esta etapa inicial podr\u00e1n capturar oportunidades diferenciales en sectores con alto potencial de crecimiento y escala&#8221;, escribi\u00f3<strong> Alec Oxenford<\/strong>, el embajador argentino en Washington, en un comunicado que confirmaba la asistencia de ejecutivos de empresas de primera l\u00ednea. Entusiasmado por la respuesta de los invitados, el embajador dijo que se<strong> hab\u00eda agotado la capacidad de las salas<\/strong> donde hablar\u00e1n Milei, Toto Caputo, Federico Sturzenegger y tambi\u00e9n empresarios argentinos.<\/p>\n<h2>M\u00e1s all\u00e1 del comercio, la geopol\u00edtica<\/h2>\n<p>La eficacia de este tipo de eventos como im\u00e1n de inversiones est\u00e1 por verse, pero el impacto en t\u00e9rminos geopol\u00edticos es indudable: mientras otros pa\u00edses de la regi\u00f3n son criticados y hasta castigados en el plano comercial, Milei vuelve a dar fe de su sinton\u00eda. A esta altura, d<a href=\"https:\/\/www.iprofesional.com\/politica\/439526-video-donald-trump-recibio-a-javier-milei-casa-blanca-washington\" target=\"_blank\" rel=\"noopener noreferrer\">espu\u00e9s de haber estado presente en la Casa Blanca<\/a>, en la residencia presidencial de Mar a Lago y en los foros conservadores realizados en Washington y en Silicon Valley, ya el presidente argentino se transform\u00f3 en una figura conocida para los medios de prensa estadounidense.<\/p>\n<p>En realidad, el objetivo de Milei es que la Argentina Week <strong>trascienda su naturaleza comercial<\/strong> y financiera para que adquiera<strong> un cariz geopol\u00edtico<\/strong>.<\/p>\n<p><span><span>&#8220;La Argentina ya dej\u00f3 pasar dos veces el tren de la historia. En la Segunda Guerra Mundial, nuestra neutralidad nos cost\u00f3 d\u00e9cadas de marginalidad; con el \u2018No al ALCA\u2019 nos quedamos afuera del mayor ciclo de expansi\u00f3n econ\u00f3mica en la historia humana&#8221;<\/span>, record\u00f3 el presidente en su discurso ante el Congreso. <\/span><\/p>\n<p><span>Desde su punto de vista, se est\u00e1 reconfigurando el mapa mundial con una disputa entre las potencias por <strong>consolidar &#8220;cadenas de integraci\u00f3n verticales&#8221;<\/strong>. Y afirma que Argentina tiene como punto a favor su ubicaci\u00f3n geogr\u00e1fica estrat\u00e9gica, con <strong>salida a los dos oc\u00e9anos <\/strong>y presencia en la Ant\u00e1rtida.<\/span><\/p>\n<p><span>Por eso, en un contexto de conflictividad mundial, Milei quiere destacar que <strong>su alineamiento pasar\u00e1 tambi\u00e9n al \u00e1rea de la defensa.<\/strong> En ese sentido, destac\u00f3 la adquisici\u00f3n de los nuevos aviones F-16 como parte de esa pol\u00edtica.<\/span><span>&nbsp;<\/span><\/p>\n<h2><span>\u00bfUna Groenlandia del Sur?<\/span><\/h2>\n<p><span><span>&#8220;El Atl\u00e1ntico Sur es el terreno de disputa estrat\u00e9gica de las pr\u00f3ximas d\u00e9cadas: rutas comerciales, recursos naturales, soberan\u00eda mar\u00edtima y la presencia creciente de actores que no comparten nuestros valores. Quien lo controle, controlar\u00e1 una parte clave del trabajo global. Argentina tiene que ser ese actor<\/span>&#8220;, fue la definici\u00f3n de Milei.<\/span><\/p>\n<p><span>Para sus cr\u00edticos, el presidente est\u00e1 por dar un paso que podr\u00eda calificar como cesi\u00f3n de soberan\u00eda, al dar cada vez <strong>m\u00e1s injerencia al gobierno estadounidense<\/strong> en la zona austral. El \u00faltimo hecho pol\u00e9mico fue <a href=\"https:\/\/www.iprofesional.com\/negocios\/447458-interes-de-ee-uu-en-ushuaia-base-naval-integrada-visita-de-legisladores-y-geopolitica\" target=\"_blank\" rel=\"noopener noreferrer\">el aterrizaje sorpresivo en Ushuaia de un avi\u00f3n del ministerio de defensa estadounidense<\/a>, que tra\u00eda una comitiva de legisladores. La explicaci\u00f3n oficial era que los norteamericanos ven\u00edan a conocer in situ los yacimientos de los llamados &#8220;minerales cr\u00edticos&#8221;, aunque la oposici\u00f3n denunci\u00f3 que se trataba de un paso m\u00e1s en <strong>la instalaci\u00f3n de una base militar conjunta <\/strong>en Tierra del Fuego.<\/span><\/p>\n<p><span>Es por eso que aumentaron las especulaciones respecto de que los estrategas de Trump est\u00e9n pensando en<strong> una &#8220;Groenlandia del Sur&#8221;<\/strong>, como parte de la pol\u00edtica de defensa estadounidense.<\/span><\/p>\n","protected":false},"excerpt":{"rendered":"<p>Para Javier Milei, en este momento hay un tema m\u00e1s importante que la fluctuaci\u00f3n del precio del petr\u00f3leo: quiere asegurarse que Argentina se encuentre al tope de la lista de pa\u00edses que quedan como aliados de &#8220;los ganadores&#8221; en el conflicto de Medio Oriente. Y los hechos de las \u00faltimas horas terminaron de convencerlo de [&hellip;]<\/p>\n","protected":false},"author":1,"featured_media":0,"comment_status":"closed","ping_status":"closed","sticky":false,"template":"","format":"standard","meta":{"om_disable_all_campaigns":false,"_monsterinsights_skip_tracking":false,"_monsterinsights_sitenote_active":false,"_monsterinsights_sitenote_note":"","_monsterinsights_sitenote_category":0},"categories":[17],"tags":[],"aioseo_notices":[],"_links":{"self":[{"href":"https:\/\/economiapoliticacba.com\/index.php?rest_route=\/wp\/v2\/posts\/48375"}],"collection":[{"href":"https:\/\/economiapoliticacba.com\/index.php?rest_route=\/wp\/v2\/posts"}],"about":[{"href":"https:\/\/economiapoliticacba.com\/index.php?rest_route=\/wp\/v2\/types\/post"}],"author":[{"embeddable":true,"href":"https:\/\/economiapoliticacba.com\/index.php?rest_route=\/wp\/v2\/users\/1"}],"replies":[{"embeddable":true,"href":"https:\/\/economiapoliticacba.com\/index.php?rest_route=%2Fwp%2Fv2%2Fcomments&post=48375"}],"version-history":[{"count":0,"href":"https:\/\/economiapoliticacba.com\/index.php?rest_route=\/wp\/v2\/posts\/48375\/revisions"}],"wp:attachment":[{"href":"https:\/\/economiapoliticacba.com\/index.php?rest_route=%2Fwp%2Fv2%2Fmedia&parent=48375"}],"wp:term":[{"taxonomy":"category","embeddable":true,"href":"https:\/\/economiapoliticacba.com\/index.php?rest_route=%2Fwp%2Fv2%2Fcategories&post=48375"},{"taxonomy":"post_tag","embeddable":true,"href":"https:\/\/economiapoliticacba.com\/index.php?rest_route=%2Fwp%2Fv2%2Ftags&post=48375"}],"curies":[{"name":"wp","href":"https:\/\/api.w.org\/{rel}","templated":true}]}}