{"id":48371,"date":"2026-03-05T13:22:00","date_gmt":"2026-03-05T13:22:00","guid":{"rendered":"https:\/\/economiapoliticacba.com\/?p=48371"},"modified":"2026-03-05T13:22:00","modified_gmt":"2026-03-05T13:22:00","slug":"rappallini-presidente-de-la-uia-vemos-con-preocupacion-que-se-abra-la-economia","status":"publish","type":"post","link":"https:\/\/economiapoliticacba.com\/?p=48371","title":{"rendered":"Rappallini, presidente de la UIA: &#8220;Vemos con preocupaci\u00f3n que se abra la econom\u00eda&#8221;"},"content":{"rendered":"<p>El presidente de la <a href=\"https:\/\/eleconomista.com.ar\/tags\/union-industrial-argentina-t4742\" target=\"_blank\" rel=\"noopener\"><strong>Uni\u00f3n Industrial Argentina (UIA),<\/strong><\/a> <strong>Mart\u00edn Rappallini<\/strong>, descart\u00f3 confrontar con el presidente <strong>Javier Milei<\/strong> tras las cr\u00edticas que el mandatario formul\u00f3 al sector en la apertura de sesiones ordinarias del Congreso. En cambio, el dirigente empresario pidi\u00f3 <strong>di\u00e1logo con el Gobierno<\/strong> para atravesar la nueva etapa econ\u00f3mica que enfrenta el pa\u00eds.<\/p>\n<p>En declaraciones a Radio Rivadavia, Rappallini sostuvo que <strong>&#8220;hay que empezar a mirar y entender m\u00e1s al sector empresario que genera empleo&#8221;<\/strong> y que est\u00e1 haciendo un esfuerzo importante para adaptarse al nuevo contexto econ\u00f3mico.&nbsp;<\/p>\n<ul>\n<li>Seg\u00fan plante\u00f3, el empresariado tendr\u00e1 un rol central en el desarrollo productivo del pa\u00eds.<\/li>\n<\/ul>\n<p>El titular de la UIA evit\u00f3 polemizar con el Presidente y remarc\u00f3 que la prioridad es <strong>construir un clima de cooperaci\u00f3n con el Gobierno<\/strong>. &#8220;Hay que trabajar con di\u00e1logo para que la mayor cantidad de empresas sean parte de esta etapa&#8221;, afirm\u00f3, y destac\u00f3 adem\u00e1s la relaci\u00f3n que mantiene con los ministros <strong>Catriel Tonutti<\/strong> (Industria) y <strong>Luis Caputo<\/strong> (Econom\u00eda).<\/p>\n<p>Rappallini tambi\u00e9n record\u00f3 el comunicado difundido por la entidad industrial bajo el t\u00edtulo <strong>&#8220;Sin industria no hay naci\u00f3n&#8221;<\/strong>, donde se plante\u00f3 la necesidad de corregir distorsiones estructurales que afectan a la actividad productiva, entre ellas <strong>la presi\u00f3n fiscal, los problemas laborales y el alto costo del financiamiento<\/strong> que enfrentan las empresas.<\/p>\n<p>Finalmente, el dirigente insisti\u00f3 en que <strong>la confianza es clave para atraer inversiones<\/strong> y sostuvo que cuestionar al sector productivo no contribuye al crecimiento. &#8220;Argentina necesita recuperar la confianza y generar un clima empresario adecuado. <strong>La inversi\u00f3n es el gran desaf\u00edo que tenemos por delante<\/strong>&#8220;, concluy\u00f3.<\/p>\n<div class=\"rela\">\n<div class=\"pic\"> <a href=\"https:\/\/eleconomista.com.ar\/economia\/los-peajes-disparan-telepase-costo-puede-duplicarse-n93118\" title=\"Los peajes se disparan y sin TelePASE el costo puede duplicarse\"><img src=\"http:\/\/economiapoliticacba.com\/wp-content\/uploads\/2026\/03\/rappallini-presidente-de-la-uia-vemos-con-preocupacion-que-se-abra-la-economia.webp\" alt=\"Los peajes se disparan y sin TelePASE el costo puede duplicarse\" loading=\"lazy\"><\/a> <\/div><\/div>\n<h2><strong>&#8220;Vemos con preocupaci\u00f3n que se abra la econom\u00eda&#8221;<\/strong><\/h2>\n<p>El jefe de la UIA reiter\u00f3 que &#8220;la discusi\u00f3n es el tipo de integraci\u00f3n al mundo. Nuestra preocupaci\u00f3n es que seguimos conviviendo con las distorsiones del pasado. No fue el sector privado el que las creo. Fuimos sobrevivientes de un sistema que cre\u00f3 las distorsiones en la econom\u00eda&#8221;.<\/p>\n<p>&#8220;En la transici\u00f3n <strong>vemos con preocupaci\u00f3n que se abra la econom\u00eda sin trabajar en corregirlas las distorsiones<\/strong>. Sino la apertura es un atajo para disciplinar los precios de la econom\u00eda y no se toman las medidas para que las empresas locales puedan adoptarse a ese desaf\u00edo&#8221;, a\u00f1adi\u00f3.<\/p>\n<p>Rappallini afirm\u00f3 que &#8220;la transici\u00f3n es un proceso complejo y lo que nos queda es trabajar para que el entramado industrial pueda ser parte de una Argentina integrada al mundo&#8221;.&nbsp;<\/p>\n<div class=\"rela\">\n<div class=\"pic\"> <a href=\"https:\/\/eleconomista.com.ar\/economia\/la-gente-tiene-seguir-vendiendo-dolares-empresarios-enojan-porque-les-duele-bolsillo-n93116\" title=\"&quot;La gente tiene que seguir vendiendo los d\u00f3lares y los empresarios se enojan porque les duele el bolsillo&quot;\"><img src=\"http:\/\/economiapoliticacba.com\/wp-content\/uploads\/2026\/03\/rappallini-presidente-de-la-uia-vemos-con-preocupacion-que-se-abra-la-economia-1.webp\" alt=\"&quot;La gente tiene que seguir vendiendo los d\u00f3lares y los empresarios se enojan porque les duele el bolsillo&quot;\" loading=\"lazy\"><\/a> <\/div><\/div>\n<div class=\"rela\">\n<div class=\"pic\"> <a href=\"https:\/\/eleconomista.com.ar\/economia\/empleadas-domesticas-nuevo-aumento-bono-cuanto-cobran-hora-marzo-2026-n93115\" title=\"Empleadas dom\u00e9sticas con nuevo aumento y bono: cu\u00e1nto cobran por hora en marzo 2026\"><img src=\"http:\/\/economiapoliticacba.com\/wp-content\/uploads\/2026\/03\/rappallini-presidente-de-la-uia-vemos-con-preocupacion-que-se-abra-la-economia-2.webp\" alt=\"Empleadas dom\u00e9sticas con nuevo aumento y bono: cu\u00e1nto cobran por hora en marzo 2026\" loading=\"lazy\"><\/a> <\/div><\/div>\n","protected":false},"excerpt":{"rendered":"<p>El presidente de la Uni\u00f3n Industrial Argentina (UIA), Mart\u00edn Rappallini, descart\u00f3 confrontar con el presidente Javier Milei tras las cr\u00edticas que el mandatario formul\u00f3 al sector en la apertura de sesiones ordinarias del Congreso. En cambio, el dirigente empresario pidi\u00f3 di\u00e1logo con el Gobierno para atravesar la nueva etapa econ\u00f3mica que enfrenta el pa\u00eds. En [&hellip;]<\/p>\n","protected":false},"author":1,"featured_media":48372,"comment_status":"closed","ping_status":"closed","sticky":false,"template":"","format":"standard","meta":{"om_disable_all_campaigns":false,"_monsterinsights_skip_tracking":false,"_monsterinsights_sitenote_active":false,"_monsterinsights_sitenote_note":"","_monsterinsights_sitenote_category":0},"categories":[17],"tags":[],"aioseo_notices":[],"_links":{"self":[{"href":"https:\/\/economiapoliticacba.com\/index.php?rest_route=\/wp\/v2\/posts\/48371"}],"collection":[{"href":"https:\/\/economiapoliticacba.com\/index.php?rest_route=\/wp\/v2\/posts"}],"about":[{"href":"https:\/\/economiapoliticacba.com\/index.php?rest_route=\/wp\/v2\/types\/post"}],"author":[{"embeddable":true,"href":"https:\/\/economiapoliticacba.com\/index.php?rest_route=\/wp\/v2\/users\/1"}],"replies":[{"embeddable":true,"href":"https:\/\/economiapoliticacba.com\/index.php?rest_route=%2Fwp%2Fv2%2Fcomments&post=48371"}],"version-history":[{"count":0,"href":"https:\/\/economiapoliticacba.com\/index.php?rest_route=\/wp\/v2\/posts\/48371\/revisions"}],"wp:featuredmedia":[{"embeddable":true,"href":"https:\/\/economiapoliticacba.com\/index.php?rest_route=\/wp\/v2\/media\/48372"}],"wp:attachment":[{"href":"https:\/\/economiapoliticacba.com\/index.php?rest_route=%2Fwp%2Fv2%2Fmedia&parent=48371"}],"wp:term":[{"taxonomy":"category","embeddable":true,"href":"https:\/\/economiapoliticacba.com\/index.php?rest_route=%2Fwp%2Fv2%2Fcategories&post=48371"},{"taxonomy":"post_tag","embeddable":true,"href":"https:\/\/economiapoliticacba.com\/index.php?rest_route=%2Fwp%2Fv2%2Ftags&post=48371"}],"curies":[{"name":"wp","href":"https:\/\/api.w.org\/{rel}","templated":true}]}}